{"id":932,"date":"2017-10-23T17:55:28","date_gmt":"2017-10-23T15:55:28","guid":{"rendered":"http:\/\/ecole.ac-nice.fr\/valbonne\/matgarbejaire\/?p=932"},"modified":"2017-10-27T17:56:00","modified_gmt":"2017-10-27T15:56:00","slug":"bilan-periode-1","status":"publish","type":"post","link":"https:\/\/ecole.ac-nice.fr\/valbonne\/matgarbejaire\/blog\/2017\/10\/23\/bilan-periode-1\/","title":{"rendered":"Bilan p\u00e9riode 1"},"content":{"rendered":"<h2>P\u00e9riode 1 en classe de Grande Section 6<\/h2>\n<p>Durant les mois de septembre et octobre, notre classe a travaill\u00e9 tout d&rsquo;abord sur le th\u00e8me incontournable de la rentr\u00e9e (voir ci-dessous\u00a0 le r\u00e9seau d&rsquo;albums li\u00e9s \u00e0 ce th\u00e8me), puis sur le th\u00e8me de l&rsquo;alphabet.<\/p>\n<p style=\"text-align: center\"><img loading=\"lazy\" decoding=\"async\" class=\"alignnone wp-image-997\" src=\"http:\/\/ecole.ac-nice.fr\/valbonne\/matgarbejaire\/wp-content\/uploads\/sites\/6\/2017\/10\/Projet1-300x225.jpg\" alt=\"\" width=\"580\" height=\"435\" srcset=\"https:\/\/ecole.ac-nice.fr\/valbonne\/matgarbejaire\/wp-content\/uploads\/sites\/6\/2017\/10\/Projet1-300x225.jpg 300w, https:\/\/ecole.ac-nice.fr\/valbonne\/matgarbejaire\/wp-content\/uploads\/sites\/6\/2017\/10\/Projet1-768x576.jpg 768w, https:\/\/ecole.ac-nice.fr\/valbonne\/matgarbejaire\/wp-content\/uploads\/sites\/6\/2017\/10\/Projet1.jpg 800w\" sizes=\"auto, (max-width: 580px) 100vw, 580px\" \/><\/p>\n<p>Le projet sur l&rsquo;alphabet se poursuivra durant une partie du mois de novembre de part son importance pour tout le reste de l&rsquo;ann\u00e9e de grande section.<\/p>\n<p>A travers ces th\u00e8mes nous avons r\u00e9alis\u00e9s un grand nombres d&rsquo;activit\u00e9s dans les domaines du langage (oral ou \u00e9crit), de la connaissance du nombre ou de l&rsquo;exploration du monde.<\/p>\n<p>En parall\u00e8le nous sommes entr\u00e9s dans le domaine des arts plastiques par la d\u00e9coration des cahiers de vie et des porte-manteaux des \u00e9l\u00e8ves (voir article <a href=\"https:\/\/ecole.ac-nice.fr\/valbonne\/matgarbejaire\/blog\/2017\/10\/01\/arts-plastiques-1\/\">Arts plastiques(1)<\/a>), avant de nous lancer dans la construction d&rsquo;un mobile monumental fa\u00e7on Calder (voir article <a href=\"https:\/\/ecole.ac-nice.fr\/valbonne\/matgarbejaire\/blog\/2017\/10\/10\/arts-plastiques-2\/\">Arts plastiques(2)<\/a>)<\/p>\n<p style=\"text-align: center\"><img loading=\"lazy\" decoding=\"async\" class=\"alignnone size-medium wp-image-833\" src=\"http:\/\/ecole.ac-nice.fr\/valbonne\/matgarbejaire\/wp-content\/uploads\/sites\/6\/2017\/10\/Cahier2-232x300.jpg\" alt=\"\" width=\"232\" height=\"300\" srcset=\"https:\/\/ecole.ac-nice.fr\/valbonne\/matgarbejaire\/wp-content\/uploads\/sites\/6\/2017\/10\/Cahier2-232x300.jpg 232w, https:\/\/ecole.ac-nice.fr\/valbonne\/matgarbejaire\/wp-content\/uploads\/sites\/6\/2017\/10\/Cahier2.jpg 481w\" sizes=\"auto, (max-width: 232px) 100vw, 232px\" \/> <img loading=\"lazy\" decoding=\"async\" class=\"alignnone wp-image-809\" src=\"http:\/\/ecole.ac-nice.fr\/valbonne\/matgarbejaire\/wp-content\/uploads\/sites\/6\/2017\/09\/Portemanteau4-300x249.jpg\" alt=\"\" width=\"250\" height=\"208\" srcset=\"https:\/\/ecole.ac-nice.fr\/valbonne\/matgarbejaire\/wp-content\/uploads\/sites\/6\/2017\/09\/Portemanteau4-300x249.jpg 300w, https:\/\/ecole.ac-nice.fr\/valbonne\/matgarbejaire\/wp-content\/uploads\/sites\/6\/2017\/09\/Portemanteau4.jpg 553w\" sizes=\"auto, (max-width: 250px) 100vw, 250px\" \/><\/p>\n<p style=\"text-align: center\"><img loading=\"lazy\" decoding=\"async\" class=\"alignnone wp-image-872\" src=\"http:\/\/ecole.ac-nice.fr\/valbonne\/matgarbejaire\/wp-content\/uploads\/sites\/6\/2017\/10\/Calder3-300x225.jpg\" alt=\"\" width=\"500\" height=\"375\" srcset=\"https:\/\/ecole.ac-nice.fr\/valbonne\/matgarbejaire\/wp-content\/uploads\/sites\/6\/2017\/10\/Calder3-300x225.jpg 300w, https:\/\/ecole.ac-nice.fr\/valbonne\/matgarbejaire\/wp-content\/uploads\/sites\/6\/2017\/10\/Calder3-768x576.jpg 768w, https:\/\/ecole.ac-nice.fr\/valbonne\/matgarbejaire\/wp-content\/uploads\/sites\/6\/2017\/10\/Calder3.jpg 800w\" sizes=\"auto, (max-width: 500px) 100vw, 500px\" \/><\/p>\n<p>Actuellement nous nous concentrons sur une trilogie d&rsquo;oeuvre autour du pr\u00e9nom qui compl\u00e8te notre projet de classe sur le th\u00e8me de l&rsquo;alphabet (images bient\u00f4t disponibles).<\/p>\n<p>Enfin concernant les cinqui\u00e8me domaine d&rsquo;activit\u00e9s \u00e0 la maternelle, la motricit\u00e9 et les activit\u00e9s physiques, nous participons deux fois par semaine \u00e0 un parcours complet de motricit\u00e9, s\u00e9ances auxquelles s&rsquo;ajoutent une s\u00e9ance sp\u00e9cifique sur les divers types de sauts et une s\u00e9ance plus artistique sur les mouvements en rythmes, pour laquelle nous sommes accompagn\u00e9s depuis le d\u00e9but du mois d&rsquo;octobre par Nicolas Marfeuil du conservatoire de Valbonne.<\/p>\n<p style=\"text-align: center\">Parcours de motricit\u00e9<\/p>\n<p style=\"text-align: center\"><img loading=\"lazy\" decoding=\"async\" class=\"alignnone wp-image-998\" src=\"http:\/\/ecole.ac-nice.fr\/valbonne\/matgarbejaire\/wp-content\/uploads\/sites\/6\/2017\/10\/Parcours2-1-300x225.jpg\" alt=\"\" width=\"550\" height=\"413\" srcset=\"https:\/\/ecole.ac-nice.fr\/valbonne\/matgarbejaire\/wp-content\/uploads\/sites\/6\/2017\/10\/Parcours2-1-300x225.jpg 300w, https:\/\/ecole.ac-nice.fr\/valbonne\/matgarbejaire\/wp-content\/uploads\/sites\/6\/2017\/10\/Parcours2-1-768x576.jpg 768w, https:\/\/ecole.ac-nice.fr\/valbonne\/matgarbejaire\/wp-content\/uploads\/sites\/6\/2017\/10\/Parcours2-1.jpg 960w\" sizes=\"auto, (max-width: 550px) 100vw, 550px\" \/><\/p>\n<p style=\"text-align: center\">Activit\u00e9s athl\u00e9tiques: les sauts<\/p>\n<p style=\"text-align: center\"><img loading=\"lazy\" decoding=\"async\" class=\"alignnone wp-image-999\" src=\"http:\/\/ecole.ac-nice.fr\/valbonne\/matgarbejaire\/wp-content\/uploads\/sites\/6\/2017\/10\/Saut1-1-300x211.jpg\" alt=\"\" width=\"500\" height=\"352\" srcset=\"https:\/\/ecole.ac-nice.fr\/valbonne\/matgarbejaire\/wp-content\/uploads\/sites\/6\/2017\/10\/Saut1-1-300x211.jpg 300w, https:\/\/ecole.ac-nice.fr\/valbonne\/matgarbejaire\/wp-content\/uploads\/sites\/6\/2017\/10\/Saut1-1.jpg 532w\" sizes=\"auto, (max-width: 500px) 100vw, 500px\" \/><\/p>\n<p style=\"text-align: center\">Bouger en rythme<\/p>\n<p style=\"text-align: center\"><img loading=\"lazy\" decoding=\"async\" class=\"alignnone wp-image-1000\" src=\"http:\/\/ecole.ac-nice.fr\/valbonne\/matgarbejaire\/wp-content\/uploads\/sites\/6\/2017\/10\/Musique1-300x225.jpg\" alt=\"\" width=\"500\" height=\"375\" srcset=\"https:\/\/ecole.ac-nice.fr\/valbonne\/matgarbejaire\/wp-content\/uploads\/sites\/6\/2017\/10\/Musique1-300x225.jpg 300w, https:\/\/ecole.ac-nice.fr\/valbonne\/matgarbejaire\/wp-content\/uploads\/sites\/6\/2017\/10\/Musique1-768x576.jpg 768w, https:\/\/ecole.ac-nice.fr\/valbonne\/matgarbejaire\/wp-content\/uploads\/sites\/6\/2017\/10\/Musique1.jpg 800w\" sizes=\"auto, (max-width: 500px) 100vw, 500px\" \/> <img loading=\"lazy\" decoding=\"async\" class=\"alignnone wp-image-1001\" src=\"http:\/\/ecole.ac-nice.fr\/valbonne\/matgarbejaire\/wp-content\/uploads\/sites\/6\/2017\/10\/Musique2-300x225.jpg\" alt=\"\" width=\"500\" height=\"375\" srcset=\"https:\/\/ecole.ac-nice.fr\/valbonne\/matgarbejaire\/wp-content\/uploads\/sites\/6\/2017\/10\/Musique2-300x225.jpg 300w, https:\/\/ecole.ac-nice.fr\/valbonne\/matgarbejaire\/wp-content\/uploads\/sites\/6\/2017\/10\/Musique2.jpg 640w\" sizes=\"auto, (max-width: 500px) 100vw, 500px\" \/><\/p>\n<p>En marge de toutes ces activit\u00e9s, nous avons \u00e9galement particip\u00e9 \u00e0 2 ateliers p\u00e2tisserie, qui nous ont permis de confectionner les g\u00e2teaux pour les anniversaires de septembre et d&rsquo;octobre<\/p>\n<p style=\"text-align: center\"><a href=\"https:\/\/ecole.ac-nice.fr\/valbonne\/matgarbejaire\/blog\/2017\/09\/29\/anniversaires-septembre\/\">Anniversaires de septembre<\/a> <em>(cliquer sur le titre)<\/em><\/p>\n<p style=\"text-align: center\"><a href=\"https:\/\/ecole.ac-nice.fr\/valbonne\/matgarbejaire\/blog\/2017\/10\/21\/anniversaires-octobre\/\">Anniversaires d&rsquo;octobre<\/a> <em>(cliquer sur le titre)<\/em><\/p>\n<p>Enfin le mardi 17 octobre nous \u00e9tions tous de sortie au cin\u00e9ma de Valbonne pour assister \u00e0 une s\u00e9ance du film &lsquo;Ma petite plan\u00e8te verte&rsquo;, une premi\u00e8re action situ\u00e9e dans le cadre de notre projet d&rsquo;\u00e9cole &lsquo;Mieux vivre ensemble en prot\u00e9geant la plan\u00e8te&rsquo; (voir article <a href=\"https:\/\/ecole.ac-nice.fr\/valbonne\/matgarbejaire\/blog\/2017\/10\/17\/lecole-au-cinema\/\">L&rsquo;\u00e9cole au cin\u00e9ma<\/a>)<\/p>\n<p style=\"text-align: center\"><img loading=\"lazy\" decoding=\"async\" class=\"alignnone wp-image-916\" src=\"http:\/\/ecole.ac-nice.fr\/valbonne\/matgarbejaire\/wp-content\/uploads\/sites\/6\/2017\/10\/gotita-2-e1508300117686.jpg\" alt=\"\" width=\"197\" height=\"178\" \/> <img loading=\"lazy\" decoding=\"async\" class=\"alignnone wp-image-918 size-full\" src=\"http:\/\/ecole.ac-nice.fr\/valbonne\/matgarbejaire\/wp-content\/uploads\/sites\/6\/2017\/10\/paola-poule-pondeuse-1.jpg\" alt=\"\" width=\"178\" height=\"178\" srcset=\"https:\/\/ecole.ac-nice.fr\/valbonne\/matgarbejaire\/wp-content\/uploads\/sites\/6\/2017\/10\/paola-poule-pondeuse-1.jpg 178w, https:\/\/ecole.ac-nice.fr\/valbonne\/matgarbejaire\/wp-content\/uploads\/sites\/6\/2017\/10\/paola-poule-pondeuse-1-150x150.jpg 150w\" sizes=\"auto, (max-width: 178px) 100vw, 178px\" \/> <img loading=\"lazy\" decoding=\"async\" class=\"alignnone size-full wp-image-921\" src=\"http:\/\/ecole.ac-nice.fr\/valbonne\/matgarbejaire\/wp-content\/uploads\/sites\/6\/2017\/10\/sandbox-1.jpg\" alt=\"\" width=\"178\" height=\"178\" srcset=\"https:\/\/ecole.ac-nice.fr\/valbonne\/matgarbejaire\/wp-content\/uploads\/sites\/6\/2017\/10\/sandbox-1.jpg 178w, https:\/\/ecole.ac-nice.fr\/valbonne\/matgarbejaire\/wp-content\/uploads\/sites\/6\/2017\/10\/sandbox-1-150x150.jpg 150w\" sizes=\"auto, (max-width: 178px) 100vw, 178px\" \/><\/p>\n<p>Ce fut donc une premi\u00e8re p\u00e9riode bien remplie, qui n\u00e9cessite un bon repos durant les vacances d&rsquo;automne&#8230; Rendez-vous en pleine forme le 6 novembre!<\/p>\n","protected":false},"excerpt":{"rendered":"<p>P\u00e9riode 1 en classe de Grande Section 6 Durant les mois de septembre et octobre, notre classe a travaill\u00e9 tout d&rsquo;abord sur le th\u00e8me incontournable de la rentr\u00e9e (voir ci-dessous\u00a0 le r\u00e9seau d&rsquo;albums li\u00e9s \u00e0 ce th\u00e8me), puis sur le th\u00e8me de l&rsquo;alphabet. Le projet sur l&rsquo;alphabet se poursuivra durant une partie du mois de &hellip; <a href=\"https:\/\/ecole.ac-nice.fr\/valbonne\/matgarbejaire\/blog\/2017\/10\/23\/bilan-periode-1\/\" class=\"more-link\">Continuer la lecture de <span class=\"screen-reader-text\">Bilan p\u00e9riode 1<\/span> <span class=\"meta-nav\">&rarr;<\/span><\/a><\/p>\n","protected":false},"author":6,"featured_media":0,"comment_status":"open","ping_status":"open","sticky":false,"template":"","format":"standard","meta":{"footnotes":""},"categories":[37],"tags":[],"class_list":["post-932","post","type-post","status-publish","format-standard","hentry","category-2017-2018"],"_links":{"self":[{"href":"https:\/\/ecole.ac-nice.fr\/valbonne\/matgarbejaire\/wp-json\/wp\/v2\/posts\/932","targetHints":{"allow":["GET"]}}],"collection":[{"href":"https:\/\/ecole.ac-nice.fr\/valbonne\/matgarbejaire\/wp-json\/wp\/v2\/posts"}],"about":[{"href":"https:\/\/ecole.ac-nice.fr\/valbonne\/matgarbejaire\/wp-json\/wp\/v2\/types\/post"}],"author":[{"embeddable":true,"href":"https:\/\/ecole.ac-nice.fr\/valbonne\/matgarbejaire\/wp-json\/wp\/v2\/users\/6"}],"replies":[{"embeddable":true,"href":"https:\/\/ecole.ac-nice.fr\/valbonne\/matgarbejaire\/wp-json\/wp\/v2\/comments?post=932"}],"version-history":[{"count":2,"href":"https:\/\/ecole.ac-nice.fr\/valbonne\/matgarbejaire\/wp-json\/wp\/v2\/posts\/932\/revisions"}],"predecessor-version":[{"id":1002,"href":"https:\/\/ecole.ac-nice.fr\/valbonne\/matgarbejaire\/wp-json\/wp\/v2\/posts\/932\/revisions\/1002"}],"wp:attachment":[{"href":"https:\/\/ecole.ac-nice.fr\/valbonne\/matgarbejaire\/wp-json\/wp\/v2\/media?parent=932"}],"wp:term":[{"taxonomy":"category","embeddable":true,"href":"https:\/\/ecole.ac-nice.fr\/valbonne\/matgarbejaire\/wp-json\/wp\/v2\/categories?post=932"},{"taxonomy":"post_tag","embeddable":true,"href":"https:\/\/ecole.ac-nice.fr\/valbonne\/matgarbejaire\/wp-json\/wp\/v2\/tags?post=932"}],"curies":[{"name":"wp","href":"https:\/\/api.w.org\/{rel}","templated":true}]}}