{"id":847,"date":"2017-10-05T19:45:37","date_gmt":"2017-10-05T17:45:37","guid":{"rendered":"http:\/\/ecole.ac-nice.fr\/valbonne\/matgarbejaire\/?p=847"},"modified":"2017-10-21T10:14:26","modified_gmt":"2017-10-21T08:14:26","slug":"05-semaine-du-2-octobre","status":"publish","type":"post","link":"https:\/\/ecole.ac-nice.fr\/valbonne\/matgarbejaire\/blog\/2017\/10\/05\/05-semaine-du-2-octobre\/","title":{"rendered":"Semaine du 2 octobre"},"content":{"rendered":"<p>Nous avons lu de nouveaux livres qui parlent de<strong><span style=\"color: #ff0000\"> co<\/span><span style=\"color: #3366ff\">ul<\/span><span style=\"color: #ff00ff\">e<\/span><span style=\"color: #00ff00\">ur<\/span><\/strong>.<\/p>\n<p><span style=\"color: #ff0000\"><strong>\u00ab\u00a0De<span style=\"color: #00ffff\"> quelle<\/span> <span style=\"color: #00ff00\">couleur<\/span> <span style=\"color: #ff9900\">est<\/span><span style=\"color: #993366\"> le<\/span><span style=\"color: #ff00ff\"> ven<span style=\"color: #99cc00\">t<\/span><\/span><span style=\"color: #99cc00\">?\u00a0\u00bb<\/span><\/strong><\/span> est un livre sp\u00e9cial qu&rsquo;on peut aussi lire avec les doigts car les pages sont en relief. Sur la couverture, il y a un mot \u00e9crit en braille, l&rsquo;\u00e9criture pour les personnes aveugles.<\/p>\n<p><img loading=\"lazy\" decoding=\"async\" class=\"alignnone wp-image-848\" src=\"http:\/\/ecole.ac-nice.fr\/valbonne\/matgarbejaire\/wp-content\/uploads\/sites\/6\/2017\/10\/La-couleur-du-vent-compresse-300x262.jpg\" alt=\"\" width=\"299\" height=\"260\" srcset=\"https:\/\/ecole.ac-nice.fr\/valbonne\/matgarbejaire\/wp-content\/uploads\/sites\/6\/2017\/10\/La-couleur-du-vent-compresse-300x262.jpg 300w, https:\/\/ecole.ac-nice.fr\/valbonne\/matgarbejaire\/wp-content\/uploads\/sites\/6\/2017\/10\/La-couleur-du-vent-compresse.jpg 500w\" sizes=\"auto, (max-width: 299px) 100vw, 299px\" \/><img loading=\"lazy\" decoding=\"async\" class=\"alignnone wp-image-849\" src=\"http:\/\/ecole.ac-nice.fr\/valbonne\/matgarbejaire\/wp-content\/uploads\/sites\/6\/2017\/10\/Une-histoire-de-cam\u00e9l\u00e9on-compresse-226x300.jpg\" alt=\"\" width=\"190\" height=\"251\" srcset=\"https:\/\/ecole.ac-nice.fr\/valbonne\/matgarbejaire\/wp-content\/uploads\/sites\/6\/2017\/10\/Une-histoire-de-cam\u00e9l\u00e9on-compresse-226x300.jpg 226w, https:\/\/ecole.ac-nice.fr\/valbonne\/matgarbejaire\/wp-content\/uploads\/sites\/6\/2017\/10\/Une-histoire-de-cam\u00e9l\u00e9on-compresse.jpg 400w\" sizes=\"auto, (max-width: 190px) 100vw, 190px\" \/><img loading=\"lazy\" decoding=\"async\" class=\"alignnone size-medium wp-image-853\" src=\"http:\/\/ecole.ac-nice.fr\/valbonne\/matgarbejaire\/wp-content\/uploads\/sites\/6\/2017\/10\/Petit-bleu-et-Petit-jaune-compresse-293x300.jpg\" alt=\"\" width=\"293\" height=\"300\" srcset=\"https:\/\/ecole.ac-nice.fr\/valbonne\/matgarbejaire\/wp-content\/uploads\/sites\/6\/2017\/10\/Petit-bleu-et-Petit-jaune-compresse-293x300.jpg 293w, https:\/\/ecole.ac-nice.fr\/valbonne\/matgarbejaire\/wp-content\/uploads\/sites\/6\/2017\/10\/Petit-bleu-et-Petit-jaune-compresse.jpg 400w\" sizes=\"auto, (max-width: 293px) 100vw, 293px\" \/><img loading=\"lazy\" decoding=\"async\" class=\"alignnone size-medium wp-image-850\" src=\"http:\/\/ecole.ac-nice.fr\/valbonne\/matgarbejaire\/wp-content\/uploads\/sites\/6\/2017\/10\/couverture-compress\u00e9e-227x300.jpg\" alt=\"\" width=\"227\" height=\"300\" srcset=\"https:\/\/ecole.ac-nice.fr\/valbonne\/matgarbejaire\/wp-content\/uploads\/sites\/6\/2017\/10\/couverture-compress\u00e9e-227x300.jpg 227w, https:\/\/ecole.ac-nice.fr\/valbonne\/matgarbejaire\/wp-content\/uploads\/sites\/6\/2017\/10\/couverture-compress\u00e9e-768x1014.jpg 768w, https:\/\/ecole.ac-nice.fr\/valbonne\/matgarbejaire\/wp-content\/uploads\/sites\/6\/2017\/10\/couverture-compress\u00e9e-776x1024.jpg 776w, https:\/\/ecole.ac-nice.fr\/valbonne\/matgarbejaire\/wp-content\/uploads\/sites\/6\/2017\/10\/couverture-compress\u00e9e.jpg 800w\" sizes=\"auto, (max-width: 227px) 100vw, 227px\" \/><\/p>\n<p>Nous avons fait la <strong><span style=\"color: #ff0000\">bataille<\/span><span style=\"color: #800080\"> des<\/span> <span style=\"color: #0000ff\">couleurs<\/span><\/strong> en peignant \u00e0 2 avec notre index:<\/p>\n<ul>\n<li>le <strong><span style=\"color: #ffff00\">jaune<\/span><\/strong> et le <strong><span style=\"color: #0000ff\">bleu<\/span><\/strong> se m\u00e9langent et font <strong><span style=\"color: #00ff00\">du vert<\/span><\/strong><\/li>\n<li>\u00a0le<strong><span style=\"color: #ffff00\"> jaune<\/span><\/strong> et le <strong><span style=\"color: #ff0000\">rouge<\/span><\/strong> se m\u00e9langent et font de l&rsquo;<span style=\"color: #ff6600\"><strong>orange<\/strong><\/span><\/li>\n<li>le <strong><span style=\"color: #0000ff\">bleu<\/span><\/strong> et le <strong><span style=\"color: #ff0000\">rouge<\/span><\/strong> se m\u00e9langent et font du <span style=\"color: #993366\"><strong>violet<\/strong><\/span><\/li>\n<li>le <span style=\"color: #000000\"><strong>noir<\/strong><\/span> et le blanc se m\u00e9langent et font du <span style=\"color: #808080\"><strong>gris<\/strong><\/span>.<img loading=\"lazy\" decoding=\"async\" class=\"alignnone wp-image-855 \" src=\"http:\/\/ecole.ac-nice.fr\/valbonne\/matgarbejaire\/wp-content\/uploads\/sites\/6\/2017\/10\/bataille-des-couleurs-e1507225127538-300x102.jpg\" alt=\"\" width=\"472\" height=\"159\" \/><\/li>\n<\/ul>\n<p>Nous avons rang\u00e9 des images par<strong> <span style=\"color: #ff6600\">nuances<\/span> <span style=\"color: #ff00ff\">de<\/span> <span style=\"color: #993366\">couleurs<\/span><\/strong>:<\/p>\n<ul>\n<li>les \u0153ufs<\/li>\n<\/ul>\n<p><img loading=\"lazy\" decoding=\"async\" class=\"alignnone wp-image-858 size-medium\" src=\"http:\/\/ecole.ac-nice.fr\/valbonne\/matgarbejaire\/wp-content\/uploads\/sites\/6\/2017\/10\/oeufs-de-couleur-e1507225255262-300x283.jpg\" alt=\"\" width=\"300\" height=\"283\" srcset=\"https:\/\/ecole.ac-nice.fr\/valbonne\/matgarbejaire\/wp-content\/uploads\/sites\/6\/2017\/10\/oeufs-de-couleur-e1507225255262-300x283.jpg 300w, https:\/\/ecole.ac-nice.fr\/valbonne\/matgarbejaire\/wp-content\/uploads\/sites\/6\/2017\/10\/oeufs-de-couleur-e1507225255262.jpg 729w\" sizes=\"auto, (max-width: 300px) 100vw, 300px\" \/><\/p>\n<ul>\n<li>les rayons du soleil des couleurs<\/li>\n<\/ul>\n<p><img loading=\"lazy\" decoding=\"async\" class=\"alignnone wp-image-859 size-medium\" src=\"http:\/\/ecole.ac-nice.fr\/valbonne\/matgarbejaire\/wp-content\/uploads\/sites\/6\/2017\/10\/soliel-des-couleurs-e1507225302294-300x244.jpg\" alt=\"\" width=\"300\" height=\"244\" srcset=\"https:\/\/ecole.ac-nice.fr\/valbonne\/matgarbejaire\/wp-content\/uploads\/sites\/6\/2017\/10\/soliel-des-couleurs-e1507225302294-300x244.jpg 300w, https:\/\/ecole.ac-nice.fr\/valbonne\/matgarbejaire\/wp-content\/uploads\/sites\/6\/2017\/10\/soliel-des-couleurs-e1507225302294-768x624.jpg 768w, https:\/\/ecole.ac-nice.fr\/valbonne\/matgarbejaire\/wp-content\/uploads\/sites\/6\/2017\/10\/soliel-des-couleurs-e1507225302294.jpg 886w\" sizes=\"auto, (max-width: 300px) 100vw, 300px\" \/><\/p>\n<p>Nous avons peint des lignes pench\u00e9es\/<strong><span style=\"color: #0000ff\">obliques<\/span><\/strong> \u00e0 la mani\u00e8re de Malevitch.<\/p>\n<p><img loading=\"lazy\" decoding=\"async\" class=\"alignnone wp-image-857 \" src=\"http:\/\/ecole.ac-nice.fr\/valbonne\/matgarbejaire\/wp-content\/uploads\/sites\/6\/2017\/10\/obliques-e1507225373772-300x103.jpg\" alt=\"\" width=\"491\" height=\"167\" srcset=\"https:\/\/ecole.ac-nice.fr\/valbonne\/matgarbejaire\/wp-content\/uploads\/sites\/6\/2017\/10\/obliques-e1507225373772-300x103.jpg 300w, https:\/\/ecole.ac-nice.fr\/valbonne\/matgarbejaire\/wp-content\/uploads\/sites\/6\/2017\/10\/obliques-e1507225373772-768x263.jpg 768w, https:\/\/ecole.ac-nice.fr\/valbonne\/matgarbejaire\/wp-content\/uploads\/sites\/6\/2017\/10\/obliques-e1507225373772-1024x350.jpg 1024w, https:\/\/ecole.ac-nice.fr\/valbonne\/matgarbejaire\/wp-content\/uploads\/sites\/6\/2017\/10\/obliques-e1507225373772.jpg 1280w\" sizes=\"auto, (max-width: 491px) 100vw, 491px\" \/><\/p>\n<p>Nous avons jou\u00e9 au jeu des <span style=\"color: #ff00ff\"><strong>devinettes des couleurs<\/strong><\/span>: la ma\u00eetresse pioche une carte et nous devons lui poser des questions pour deviner laquelle parmi toutes celles l\u00e0:<\/p>\n<p><img loading=\"lazy\" decoding=\"async\" class=\"alignnone wp-image-856 \" src=\"http:\/\/ecole.ac-nice.fr\/valbonne\/matgarbejaire\/wp-content\/uploads\/sites\/6\/2017\/10\/devinettes-des-couleurs-e1507225515915-300x204.jpg\" alt=\"\" width=\"498\" height=\"338\" srcset=\"https:\/\/ecole.ac-nice.fr\/valbonne\/matgarbejaire\/wp-content\/uploads\/sites\/6\/2017\/10\/devinettes-des-couleurs-e1507225515915-300x204.jpg 300w, https:\/\/ecole.ac-nice.fr\/valbonne\/matgarbejaire\/wp-content\/uploads\/sites\/6\/2017\/10\/devinettes-des-couleurs-e1507225515915-768x522.jpg 768w, https:\/\/ecole.ac-nice.fr\/valbonne\/matgarbejaire\/wp-content\/uploads\/sites\/6\/2017\/10\/devinettes-des-couleurs-e1507225515915.jpg 988w\" sizes=\"auto, (max-width: 498px) 100vw, 498px\" \/><\/p>\n<p>Vendredi, nous avons commenc\u00e9 la <strong><span style=\"color: #993366\">musique<\/span><\/strong> avec Nicolas. Nous chanterons avec lui un vendredi matin sur 2.<\/p>\n<p><img loading=\"lazy\" decoding=\"async\" class=\"alignnone wp-image-863\" src=\"http:\/\/ecole.ac-nice.fr\/valbonne\/matgarbejaire\/wp-content\/uploads\/sites\/6\/2017\/10\/DSC_0005-300x169.jpg\" alt=\"\" width=\"488\" height=\"275\" srcset=\"https:\/\/ecole.ac-nice.fr\/valbonne\/matgarbejaire\/wp-content\/uploads\/sites\/6\/2017\/10\/DSC_0005-300x169.jpg 300w, https:\/\/ecole.ac-nice.fr\/valbonne\/matgarbejaire\/wp-content\/uploads\/sites\/6\/2017\/10\/DSC_0005-768x432.jpg 768w, https:\/\/ecole.ac-nice.fr\/valbonne\/matgarbejaire\/wp-content\/uploads\/sites\/6\/2017\/10\/DSC_0005-1024x576.jpg 1024w, https:\/\/ecole.ac-nice.fr\/valbonne\/matgarbejaire\/wp-content\/uploads\/sites\/6\/2017\/10\/DSC_0005.jpg 1280w\" sizes=\"auto, (max-width: 488px) 100vw, 488px\" \/><\/p>\n<p>&nbsp;<\/p>\n","protected":false},"excerpt":{"rendered":"<p>Nous avons lu de nouveaux livres qui parlent de couleur. \u00ab\u00a0De quelle couleur est le vent?\u00a0\u00bb est un livre sp\u00e9cial qu&rsquo;on peut aussi lire avec les doigts car les pages sont en relief. Sur la couverture, il y a un mot \u00e9crit en braille, l&rsquo;\u00e9criture pour les personnes aveugles. Nous avons fait la bataille des &hellip; <a href=\"https:\/\/ecole.ac-nice.fr\/valbonne\/matgarbejaire\/blog\/2017\/10\/05\/05-semaine-du-2-octobre\/\" class=\"more-link\">Continuer la lecture de <span class=\"screen-reader-text\">Semaine du 2 octobre<\/span> <span class=\"meta-nav\">&rarr;<\/span><\/a><\/p>\n","protected":false},"author":6,"featured_media":0,"comment_status":"open","ping_status":"open","sticky":false,"template":"","format":"standard","meta":{"footnotes":""},"categories":[41,3,26,54],"tags":[51],"class_list":["post-847","post","type-post","status-publish","format-standard","hentry","category-2017-2018-ms-gs5","category-classes","category-ms-gs5","category-premiere-periode","tag-semaine05"],"_links":{"self":[{"href":"https:\/\/ecole.ac-nice.fr\/valbonne\/matgarbejaire\/wp-json\/wp\/v2\/posts\/847","targetHints":{"allow":["GET"]}}],"collection":[{"href":"https:\/\/ecole.ac-nice.fr\/valbonne\/matgarbejaire\/wp-json\/wp\/v2\/posts"}],"about":[{"href":"https:\/\/ecole.ac-nice.fr\/valbonne\/matgarbejaire\/wp-json\/wp\/v2\/types\/post"}],"author":[{"embeddable":true,"href":"https:\/\/ecole.ac-nice.fr\/valbonne\/matgarbejaire\/wp-json\/wp\/v2\/users\/6"}],"replies":[{"embeddable":true,"href":"https:\/\/ecole.ac-nice.fr\/valbonne\/matgarbejaire\/wp-json\/wp\/v2\/comments?post=847"}],"version-history":[{"count":10,"href":"https:\/\/ecole.ac-nice.fr\/valbonne\/matgarbejaire\/wp-json\/wp\/v2\/posts\/847\/revisions"}],"predecessor-version":[{"id":977,"href":"https:\/\/ecole.ac-nice.fr\/valbonne\/matgarbejaire\/wp-json\/wp\/v2\/posts\/847\/revisions\/977"}],"wp:attachment":[{"href":"https:\/\/ecole.ac-nice.fr\/valbonne\/matgarbejaire\/wp-json\/wp\/v2\/media?parent=847"}],"wp:term":[{"taxonomy":"category","embeddable":true,"href":"https:\/\/ecole.ac-nice.fr\/valbonne\/matgarbejaire\/wp-json\/wp\/v2\/categories?post=847"},{"taxonomy":"post_tag","embeddable":true,"href":"https:\/\/ecole.ac-nice.fr\/valbonne\/matgarbejaire\/wp-json\/wp\/v2\/tags?post=847"}],"curies":[{"name":"wp","href":"https:\/\/api.w.org\/{rel}","templated":true}]}}