{"id":75,"date":"2017-02-08T20:00:26","date_gmt":"2017-02-08T19:00:26","guid":{"rendered":"http:\/\/ecole.ac-nice.fr\/valbonne\/matgarbejaire\/?p=75"},"modified":"2017-02-27T10:51:20","modified_gmt":"2017-02-27T09:51:20","slug":"carnaval-2017","status":"publish","type":"post","link":"https:\/\/ecole.ac-nice.fr\/valbonne\/matgarbejaire\/blog\/2017\/02\/08\/carnaval-2017\/","title":{"rendered":"Carnaval 2017"},"content":{"rendered":"<h1 style=\"text-align: center\"><span style=\"color: #00ccff\"><strong>CARNAVAL A L&rsquo;ECOLE<\/strong><\/span><\/h1>\n<p style=\"text-align: left\">\u00a0\u00a0\u00a0<strong>\u00a0 <span style=\"color: #ffcc00\">Le carnaval de la maternelle Garbejaire s&rsquo;est d\u00e9roul\u00e9 le mercredi 8 f\u00e9vrier 2017. <\/span><\/strong><strong><span style=\"color: #339966\">C&rsquo;\u00e9tait l&rsquo;occasion d&rsquo;un magnifique d\u00e9fil\u00e9 de costumes,<\/span><span style=\"color: #ff0000\"> suivi d&rsquo;une distribution de bonbons<\/span><span style=\"color: #0000ff\"> et enfin d&rsquo;une grande bataille de confettis. <span style=\"color: #ff6600\">Voici quelques images de cette belle f\u00eate.<\/span><\/span><\/strong><\/p>\n<h5 style=\"text-align: center\"><span style=\"color: #ff00ff\"><strong>Le d\u00e9fil\u00e9<\/strong><\/span><\/h5>\n<p style=\"text-align: center\"><img loading=\"lazy\" decoding=\"async\" class=\"alignnone wp-image-78 size-full\" src=\"http:\/\/ecole.ac-nice.fr\/valbonne\/matgarbejaire\/wp-content\/uploads\/sites\/6\/2017\/02\/carnaval1bis.jpg\" width=\"1596\" height=\"699\" srcset=\"https:\/\/ecole.ac-nice.fr\/valbonne\/matgarbejaire\/wp-content\/uploads\/sites\/6\/2017\/02\/carnaval1bis.jpg 1596w, https:\/\/ecole.ac-nice.fr\/valbonne\/matgarbejaire\/wp-content\/uploads\/sites\/6\/2017\/02\/carnaval1bis-300x131.jpg 300w, https:\/\/ecole.ac-nice.fr\/valbonne\/matgarbejaire\/wp-content\/uploads\/sites\/6\/2017\/02\/carnaval1bis-768x336.jpg 768w, https:\/\/ecole.ac-nice.fr\/valbonne\/matgarbejaire\/wp-content\/uploads\/sites\/6\/2017\/02\/carnaval1bis-1024x448.jpg 1024w\" sizes=\"auto, (max-width: 1596px) 100vw, 1596px\" \/><\/p>\n<p style=\"text-align: center\"><img loading=\"lazy\" decoding=\"async\" class=\"alignnone wp-image-82 size-full\" src=\"http:\/\/ecole.ac-nice.fr\/valbonne\/matgarbejaire\/wp-content\/uploads\/sites\/6\/2017\/02\/carnaval2bis.jpg\" width=\"1523\" height=\"572\" srcset=\"https:\/\/ecole.ac-nice.fr\/valbonne\/matgarbejaire\/wp-content\/uploads\/sites\/6\/2017\/02\/carnaval2bis.jpg 1523w, https:\/\/ecole.ac-nice.fr\/valbonne\/matgarbejaire\/wp-content\/uploads\/sites\/6\/2017\/02\/carnaval2bis-300x113.jpg 300w, https:\/\/ecole.ac-nice.fr\/valbonne\/matgarbejaire\/wp-content\/uploads\/sites\/6\/2017\/02\/carnaval2bis-768x288.jpg 768w, https:\/\/ecole.ac-nice.fr\/valbonne\/matgarbejaire\/wp-content\/uploads\/sites\/6\/2017\/02\/carnaval2bis-1024x385.jpg 1024w\" sizes=\"auto, (max-width: 1523px) 100vw, 1523px\" \/><\/p>\n<p style=\"text-align: center\"><img loading=\"lazy\" decoding=\"async\" class=\"alignnone wp-image-80 size-full\" src=\"http:\/\/ecole.ac-nice.fr\/valbonne\/matgarbejaire\/wp-content\/uploads\/sites\/6\/2017\/02\/carnaval3bis.jpg\" width=\"1200\" height=\"645\" srcset=\"https:\/\/ecole.ac-nice.fr\/valbonne\/matgarbejaire\/wp-content\/uploads\/sites\/6\/2017\/02\/carnaval3bis.jpg 1200w, https:\/\/ecole.ac-nice.fr\/valbonne\/matgarbejaire\/wp-content\/uploads\/sites\/6\/2017\/02\/carnaval3bis-300x161.jpg 300w, https:\/\/ecole.ac-nice.fr\/valbonne\/matgarbejaire\/wp-content\/uploads\/sites\/6\/2017\/02\/carnaval3bis-768x413.jpg 768w, https:\/\/ecole.ac-nice.fr\/valbonne\/matgarbejaire\/wp-content\/uploads\/sites\/6\/2017\/02\/carnaval3bis-1024x550.jpg 1024w\" sizes=\"auto, (max-width: 1200px) 100vw, 1200px\" \/><\/p>\n<h5 style=\"text-align: center\"><span style=\"color: #2bc461\"><strong>La bataille de confettis<\/strong><\/span><\/h5>\n<p style=\"text-align: center\"><img loading=\"lazy\" decoding=\"async\" class=\"alignnone wp-image-81 size-full\" src=\"http:\/\/ecole.ac-nice.fr\/valbonne\/matgarbejaire\/wp-content\/uploads\/sites\/6\/2017\/02\/carnaval4.jpg\" width=\"1600\" height=\"1200\" srcset=\"https:\/\/ecole.ac-nice.fr\/valbonne\/matgarbejaire\/wp-content\/uploads\/sites\/6\/2017\/02\/carnaval4.jpg 1600w, https:\/\/ecole.ac-nice.fr\/valbonne\/matgarbejaire\/wp-content\/uploads\/sites\/6\/2017\/02\/carnaval4-300x225.jpg 300w, https:\/\/ecole.ac-nice.fr\/valbonne\/matgarbejaire\/wp-content\/uploads\/sites\/6\/2017\/02\/carnaval4-768x576.jpg 768w, https:\/\/ecole.ac-nice.fr\/valbonne\/matgarbejaire\/wp-content\/uploads\/sites\/6\/2017\/02\/carnaval4-1024x768.jpg 1024w\" sizes=\"auto, (max-width: 1600px) 100vw, 1600px\" \/><\/p>\n","protected":false},"excerpt":{"rendered":"<p>CARNAVAL A L&rsquo;ECOLE \u00a0\u00a0\u00a0\u00a0 Le carnaval de la maternelle Garbejaire s&rsquo;est d\u00e9roul\u00e9 le mercredi 8 f\u00e9vrier 2017. C&rsquo;\u00e9tait l&rsquo;occasion d&rsquo;un magnifique d\u00e9fil\u00e9 de costumes, suivi d&rsquo;une distribution de bonbons et enfin d&rsquo;une grande bataille de confettis. Voici quelques images de cette belle f\u00eate. Le d\u00e9fil\u00e9 La bataille de confettis<\/p>\n","protected":false},"author":6,"featured_media":0,"comment_status":"open","ping_status":"open","sticky":false,"template":"","format":"standard","meta":{"footnotes":""},"categories":[4],"tags":[17],"class_list":["post-75","post","type-post","status-publish","format-standard","hentry","category-manifestations","tag-carnaval"],"_links":{"self":[{"href":"https:\/\/ecole.ac-nice.fr\/valbonne\/matgarbejaire\/wp-json\/wp\/v2\/posts\/75","targetHints":{"allow":["GET"]}}],"collection":[{"href":"https:\/\/ecole.ac-nice.fr\/valbonne\/matgarbejaire\/wp-json\/wp\/v2\/posts"}],"about":[{"href":"https:\/\/ecole.ac-nice.fr\/valbonne\/matgarbejaire\/wp-json\/wp\/v2\/types\/post"}],"author":[{"embeddable":true,"href":"https:\/\/ecole.ac-nice.fr\/valbonne\/matgarbejaire\/wp-json\/wp\/v2\/users\/6"}],"replies":[{"embeddable":true,"href":"https:\/\/ecole.ac-nice.fr\/valbonne\/matgarbejaire\/wp-json\/wp\/v2\/comments?post=75"}],"version-history":[{"count":4,"href":"https:\/\/ecole.ac-nice.fr\/valbonne\/matgarbejaire\/wp-json\/wp\/v2\/posts\/75\/revisions"}],"predecessor-version":[{"id":132,"href":"https:\/\/ecole.ac-nice.fr\/valbonne\/matgarbejaire\/wp-json\/wp\/v2\/posts\/75\/revisions\/132"}],"wp:attachment":[{"href":"https:\/\/ecole.ac-nice.fr\/valbonne\/matgarbejaire\/wp-json\/wp\/v2\/media?parent=75"}],"wp:term":[{"taxonomy":"category","embeddable":true,"href":"https:\/\/ecole.ac-nice.fr\/valbonne\/matgarbejaire\/wp-json\/wp\/v2\/categories?post=75"},{"taxonomy":"post_tag","embeddable":true,"href":"https:\/\/ecole.ac-nice.fr\/valbonne\/matgarbejaire\/wp-json\/wp\/v2\/tags?post=75"}],"curies":[{"name":"wp","href":"https:\/\/api.w.org\/{rel}","templated":true}]}}