{"id":503,"date":"2017-07-02T13:05:06","date_gmt":"2017-07-02T11:05:06","guid":{"rendered":"http:\/\/ecole.ac-nice.fr\/valbonne\/matgarbejaire\/?p=503"},"modified":"2017-07-02T13:13:16","modified_gmt":"2017-07-02T11:13:16","slug":"bilan-periode-5","status":"publish","type":"post","link":"https:\/\/ecole.ac-nice.fr\/valbonne\/matgarbejaire\/blog\/2017\/07\/02\/bilan-periode-5\/","title":{"rendered":"Bilan p\u00e9riode 5"},"content":{"rendered":"<h3 style=\"text-align: center\">BILAN PERIODE 5 &#8211; GS6<\/h3>\n<p>Cette derni\u00e8re p\u00e9riode de l&rsquo;ann\u00e9e scolaire a \u00e9t\u00e9 consacr\u00e9e en grande partie au projet de classe sur l&rsquo;\u00e9co-citoyennet\u00e9. L&rsquo;objectif \u00e9tait une prise de conscience des gaspillages, des d\u00e9chets engendr\u00e9s par l&rsquo;humain, de la n\u00e9cessit\u00e9 de trier et de recycler pour prot\u00e9ger notre plan\u00e8te&#8230;<\/p>\n<p>Voici le projet en image, comportant la majorit\u00e9 des albums \u00e9tudi\u00e9s en rapport avec ces questions<\/p>\n<p><img loading=\"lazy\" decoding=\"async\" class=\"aligncenter wp-image-519\" src=\"http:\/\/ecole.ac-nice.fr\/valbonne\/matgarbejaire\/wp-content\/uploads\/sites\/6\/2017\/06\/Projet7-300x174.jpg\" alt=\"\" width=\"900\" height=\"523\" srcset=\"https:\/\/ecole.ac-nice.fr\/valbonne\/matgarbejaire\/wp-content\/uploads\/sites\/6\/2017\/06\/Projet7-300x174.jpg 300w, https:\/\/ecole.ac-nice.fr\/valbonne\/matgarbejaire\/wp-content\/uploads\/sites\/6\/2017\/06\/Projet7-768x446.jpg 768w, https:\/\/ecole.ac-nice.fr\/valbonne\/matgarbejaire\/wp-content\/uploads\/sites\/6\/2017\/06\/Projet7-1024x595.jpg 1024w, https:\/\/ecole.ac-nice.fr\/valbonne\/matgarbejaire\/wp-content\/uploads\/sites\/6\/2017\/06\/Projet7.jpg 1557w\" sizes=\"auto, (max-width: 900px) 100vw, 900px\" \/><\/p>\n<p>En marge de ce projet nous avons poursuivi la sensibilisation \u00e0 la langue anglaise par impr\u00e9gnation \u00e0 partir d&rsquo;albums d&rsquo;Eric CARLE, tels que:<\/p>\n<p style=\"text-align: center\"><img loading=\"lazy\" decoding=\"async\" class=\"alignnone size-medium wp-image-521\" src=\"http:\/\/ecole.ac-nice.fr\/valbonne\/matgarbejaire\/wp-content\/uploads\/sites\/6\/2017\/06\/Brawn-bear-226x300.jpg\" alt=\"\" width=\"226\" height=\"300\" srcset=\"https:\/\/ecole.ac-nice.fr\/valbonne\/matgarbejaire\/wp-content\/uploads\/sites\/6\/2017\/06\/Brawn-bear-226x300.jpg 226w, https:\/\/ecole.ac-nice.fr\/valbonne\/matgarbejaire\/wp-content\/uploads\/sites\/6\/2017\/06\/Brawn-bear.jpg 616w\" sizes=\"auto, (max-width: 226px) 100vw, 226px\" \/>\u00a0\u00a0\u00a0\u00a0 <img loading=\"lazy\" decoding=\"async\" class=\"alignnone size-medium wp-image-523\" src=\"http:\/\/ecole.ac-nice.fr\/valbonne\/matgarbejaire\/wp-content\/uploads\/sites\/6\/2017\/06\/The-very-hungry-caterpillar-300x209.jpg\" alt=\"\" width=\"300\" height=\"209\" srcset=\"https:\/\/ecole.ac-nice.fr\/valbonne\/matgarbejaire\/wp-content\/uploads\/sites\/6\/2017\/06\/The-very-hungry-caterpillar-300x209.jpg 300w, https:\/\/ecole.ac-nice.fr\/valbonne\/matgarbejaire\/wp-content\/uploads\/sites\/6\/2017\/06\/The-very-hungry-caterpillar-768x534.jpg 768w, https:\/\/ecole.ac-nice.fr\/valbonne\/matgarbejaire\/wp-content\/uploads\/sites\/6\/2017\/06\/The-very-hungry-caterpillar-1024x712.jpg 1024w, https:\/\/ecole.ac-nice.fr\/valbonne\/matgarbejaire\/wp-content\/uploads\/sites\/6\/2017\/06\/The-very-hungry-caterpillar.jpg 1263w\" sizes=\"auto, (max-width: 300px) 100vw, 300px\" \/> <img loading=\"lazy\" decoding=\"async\" class=\"alignnone size-medium wp-image-525\" src=\"http:\/\/ecole.ac-nice.fr\/valbonne\/matgarbejaire\/wp-content\/uploads\/sites\/6\/2017\/06\/Today-is-monday-212x300.jpg\" alt=\"\" width=\"212\" height=\"300\" srcset=\"https:\/\/ecole.ac-nice.fr\/valbonne\/matgarbejaire\/wp-content\/uploads\/sites\/6\/2017\/06\/Today-is-monday-212x300.jpg 212w, https:\/\/ecole.ac-nice.fr\/valbonne\/matgarbejaire\/wp-content\/uploads\/sites\/6\/2017\/06\/Today-is-monday-768x1086.jpg 768w, https:\/\/ecole.ac-nice.fr\/valbonne\/matgarbejaire\/wp-content\/uploads\/sites\/6\/2017\/06\/Today-is-monday-724x1024.jpg 724w\" sizes=\"auto, (max-width: 212px) 100vw, 212px\" \/> \u00a0 \u00a0 \u00a0 <img loading=\"lazy\" decoding=\"async\" class=\"alignnone size-medium wp-image-526\" src=\"http:\/\/ecole.ac-nice.fr\/valbonne\/matgarbejaire\/wp-content\/uploads\/sites\/6\/2017\/06\/From-head-to-toe-212x300.jpg\" alt=\"\" width=\"212\" height=\"300\" srcset=\"https:\/\/ecole.ac-nice.fr\/valbonne\/matgarbejaire\/wp-content\/uploads\/sites\/6\/2017\/06\/From-head-to-toe-212x300.jpg 212w, https:\/\/ecole.ac-nice.fr\/valbonne\/matgarbejaire\/wp-content\/uploads\/sites\/6\/2017\/06\/From-head-to-toe-768x1086.jpg 768w, https:\/\/ecole.ac-nice.fr\/valbonne\/matgarbejaire\/wp-content\/uploads\/sites\/6\/2017\/06\/From-head-to-toe-724x1024.jpg 724w, https:\/\/ecole.ac-nice.fr\/valbonne\/matgarbejaire\/wp-content\/uploads\/sites\/6\/2017\/06\/From-head-to-toe.jpg 1237w\" sizes=\"auto, (max-width: 212px) 100vw, 212px\" \/><\/p>\n<p>Et d&rsquo;Anthony BROWNE:<\/p>\n<p style=\"text-align: center\">\u00a0<img loading=\"lazy\" decoding=\"async\" class=\"alignnone size-medium wp-image-524\" src=\"http:\/\/ecole.ac-nice.fr\/valbonne\/matgarbejaire\/wp-content\/uploads\/sites\/6\/2017\/06\/Things-I-like-220x300.jpg\" alt=\"\" width=\"220\" height=\"300\" srcset=\"https:\/\/ecole.ac-nice.fr\/valbonne\/matgarbejaire\/wp-content\/uploads\/sites\/6\/2017\/06\/Things-I-like-220x300.jpg 220w, https:\/\/ecole.ac-nice.fr\/valbonne\/matgarbejaire\/wp-content\/uploads\/sites\/6\/2017\/06\/Things-I-like-768x1047.jpg 768w, https:\/\/ecole.ac-nice.fr\/valbonne\/matgarbejaire\/wp-content\/uploads\/sites\/6\/2017\/06\/Things-I-like-751x1024.jpg 751w, https:\/\/ecole.ac-nice.fr\/valbonne\/matgarbejaire\/wp-content\/uploads\/sites\/6\/2017\/06\/Things-I-like.jpg 869w\" sizes=\"auto, (max-width: 220px) 100vw, 220px\" \/> \u00a0 <img loading=\"lazy\" decoding=\"async\" class=\"alignnone size-medium wp-image-522\" src=\"http:\/\/ecole.ac-nice.fr\/valbonne\/matgarbejaire\/wp-content\/uploads\/sites\/6\/2017\/06\/How-do-you-feel-256x300.jpg\" alt=\"\" width=\"256\" height=\"300\" srcset=\"https:\/\/ecole.ac-nice.fr\/valbonne\/matgarbejaire\/wp-content\/uploads\/sites\/6\/2017\/06\/How-do-you-feel-256x300.jpg 256w, https:\/\/ecole.ac-nice.fr\/valbonne\/matgarbejaire\/wp-content\/uploads\/sites\/6\/2017\/06\/How-do-you-feel.jpg 671w\" sizes=\"auto, (max-width: 256px) 100vw, 256px\" \/><\/p>\n<p>Enfin, les derni\u00e8res semaines de l&rsquo;ann\u00e9e scolaires ont \u00e9t\u00e9 consacr\u00e9es \u00e0 la lecture d&rsquo;albums sur les parents, afin de coller \u00e0 l&rsquo;actualit\u00e9 &lsquo;F\u00eate des m\u00e8res&rsquo; et &lsquo;F\u00eates des p\u00e8res&rsquo;:<\/p>\n<p style=\"text-align: center\">\u00a0 <img loading=\"lazy\" decoding=\"async\" class=\"alignnone wp-image-532\" src=\"http:\/\/ecole.ac-nice.fr\/valbonne\/matgarbejaire\/wp-content\/uploads\/sites\/6\/2017\/06\/Ma-maman-241x300.jpg\" alt=\"\" width=\"170\" height=\"212\" srcset=\"https:\/\/ecole.ac-nice.fr\/valbonne\/matgarbejaire\/wp-content\/uploads\/sites\/6\/2017\/06\/Ma-maman-241x300.jpg 241w, https:\/\/ecole.ac-nice.fr\/valbonne\/matgarbejaire\/wp-content\/uploads\/sites\/6\/2017\/06\/Ma-maman-768x957.jpg 768w, https:\/\/ecole.ac-nice.fr\/valbonne\/matgarbejaire\/wp-content\/uploads\/sites\/6\/2017\/06\/Ma-maman-822x1024.jpg 822w, https:\/\/ecole.ac-nice.fr\/valbonne\/matgarbejaire\/wp-content\/uploads\/sites\/6\/2017\/06\/Ma-maman.jpg 1275w\" sizes=\"auto, (max-width: 170px) 100vw, 170px\" \/>\u00a0\u00a0 <img loading=\"lazy\" decoding=\"async\" class=\"alignnone wp-image-531\" src=\"http:\/\/ecole.ac-nice.fr\/valbonne\/matgarbejaire\/wp-content\/uploads\/sites\/6\/2017\/06\/Mon-papa-241x300.jpg\" alt=\"\" width=\"170\" height=\"212\" srcset=\"https:\/\/ecole.ac-nice.fr\/valbonne\/matgarbejaire\/wp-content\/uploads\/sites\/6\/2017\/06\/Mon-papa-241x300.jpg 241w, https:\/\/ecole.ac-nice.fr\/valbonne\/matgarbejaire\/wp-content\/uploads\/sites\/6\/2017\/06\/Mon-papa-768x957.jpg 768w, https:\/\/ecole.ac-nice.fr\/valbonne\/matgarbejaire\/wp-content\/uploads\/sites\/6\/2017\/06\/Mon-papa-822x1024.jpg 822w\" sizes=\"auto, (max-width: 170px) 100vw, 170px\" \/>\u00a0\u00a0 <img loading=\"lazy\" decoding=\"async\" class=\"alignnone wp-image-530\" src=\"http:\/\/ecole.ac-nice.fr\/valbonne\/matgarbejaire\/wp-content\/uploads\/sites\/6\/2017\/06\/Mon-fr\u00e8re-238x300.jpg\" alt=\"\" width=\"168\" height=\"212\" srcset=\"https:\/\/ecole.ac-nice.fr\/valbonne\/matgarbejaire\/wp-content\/uploads\/sites\/6\/2017\/06\/Mon-fr\u00e8re-238x300.jpg 238w, https:\/\/ecole.ac-nice.fr\/valbonne\/matgarbejaire\/wp-content\/uploads\/sites\/6\/2017\/06\/Mon-fr\u00e8re-768x968.jpg 768w, https:\/\/ecole.ac-nice.fr\/valbonne\/matgarbejaire\/wp-content\/uploads\/sites\/6\/2017\/06\/Mon-fr\u00e8re-813x1024.jpg 813w, https:\/\/ecole.ac-nice.fr\/valbonne\/matgarbejaire\/wp-content\/uploads\/sites\/6\/2017\/06\/Mon-fr\u00e8re.jpg 1682w\" sizes=\"auto, (max-width: 168px) 100vw, 168px\" \/><\/p>\n<p style=\"text-align: center\"><img loading=\"lazy\" decoding=\"async\" class=\"alignnone wp-image-528\" src=\"http:\/\/ecole.ac-nice.fr\/valbonne\/matgarbejaire\/wp-content\/uploads\/sites\/6\/2017\/06\/Le-livre-des-mamans-300x266.jpg\" alt=\"\" width=\"250\" height=\"222\" srcset=\"https:\/\/ecole.ac-nice.fr\/valbonne\/matgarbejaire\/wp-content\/uploads\/sites\/6\/2017\/06\/Le-livre-des-mamans-300x266.jpg 300w, https:\/\/ecole.ac-nice.fr\/valbonne\/matgarbejaire\/wp-content\/uploads\/sites\/6\/2017\/06\/Le-livre-des-mamans-768x681.jpg 768w, https:\/\/ecole.ac-nice.fr\/valbonne\/matgarbejaire\/wp-content\/uploads\/sites\/6\/2017\/06\/Le-livre-des-mamans-1024x908.jpg 1024w\" sizes=\"auto, (max-width: 250px) 100vw, 250px\" \/>\u00a0\u00a0\u00a0 <img loading=\"lazy\" decoding=\"async\" class=\"alignnone wp-image-529\" src=\"http:\/\/ecole.ac-nice.fr\/valbonne\/matgarbejaire\/wp-content\/uploads\/sites\/6\/2017\/06\/Le-livre-des-papas-300x266.jpg\" alt=\"\" width=\"250\" height=\"222\" srcset=\"https:\/\/ecole.ac-nice.fr\/valbonne\/matgarbejaire\/wp-content\/uploads\/sites\/6\/2017\/06\/Le-livre-des-papas-300x266.jpg 300w, https:\/\/ecole.ac-nice.fr\/valbonne\/matgarbejaire\/wp-content\/uploads\/sites\/6\/2017\/06\/Le-livre-des-papas-768x681.jpg 768w, https:\/\/ecole.ac-nice.fr\/valbonne\/matgarbejaire\/wp-content\/uploads\/sites\/6\/2017\/06\/Le-livre-des-papas-1024x908.jpg 1024w\" sizes=\"auto, (max-width: 250px) 100vw, 250px\" \/><\/p>\n<p>Puis \u00e0 une ouverture vers l&rsquo;Asie (apr\u00e8s l&rsquo;Afrique en f\u00e9vrier et mars) par la lecture d&rsquo;albums tels que:<\/p>\n<p style=\"text-align: center\"><img loading=\"lazy\" decoding=\"async\" class=\"alignnone wp-image-600\" src=\"http:\/\/ecole.ac-nice.fr\/valbonne\/matgarbejaire\/wp-content\/uploads\/sites\/6\/2017\/07\/Trois-grains-de-riz.jpg\" alt=\"\" width=\"198\" height=\"200\" \/>\u00a0\u00a0 <img loading=\"lazy\" decoding=\"async\" class=\"alignnone wp-image-599\" src=\"http:\/\/ecole.ac-nice.fr\/valbonne\/matgarbejaire\/wp-content\/uploads\/sites\/6\/2017\/07\/Le-pinceau-magique.jpg\" alt=\"\" width=\"233\" height=\"200\" \/><img loading=\"lazy\" decoding=\"async\" class=\"alignnone wp-image-598\" src=\"http:\/\/ecole.ac-nice.fr\/valbonne\/matgarbejaire\/wp-content\/uploads\/sites\/6\/2017\/07\/Bo-Long.jpg\" alt=\"\" width=\"272\" height=\"200\" \/><\/p>\n<p>Du c\u00f4t\u00e9 des arts plastiques, la confection des objets pour les mamans et les papas \u00e9tait au centre de nos pr\u00e9occupations.<\/p>\n<p style=\"text-align: center\">Objet de la f\u00eate des m\u00e8res<\/p>\n<p style=\"text-align: center\"><img loading=\"lazy\" decoding=\"async\" class=\"alignnone wp-image-533\" src=\"http:\/\/ecole.ac-nice.fr\/valbonne\/matgarbejaire\/wp-content\/uploads\/sites\/6\/2017\/06\/Fete-meres1-300x291.jpg\" alt=\"\" width=\"250\" height=\"243\" srcset=\"https:\/\/ecole.ac-nice.fr\/valbonne\/matgarbejaire\/wp-content\/uploads\/sites\/6\/2017\/06\/Fete-meres1-300x291.jpg 300w, https:\/\/ecole.ac-nice.fr\/valbonne\/matgarbejaire\/wp-content\/uploads\/sites\/6\/2017\/06\/Fete-meres1.jpg 567w\" sizes=\"auto, (max-width: 250px) 100vw, 250px\" \/>\u00a0 <img loading=\"lazy\" decoding=\"async\" class=\"alignnone wp-image-534\" src=\"http:\/\/ecole.ac-nice.fr\/valbonne\/matgarbejaire\/wp-content\/uploads\/sites\/6\/2017\/06\/Fete-meres2-298x300.jpg\" alt=\"\" width=\"250\" height=\"252\" srcset=\"https:\/\/ecole.ac-nice.fr\/valbonne\/matgarbejaire\/wp-content\/uploads\/sites\/6\/2017\/06\/Fete-meres2-298x300.jpg 298w, https:\/\/ecole.ac-nice.fr\/valbonne\/matgarbejaire\/wp-content\/uploads\/sites\/6\/2017\/06\/Fete-meres2-150x150.jpg 150w, https:\/\/ecole.ac-nice.fr\/valbonne\/matgarbejaire\/wp-content\/uploads\/sites\/6\/2017\/06\/Fete-meres2.jpg 534w\" sizes=\"auto, (max-width: 250px) 100vw, 250px\" \/><\/p>\n<p style=\"text-align: center\">Carte de la f\u00eate des m\u00e8res<\/p>\n<p style=\"text-align: center\"><img loading=\"lazy\" decoding=\"async\" class=\"alignnone wp-image-536\" src=\"http:\/\/ecole.ac-nice.fr\/valbonne\/matgarbejaire\/wp-content\/uploads\/sites\/6\/2017\/06\/Fete-meres4-245x300.jpg\" alt=\"\" width=\"147\" height=\"180\" srcset=\"https:\/\/ecole.ac-nice.fr\/valbonne\/matgarbejaire\/wp-content\/uploads\/sites\/6\/2017\/06\/Fete-meres4-245x300.jpg 245w, https:\/\/ecole.ac-nice.fr\/valbonne\/matgarbejaire\/wp-content\/uploads\/sites\/6\/2017\/06\/Fete-meres4-768x942.jpg 768w, https:\/\/ecole.ac-nice.fr\/valbonne\/matgarbejaire\/wp-content\/uploads\/sites\/6\/2017\/06\/Fete-meres4.jpg 813w\" sizes=\"auto, (max-width: 147px) 100vw, 147px\" \/>\u00a0 <img loading=\"lazy\" decoding=\"async\" class=\"alignnone wp-image-537\" src=\"http:\/\/ecole.ac-nice.fr\/valbonne\/matgarbejaire\/wp-content\/uploads\/sites\/6\/2017\/06\/Fete-meres5-300x225.jpg\" alt=\"\" width=\"240\" height=\"180\" srcset=\"https:\/\/ecole.ac-nice.fr\/valbonne\/matgarbejaire\/wp-content\/uploads\/sites\/6\/2017\/06\/Fete-meres5-300x225.jpg 300w, https:\/\/ecole.ac-nice.fr\/valbonne\/matgarbejaire\/wp-content\/uploads\/sites\/6\/2017\/06\/Fete-meres5-768x576.jpg 768w, https:\/\/ecole.ac-nice.fr\/valbonne\/matgarbejaire\/wp-content\/uploads\/sites\/6\/2017\/06\/Fete-meres5.jpg 800w\" sizes=\"auto, (max-width: 240px) 100vw, 240px\" \/>\u00a0 <img loading=\"lazy\" decoding=\"async\" class=\"alignnone wp-image-538\" src=\"http:\/\/ecole.ac-nice.fr\/valbonne\/matgarbejaire\/wp-content\/uploads\/sites\/6\/2017\/06\/Fete-meres6-247x300.jpg\" alt=\"\" width=\"148\" height=\"180\" srcset=\"https:\/\/ecole.ac-nice.fr\/valbonne\/matgarbejaire\/wp-content\/uploads\/sites\/6\/2017\/06\/Fete-meres6-247x300.jpg 247w, https:\/\/ecole.ac-nice.fr\/valbonne\/matgarbejaire\/wp-content\/uploads\/sites\/6\/2017\/06\/Fete-meres6-768x931.jpg 768w, https:\/\/ecole.ac-nice.fr\/valbonne\/matgarbejaire\/wp-content\/uploads\/sites\/6\/2017\/06\/Fete-meres6-845x1024.jpg 845w, https:\/\/ecole.ac-nice.fr\/valbonne\/matgarbejaire\/wp-content\/uploads\/sites\/6\/2017\/06\/Fete-meres6.jpg 885w\" sizes=\"auto, (max-width: 148px) 100vw, 148px\" \/><\/p>\n<p style=\"text-align: center\">Objet de la f\u00eate des p\u00e8res<\/p>\n<p style=\"text-align: center\">\u00a0\u00a0 <img loading=\"lazy\" decoding=\"async\" class=\"alignnone wp-image-539\" src=\"http:\/\/ecole.ac-nice.fr\/valbonne\/matgarbejaire\/wp-content\/uploads\/sites\/6\/2017\/06\/Fete-peres1-300x225.jpg\" alt=\"\" width=\"339\" height=\"254\" srcset=\"https:\/\/ecole.ac-nice.fr\/valbonne\/matgarbejaire\/wp-content\/uploads\/sites\/6\/2017\/06\/Fete-peres1-300x225.jpg 300w, https:\/\/ecole.ac-nice.fr\/valbonne\/matgarbejaire\/wp-content\/uploads\/sites\/6\/2017\/06\/Fete-peres1-768x576.jpg 768w, https:\/\/ecole.ac-nice.fr\/valbonne\/matgarbejaire\/wp-content\/uploads\/sites\/6\/2017\/06\/Fete-peres1.jpg 800w\" sizes=\"auto, (max-width: 339px) 100vw, 339px\" \/>\u00a0\u00a0\u00a0 <img loading=\"lazy\" decoding=\"async\" class=\"alignnone wp-image-540\" src=\"http:\/\/ecole.ac-nice.fr\/valbonne\/matgarbejaire\/wp-content\/uploads\/sites\/6\/2017\/06\/Fete-peres3-225x300.jpg\" alt=\"\" width=\"206\" height=\"275\" srcset=\"https:\/\/ecole.ac-nice.fr\/valbonne\/matgarbejaire\/wp-content\/uploads\/sites\/6\/2017\/06\/Fete-peres3-225x300.jpg 225w, https:\/\/ecole.ac-nice.fr\/valbonne\/matgarbejaire\/wp-content\/uploads\/sites\/6\/2017\/06\/Fete-peres3.jpg 600w\" sizes=\"auto, (max-width: 206px) 100vw, 206px\" \/><\/p>\n<p style=\"text-align: center\">Carte de la f\u00eate des p\u00e8res<\/p>\n<p style=\"text-align: center\"><img loading=\"lazy\" decoding=\"async\" class=\"alignnone size-medium wp-image-541\" src=\"http:\/\/ecole.ac-nice.fr\/valbonne\/matgarbejaire\/wp-content\/uploads\/sites\/6\/2017\/06\/Fete-peres5-225x300.jpg\" alt=\"\" width=\"225\" height=\"300\" srcset=\"https:\/\/ecole.ac-nice.fr\/valbonne\/matgarbejaire\/wp-content\/uploads\/sites\/6\/2017\/06\/Fete-peres5-225x300.jpg 225w, https:\/\/ecole.ac-nice.fr\/valbonne\/matgarbejaire\/wp-content\/uploads\/sites\/6\/2017\/06\/Fete-peres5.jpg 600w\" sizes=\"auto, (max-width: 225px) 100vw, 225px\" \/>\u00a0 <img loading=\"lazy\" decoding=\"async\" class=\"alignnone size-medium wp-image-542\" src=\"http:\/\/ecole.ac-nice.fr\/valbonne\/matgarbejaire\/wp-content\/uploads\/sites\/6\/2017\/06\/Fete-peres6-225x300.jpg\" alt=\"\" width=\"225\" height=\"300\" srcset=\"https:\/\/ecole.ac-nice.fr\/valbonne\/matgarbejaire\/wp-content\/uploads\/sites\/6\/2017\/06\/Fete-peres6-225x300.jpg 225w, https:\/\/ecole.ac-nice.fr\/valbonne\/matgarbejaire\/wp-content\/uploads\/sites\/6\/2017\/06\/Fete-peres6.jpg 600w\" sizes=\"auto, (max-width: 225px) 100vw, 225px\" \/><\/p>\n<p>A noter qu&rsquo;au-del\u00e0 du c\u00f4t\u00e9 esth\u00e9tique de l&rsquo;objet r\u00e9alis\u00e9 pour la f\u00eate des p\u00e8res,\u00a0 sa fabrication nous a permis de cr\u00e9er notre premier circuit \u00e9lectrique!<\/p>\n<p>D&rsquo;autres oeuvres communes ou individuelles ont \u00e9galement \u00e9t\u00e9 r\u00e9alis\u00e9es comme:<\/p>\n<p style=\"text-align: center\">Un tableau monumental \u00e0 la mani\u00e8re de Keith Haring<\/p>\n<p style=\"text-align: center\"><img loading=\"lazy\" decoding=\"async\" class=\"alignnone wp-image-573 size-full\" src=\"http:\/\/ecole.ac-nice.fr\/valbonne\/matgarbejaire\/wp-content\/uploads\/sites\/6\/2017\/07\/Haring2.jpg\" alt=\"\" width=\"1280\" height=\"960\" srcset=\"https:\/\/ecole.ac-nice.fr\/valbonne\/matgarbejaire\/wp-content\/uploads\/sites\/6\/2017\/07\/Haring2.jpg 1280w, https:\/\/ecole.ac-nice.fr\/valbonne\/matgarbejaire\/wp-content\/uploads\/sites\/6\/2017\/07\/Haring2-300x225.jpg 300w, https:\/\/ecole.ac-nice.fr\/valbonne\/matgarbejaire\/wp-content\/uploads\/sites\/6\/2017\/07\/Haring2-768x576.jpg 768w, https:\/\/ecole.ac-nice.fr\/valbonne\/matgarbejaire\/wp-content\/uploads\/sites\/6\/2017\/07\/Haring2-1024x768.jpg 1024w\" sizes=\"auto, (max-width: 1280px) 100vw, 1280px\" \/><\/p>\n<p style=\"text-align: center\">Des voitures r\u00e9cup&rsquo;<\/p>\n<p style=\"text-align: center\"><em><span style=\"color: #ff0000\">(Photo \u00e0 venir)<\/span><\/em><\/p>\n<p>Concernant la motricit\u00e9, nous avons poursuivi notre cycle v\u00e9lo habituel et avons accueilli les membres de la pr\u00e9vention routi\u00e8re de la MAIF, qui nous ont concoct\u00e9 un petit parcours de v\u00e9lo le 9 mai. A la suite de cette visite nous avons continuer \u00e0 travailler les comp\u00e9tences de l&rsquo;APER en classe durant les apr\u00e8s-midis trop chaudes pour pratiquer dans la cour.<\/p>\n<p style=\"text-align: center\">Piste cyclable de la MAIF<\/p>\n<p style=\"text-align: center\"><img loading=\"lazy\" decoding=\"async\" class=\"alignnone wp-image-548\" src=\"http:\/\/ecole.ac-nice.fr\/valbonne\/matgarbejaire\/wp-content\/uploads\/sites\/6\/2017\/06\/maif4-300x225.jpg\" alt=\"\" width=\"250\" height=\"188\" srcset=\"https:\/\/ecole.ac-nice.fr\/valbonne\/matgarbejaire\/wp-content\/uploads\/sites\/6\/2017\/06\/maif4-300x225.jpg 300w, https:\/\/ecole.ac-nice.fr\/valbonne\/matgarbejaire\/wp-content\/uploads\/sites\/6\/2017\/06\/maif4-768x576.jpg 768w, https:\/\/ecole.ac-nice.fr\/valbonne\/matgarbejaire\/wp-content\/uploads\/sites\/6\/2017\/06\/maif4.jpg 800w\" sizes=\"auto, (max-width: 250px) 100vw, 250px\" \/>\u00a0 <img loading=\"lazy\" decoding=\"async\" class=\"alignnone wp-image-549\" src=\"http:\/\/ecole.ac-nice.fr\/valbonne\/matgarbejaire\/wp-content\/uploads\/sites\/6\/2017\/06\/maif5-300x225.jpg\" alt=\"\" width=\"250\" height=\"188\" srcset=\"https:\/\/ecole.ac-nice.fr\/valbonne\/matgarbejaire\/wp-content\/uploads\/sites\/6\/2017\/06\/maif5-300x225.jpg 300w, https:\/\/ecole.ac-nice.fr\/valbonne\/matgarbejaire\/wp-content\/uploads\/sites\/6\/2017\/06\/maif5-768x576.jpg 768w, https:\/\/ecole.ac-nice.fr\/valbonne\/matgarbejaire\/wp-content\/uploads\/sites\/6\/2017\/06\/maif5.jpg 800w\" sizes=\"auto, (max-width: 250px) 100vw, 250px\" \/><\/p>\n<p style=\"text-align: center\"><img loading=\"lazy\" decoding=\"async\" class=\"alignnone wp-image-553\" src=\"http:\/\/ecole.ac-nice.fr\/valbonne\/matgarbejaire\/wp-content\/uploads\/sites\/6\/2017\/06\/maif7-300x225.jpg\" alt=\"\" width=\"250\" height=\"188\" srcset=\"https:\/\/ecole.ac-nice.fr\/valbonne\/matgarbejaire\/wp-content\/uploads\/sites\/6\/2017\/06\/maif7-300x225.jpg 300w, https:\/\/ecole.ac-nice.fr\/valbonne\/matgarbejaire\/wp-content\/uploads\/sites\/6\/2017\/06\/maif7-768x576.jpg 768w, https:\/\/ecole.ac-nice.fr\/valbonne\/matgarbejaire\/wp-content\/uploads\/sites\/6\/2017\/06\/maif7.jpg 800w\" sizes=\"auto, (max-width: 250px) 100vw, 250px\" \/>\u00a0\u00a0 <img loading=\"lazy\" decoding=\"async\" class=\"alignnone wp-image-551\" src=\"http:\/\/ecole.ac-nice.fr\/valbonne\/matgarbejaire\/wp-content\/uploads\/sites\/6\/2017\/06\/maif8-300x225.jpg\" alt=\"\" width=\"250\" height=\"188\" srcset=\"https:\/\/ecole.ac-nice.fr\/valbonne\/matgarbejaire\/wp-content\/uploads\/sites\/6\/2017\/06\/maif8-300x225.jpg 300w, https:\/\/ecole.ac-nice.fr\/valbonne\/matgarbejaire\/wp-content\/uploads\/sites\/6\/2017\/06\/maif8-768x576.jpg 768w, https:\/\/ecole.ac-nice.fr\/valbonne\/matgarbejaire\/wp-content\/uploads\/sites\/6\/2017\/06\/maif8.jpg 800w\" sizes=\"auto, (max-width: 250px) 100vw, 250px\" \/><\/p>\n<p style=\"text-align: center\">Nos parcours de v\u00e9lo de GS avec la ma\u00eetresse<\/p>\n<p style=\"text-align: center\"><img loading=\"lazy\" decoding=\"async\" class=\"alignnone wp-image-554\" src=\"http:\/\/ecole.ac-nice.fr\/valbonne\/matgarbejaire\/wp-content\/uploads\/sites\/6\/2017\/06\/Velo4-300x225.jpg\" alt=\"\" width=\"270\" height=\"203\" srcset=\"https:\/\/ecole.ac-nice.fr\/valbonne\/matgarbejaire\/wp-content\/uploads\/sites\/6\/2017\/06\/Velo4-300x225.jpg 300w, https:\/\/ecole.ac-nice.fr\/valbonne\/matgarbejaire\/wp-content\/uploads\/sites\/6\/2017\/06\/Velo4-768x576.jpg 768w, https:\/\/ecole.ac-nice.fr\/valbonne\/matgarbejaire\/wp-content\/uploads\/sites\/6\/2017\/06\/Velo4.jpg 800w\" sizes=\"auto, (max-width: 270px) 100vw, 270px\" \/> <img loading=\"lazy\" decoding=\"async\" class=\"alignnone wp-image-555\" src=\"http:\/\/ecole.ac-nice.fr\/valbonne\/matgarbejaire\/wp-content\/uploads\/sites\/6\/2017\/06\/Velo5-300x225.jpg\" alt=\"\" width=\"270\" height=\"203\" srcset=\"https:\/\/ecole.ac-nice.fr\/valbonne\/matgarbejaire\/wp-content\/uploads\/sites\/6\/2017\/06\/Velo5-300x225.jpg 300w, https:\/\/ecole.ac-nice.fr\/valbonne\/matgarbejaire\/wp-content\/uploads\/sites\/6\/2017\/06\/Velo5-768x576.jpg 768w, https:\/\/ecole.ac-nice.fr\/valbonne\/matgarbejaire\/wp-content\/uploads\/sites\/6\/2017\/06\/Velo5.jpg 800w\" sizes=\"auto, (max-width: 270px) 100vw, 270px\" \/> <img loading=\"lazy\" decoding=\"async\" class=\"alignnone wp-image-556\" src=\"http:\/\/ecole.ac-nice.fr\/valbonne\/matgarbejaire\/wp-content\/uploads\/sites\/6\/2017\/06\/Velo6-300x225.jpg\" alt=\"\" width=\"270\" height=\"203\" srcset=\"https:\/\/ecole.ac-nice.fr\/valbonne\/matgarbejaire\/wp-content\/uploads\/sites\/6\/2017\/06\/Velo6-300x225.jpg 300w, https:\/\/ecole.ac-nice.fr\/valbonne\/matgarbejaire\/wp-content\/uploads\/sites\/6\/2017\/06\/Velo6-768x576.jpg 768w, https:\/\/ecole.ac-nice.fr\/valbonne\/matgarbejaire\/wp-content\/uploads\/sites\/6\/2017\/06\/Velo6.jpg 800w\" sizes=\"auto, (max-width: 270px) 100vw, 270px\" \/><\/p>\n<p>En parall\u00e8le du v\u00e9lo, nous avons particip\u00e9 \u00e0 un cycle d&rsquo;activit\u00e9s autour des jeux de lutte et d&rsquo;opposition tous les mercredis au Dojo.<\/p>\n<p style=\"text-align: center\"><img loading=\"lazy\" decoding=\"async\" class=\"alignnone wp-image-558\" src=\"http:\/\/ecole.ac-nice.fr\/valbonne\/matgarbejaire\/wp-content\/uploads\/sites\/6\/2017\/06\/Dojo2-300x93.jpg\" alt=\"\" width=\"646\" height=\"200\" srcset=\"https:\/\/ecole.ac-nice.fr\/valbonne\/matgarbejaire\/wp-content\/uploads\/sites\/6\/2017\/06\/Dojo2-300x93.jpg 300w, https:\/\/ecole.ac-nice.fr\/valbonne\/matgarbejaire\/wp-content\/uploads\/sites\/6\/2017\/06\/Dojo2-768x238.jpg 768w, https:\/\/ecole.ac-nice.fr\/valbonne\/matgarbejaire\/wp-content\/uploads\/sites\/6\/2017\/06\/Dojo2-1024x317.jpg 1024w, https:\/\/ecole.ac-nice.fr\/valbonne\/matgarbejaire\/wp-content\/uploads\/sites\/6\/2017\/06\/Dojo2.jpg 1262w\" sizes=\"auto, (max-width: 646px) 100vw, 646px\" \/><\/p>\n<p>Bien s\u00fbr, nous avons poursuivis nos habituels parcours de motricit\u00e9 ainsi que les s\u00e9ances lier aux activit\u00e9s de courses, de sauts et de lancers.<\/p>\n<p>Par ailleurs notre \u00e9cole a accueilli une exposition sur les risques domestiques dans la salle de motricit\u00e9 durant la semaine du 2 au 9 mai 2017. L&rsquo;occasion de s\u00e9ances tr\u00e8s instructives sur les dangers pr\u00e9sents dans toutes les pi\u00e8ces de la maison:<\/p>\n<p style=\"text-align: center\">\u00a0 <img loading=\"lazy\" decoding=\"async\" class=\"alignnone wp-image-561\" src=\"http:\/\/ecole.ac-nice.fr\/valbonne\/matgarbejaire\/wp-content\/uploads\/sites\/6\/2017\/06\/Risques3-300x225.jpg\" alt=\"\" width=\"500\" height=\"375\" srcset=\"https:\/\/ecole.ac-nice.fr\/valbonne\/matgarbejaire\/wp-content\/uploads\/sites\/6\/2017\/06\/Risques3-300x225.jpg 300w, https:\/\/ecole.ac-nice.fr\/valbonne\/matgarbejaire\/wp-content\/uploads\/sites\/6\/2017\/06\/Risques3-768x576.jpg 768w, https:\/\/ecole.ac-nice.fr\/valbonne\/matgarbejaire\/wp-content\/uploads\/sites\/6\/2017\/06\/Risques3.jpg 800w\" sizes=\"auto, (max-width: 500px) 100vw, 500px\" \/><\/p>\n<p>Puis l&rsquo;infirmi\u00e8re scolaire est venue nous rendre visite le 22 juin, pour une petite piq\u00fbre de rappel concernant le brossage des dents:<\/p>\n<p style=\"text-align: center\">\u00a0<img loading=\"lazy\" decoding=\"async\" class=\"alignnone size-medium wp-image-575\" src=\"http:\/\/ecole.ac-nice.fr\/valbonne\/matgarbejaire\/wp-content\/uploads\/sites\/6\/2017\/07\/Dents2-225x300.jpg\" alt=\"\" width=\"225\" height=\"300\" srcset=\"https:\/\/ecole.ac-nice.fr\/valbonne\/matgarbejaire\/wp-content\/uploads\/sites\/6\/2017\/07\/Dents2-225x300.jpg 225w, https:\/\/ecole.ac-nice.fr\/valbonne\/matgarbejaire\/wp-content\/uploads\/sites\/6\/2017\/07\/Dents2.jpg 600w\" sizes=\"auto, (max-width: 225px) 100vw, 225px\" \/>\u00a0\u00a0 <img loading=\"lazy\" decoding=\"async\" class=\"alignnone size-medium wp-image-574\" src=\"http:\/\/ecole.ac-nice.fr\/valbonne\/matgarbejaire\/wp-content\/uploads\/sites\/6\/2017\/07\/Dents1-225x300.jpg\" alt=\"\" width=\"225\" height=\"300\" srcset=\"https:\/\/ecole.ac-nice.fr\/valbonne\/matgarbejaire\/wp-content\/uploads\/sites\/6\/2017\/07\/Dents1-225x300.jpg 225w, https:\/\/ecole.ac-nice.fr\/valbonne\/matgarbejaire\/wp-content\/uploads\/sites\/6\/2017\/07\/Dents1.jpg 360w\" sizes=\"auto, (max-width: 225px) 100vw, 225px\" \/><\/p>\n<p>Cette p\u00e9riode \u00e9tait aussi tr\u00e8s festive, avec plusieurs sorties comme:<\/p>\n<p style=\"text-align: center\">La visite du potager de Caroline<\/p>\n<p style=\"text-align: center\"><img loading=\"lazy\" decoding=\"async\" class=\"alignnone wp-image-371\" src=\"http:\/\/ecole.ac-nice.fr\/valbonne\/matgarbejaire\/wp-content\/uploads\/sites\/6\/2017\/05\/Potager2-300x225.jpg\" alt=\"\" width=\"500\" height=\"375\" srcset=\"https:\/\/ecole.ac-nice.fr\/valbonne\/matgarbejaire\/wp-content\/uploads\/sites\/6\/2017\/05\/Potager2-300x225.jpg 300w, https:\/\/ecole.ac-nice.fr\/valbonne\/matgarbejaire\/wp-content\/uploads\/sites\/6\/2017\/05\/Potager2-768x576.jpg 768w, https:\/\/ecole.ac-nice.fr\/valbonne\/matgarbejaire\/wp-content\/uploads\/sites\/6\/2017\/05\/Potager2.jpg 800w\" sizes=\"auto, (max-width: 500px) 100vw, 500px\" \/><\/p>\n<p style=\"text-align: center\">La sortie de fin d&rsquo;ann\u00e9e Randoland + concert<\/p>\n<p style=\"text-align: center\"><img loading=\"lazy\" decoding=\"async\" class=\"alignnone wp-image-443\" src=\"http:\/\/ecole.ac-nice.fr\/valbonne\/matgarbejaire\/wp-content\/uploads\/sites\/6\/2017\/05\/Randoland6-300x225.jpg\" alt=\"\" width=\"500\" height=\"375\" srcset=\"https:\/\/ecole.ac-nice.fr\/valbonne\/matgarbejaire\/wp-content\/uploads\/sites\/6\/2017\/05\/Randoland6-300x225.jpg 300w, https:\/\/ecole.ac-nice.fr\/valbonne\/matgarbejaire\/wp-content\/uploads\/sites\/6\/2017\/05\/Randoland6-768x576.jpg 768w, https:\/\/ecole.ac-nice.fr\/valbonne\/matgarbejaire\/wp-content\/uploads\/sites\/6\/2017\/05\/Randoland6.jpg 800w\" sizes=\"auto, (max-width: 500px) 100vw, 500px\" \/><\/p>\n<p style=\"text-align: center\"><img loading=\"lazy\" decoding=\"async\" class=\"alignnone wp-image-426\" src=\"http:\/\/ecole.ac-nice.fr\/valbonne\/matgarbejaire\/wp-content\/uploads\/sites\/6\/2017\/05\/Concert1-300x225.jpg\" alt=\"\" width=\"500\" height=\"375\" srcset=\"https:\/\/ecole.ac-nice.fr\/valbonne\/matgarbejaire\/wp-content\/uploads\/sites\/6\/2017\/05\/Concert1-300x225.jpg 300w, https:\/\/ecole.ac-nice.fr\/valbonne\/matgarbejaire\/wp-content\/uploads\/sites\/6\/2017\/05\/Concert1-768x576.jpg 768w, https:\/\/ecole.ac-nice.fr\/valbonne\/matgarbejaire\/wp-content\/uploads\/sites\/6\/2017\/05\/Concert1-1024x768.jpg 1024w, https:\/\/ecole.ac-nice.fr\/valbonne\/matgarbejaire\/wp-content\/uploads\/sites\/6\/2017\/05\/Concert1.jpg 1280w\" sizes=\"auto, (max-width: 500px) 100vw, 500px\" \/><\/p>\n<p style=\"text-align: center\">La sortie \u00e0 la m\u00e9diath\u00e8que dans le cadre du projet &lsquo;les Incos&rsquo;<\/p>\n<p style=\"text-align: center\"><img loading=\"lazy\" decoding=\"async\" class=\"alignnone size-medium wp-image-564\" src=\"http:\/\/ecole.ac-nice.fr\/valbonne\/matgarbejaire\/wp-content\/uploads\/sites\/6\/2017\/06\/Incos3-300x225.jpg\" alt=\"\" width=\"300\" height=\"225\" srcset=\"https:\/\/ecole.ac-nice.fr\/valbonne\/matgarbejaire\/wp-content\/uploads\/sites\/6\/2017\/06\/Incos3-300x225.jpg 300w, https:\/\/ecole.ac-nice.fr\/valbonne\/matgarbejaire\/wp-content\/uploads\/sites\/6\/2017\/06\/Incos3-768x576.jpg 768w, https:\/\/ecole.ac-nice.fr\/valbonne\/matgarbejaire\/wp-content\/uploads\/sites\/6\/2017\/06\/Incos3.jpg 800w\" sizes=\"auto, (max-width: 300px) 100vw, 300px\" \/> <img loading=\"lazy\" decoding=\"async\" class=\"alignnone size-medium wp-image-565\" src=\"http:\/\/ecole.ac-nice.fr\/valbonne\/matgarbejaire\/wp-content\/uploads\/sites\/6\/2017\/06\/Incos4-225x300.jpg\" alt=\"\" width=\"225\" height=\"300\" srcset=\"https:\/\/ecole.ac-nice.fr\/valbonne\/matgarbejaire\/wp-content\/uploads\/sites\/6\/2017\/06\/Incos4-225x300.jpg 225w, https:\/\/ecole.ac-nice.fr\/valbonne\/matgarbejaire\/wp-content\/uploads\/sites\/6\/2017\/06\/Incos4.jpg 600w\" sizes=\"auto, (max-width: 225px) 100vw, 225px\" \/><\/p>\n<p>Sans oublier les f\u00eates d&rsquo;anniversaires, avec atelier p\u00e2tisserie en mai et sans atelier p\u00e2tisserie pour cause de temp\u00e9rature \u00e9lev\u00e9e en juin et juillet:<\/p>\n<p style=\"text-align: center\">Anniversaires de mai<\/p>\n<p style=\"text-align: center\"><img loading=\"lazy\" decoding=\"async\" class=\"alignnone wp-image-481\" src=\"http:\/\/ecole.ac-nice.fr\/valbonne\/matgarbejaire\/wp-content\/uploads\/sites\/6\/2017\/05\/Anniversaires-mai-016-300x225.jpg\" alt=\"\" width=\"285\" height=\"214\" srcset=\"https:\/\/ecole.ac-nice.fr\/valbonne\/matgarbejaire\/wp-content\/uploads\/sites\/6\/2017\/05\/Anniversaires-mai-016-300x225.jpg 300w, https:\/\/ecole.ac-nice.fr\/valbonne\/matgarbejaire\/wp-content\/uploads\/sites\/6\/2017\/05\/Anniversaires-mai-016-768x576.jpg 768w, https:\/\/ecole.ac-nice.fr\/valbonne\/matgarbejaire\/wp-content\/uploads\/sites\/6\/2017\/05\/Anniversaires-mai-016.jpg 800w\" sizes=\"auto, (max-width: 285px) 100vw, 285px\" \/> <img loading=\"lazy\" decoding=\"async\" class=\"alignnone wp-image-480\" src=\"http:\/\/ecole.ac-nice.fr\/valbonne\/matgarbejaire\/wp-content\/uploads\/sites\/6\/2017\/05\/Anniversaires-mai-017-300x225.jpg\" alt=\"\" width=\"285\" height=\"214\" srcset=\"https:\/\/ecole.ac-nice.fr\/valbonne\/matgarbejaire\/wp-content\/uploads\/sites\/6\/2017\/05\/Anniversaires-mai-017-300x225.jpg 300w, https:\/\/ecole.ac-nice.fr\/valbonne\/matgarbejaire\/wp-content\/uploads\/sites\/6\/2017\/05\/Anniversaires-mai-017-768x576.jpg 768w, https:\/\/ecole.ac-nice.fr\/valbonne\/matgarbejaire\/wp-content\/uploads\/sites\/6\/2017\/05\/Anniversaires-mai-017.jpg 800w\" sizes=\"auto, (max-width: 285px) 100vw, 285px\" \/><\/p>\n<p style=\"text-align: center\">Anniversaire de juin<\/p>\n<p style=\"text-align: center\"><img loading=\"lazy\" decoding=\"async\" class=\"alignnone wp-image-567\" src=\"http:\/\/ecole.ac-nice.fr\/valbonne\/matgarbejaire\/wp-content\/uploads\/sites\/6\/2017\/06\/Anniversaire3-300x225.jpg\" alt=\"\" width=\"285\" height=\"214\" srcset=\"https:\/\/ecole.ac-nice.fr\/valbonne\/matgarbejaire\/wp-content\/uploads\/sites\/6\/2017\/06\/Anniversaire3-300x225.jpg 300w, https:\/\/ecole.ac-nice.fr\/valbonne\/matgarbejaire\/wp-content\/uploads\/sites\/6\/2017\/06\/Anniversaire3-768x576.jpg 768w, https:\/\/ecole.ac-nice.fr\/valbonne\/matgarbejaire\/wp-content\/uploads\/sites\/6\/2017\/06\/Anniversaire3.jpg 800w\" sizes=\"auto, (max-width: 285px) 100vw, 285px\" \/> <img loading=\"lazy\" decoding=\"async\" class=\"alignnone wp-image-566\" src=\"http:\/\/ecole.ac-nice.fr\/valbonne\/matgarbejaire\/wp-content\/uploads\/sites\/6\/2017\/06\/Anniversaire1-300x225.jpg\" alt=\"\" width=\"285\" height=\"214\" srcset=\"https:\/\/ecole.ac-nice.fr\/valbonne\/matgarbejaire\/wp-content\/uploads\/sites\/6\/2017\/06\/Anniversaire1-300x225.jpg 300w, https:\/\/ecole.ac-nice.fr\/valbonne\/matgarbejaire\/wp-content\/uploads\/sites\/6\/2017\/06\/Anniversaire1-768x576.jpg 768w, https:\/\/ecole.ac-nice.fr\/valbonne\/matgarbejaire\/wp-content\/uploads\/sites\/6\/2017\/06\/Anniversaire1.jpg 800w\" sizes=\"auto, (max-width: 285px) 100vw, 285px\" \/><\/p>\n<p style=\"text-align: center\">Anniversaires de juillet et ao\u00fbt<\/p>\n<p style=\"text-align: center\"><em>(Photos \u00e0 venir)<\/em><\/p>\n<p>Pour finir en apoth\u00e9ose par\u00a0 la visite des classes de CP le 27 juillet<\/p>\n<p style=\"text-align: center\">Les \u00e9l\u00e8ves de CP1 nous expliquent le fonctionnement de leur classe<\/p>\n<p style=\"text-align: center\"><img loading=\"lazy\" decoding=\"async\" class=\"alignnone wp-image-578 size-full\" src=\"http:\/\/ecole.ac-nice.fr\/valbonne\/matgarbejaire\/wp-content\/uploads\/sites\/6\/2017\/07\/CPs2.jpg\" alt=\"\" width=\"800\" height=\"600\" srcset=\"https:\/\/ecole.ac-nice.fr\/valbonne\/matgarbejaire\/wp-content\/uploads\/sites\/6\/2017\/07\/CPs2.jpg 800w, https:\/\/ecole.ac-nice.fr\/valbonne\/matgarbejaire\/wp-content\/uploads\/sites\/6\/2017\/07\/CPs2-300x225.jpg 300w, https:\/\/ecole.ac-nice.fr\/valbonne\/matgarbejaire\/wp-content\/uploads\/sites\/6\/2017\/07\/CPs2-768x576.jpg 768w\" sizes=\"auto, (max-width: 800px) 100vw, 800px\" \/><\/p>\n<p style=\"text-align: center\">S\u00e9ance de questions\/r\u00e9ponses dans la classe de CP2<\/p>\n<p style=\"text-align: center\"><img loading=\"lazy\" decoding=\"async\" class=\"alignnone wp-image-580 size-full\" src=\"http:\/\/ecole.ac-nice.fr\/valbonne\/matgarbejaire\/wp-content\/uploads\/sites\/6\/2017\/07\/CPs4.jpg\" alt=\"\" width=\"800\" height=\"600\" srcset=\"https:\/\/ecole.ac-nice.fr\/valbonne\/matgarbejaire\/wp-content\/uploads\/sites\/6\/2017\/07\/CPs4.jpg 800w, https:\/\/ecole.ac-nice.fr\/valbonne\/matgarbejaire\/wp-content\/uploads\/sites\/6\/2017\/07\/CPs4-300x225.jpg 300w, https:\/\/ecole.ac-nice.fr\/valbonne\/matgarbejaire\/wp-content\/uploads\/sites\/6\/2017\/07\/CPs4-768x576.jpg 768w\" sizes=\"auto, (max-width: 800px) 100vw, 800px\" \/><\/p>\n<p style=\"text-align: center\">R\u00e9cr\u00e9ation dans la cour des CP et CE1 pour s&rsquo;impr\u00e9gner des lieux<\/p>\n<p style=\"text-align: center\"><img loading=\"lazy\" decoding=\"async\" class=\"alignnone wp-image-579 size-full\" src=\"http:\/\/ecole.ac-nice.fr\/valbonne\/matgarbejaire\/wp-content\/uploads\/sites\/6\/2017\/07\/CPs5.jpg\" alt=\"\" width=\"800\" height=\"600\" srcset=\"https:\/\/ecole.ac-nice.fr\/valbonne\/matgarbejaire\/wp-content\/uploads\/sites\/6\/2017\/07\/CPs5.jpg 800w, https:\/\/ecole.ac-nice.fr\/valbonne\/matgarbejaire\/wp-content\/uploads\/sites\/6\/2017\/07\/CPs5-300x225.jpg 300w, https:\/\/ecole.ac-nice.fr\/valbonne\/matgarbejaire\/wp-content\/uploads\/sites\/6\/2017\/07\/CPs5-768x576.jpg 768w\" sizes=\"auto, (max-width: 800px) 100vw, 800px\" \/><\/p>\n<p>Et la journ\u00e9e r\u00e9cr\u00e9ative du 30 juin<\/p>\n<p><img loading=\"lazy\" decoding=\"async\" class=\"alignnone wp-image-582 size-full\" src=\"http:\/\/ecole.ac-nice.fr\/valbonne\/matgarbejaire\/wp-content\/uploads\/sites\/6\/2017\/07\/JourneeR1.jpg\" alt=\"\" width=\"1120\" height=\"840\" srcset=\"https:\/\/ecole.ac-nice.fr\/valbonne\/matgarbejaire\/wp-content\/uploads\/sites\/6\/2017\/07\/JourneeR1.jpg 1120w, https:\/\/ecole.ac-nice.fr\/valbonne\/matgarbejaire\/wp-content\/uploads\/sites\/6\/2017\/07\/JourneeR1-300x225.jpg 300w, https:\/\/ecole.ac-nice.fr\/valbonne\/matgarbejaire\/wp-content\/uploads\/sites\/6\/2017\/07\/JourneeR1-768x576.jpg 768w, https:\/\/ecole.ac-nice.fr\/valbonne\/matgarbejaire\/wp-content\/uploads\/sites\/6\/2017\/07\/JourneeR1-1024x768.jpg 1024w\" sizes=\"auto, (max-width: 1120px) 100vw, 1120px\" \/> <img loading=\"lazy\" decoding=\"async\" class=\"alignnone wp-image-584 size-full\" src=\"http:\/\/ecole.ac-nice.fr\/valbonne\/matgarbejaire\/wp-content\/uploads\/sites\/6\/2017\/07\/JourneeR7.jpg\" alt=\"\" width=\"800\" height=\"600\" srcset=\"https:\/\/ecole.ac-nice.fr\/valbonne\/matgarbejaire\/wp-content\/uploads\/sites\/6\/2017\/07\/JourneeR7.jpg 800w, https:\/\/ecole.ac-nice.fr\/valbonne\/matgarbejaire\/wp-content\/uploads\/sites\/6\/2017\/07\/JourneeR7-300x225.jpg 300w, https:\/\/ecole.ac-nice.fr\/valbonne\/matgarbejaire\/wp-content\/uploads\/sites\/6\/2017\/07\/JourneeR7-768x576.jpg 768w\" sizes=\"auto, (max-width: 800px) 100vw, 800px\" \/><\/p>\n<p>Une p\u00e9riode bien remplie, au terme de laquelle des vacances bien m\u00e9rit\u00e9es seront n\u00e9cessaires pour recharger les batteries avant l&rsquo;entr\u00e9e au cours pr\u00e9paratoire.<\/p>\n<p>Daisy et Vanessa se joignent \u00e0 moi pour vous souhaiter \u00e0 tous un tr\u00e8s bel \u00e9t\u00e9 et bonne continuation \u00e0 l&rsquo;\u00e9cole \u00e9l\u00e9mentaire.<\/p>\n<h5 style=\"text-align: center\"><strong>Excellentes vacances \u00e0 tous<\/strong><\/h5>\n<p>&nbsp;<\/p>\n<p>&nbsp;<\/p>\n<p>&nbsp;<\/p>\n<p>&nbsp;<\/p>\n","protected":false},"excerpt":{"rendered":"<p>BILAN PERIODE 5 &#8211; GS6 Cette derni\u00e8re p\u00e9riode de l&rsquo;ann\u00e9e scolaire a \u00e9t\u00e9 consacr\u00e9e en grande partie au projet de classe sur l&rsquo;\u00e9co-citoyennet\u00e9. L&rsquo;objectif \u00e9tait une prise de conscience des gaspillages, des d\u00e9chets engendr\u00e9s par l&rsquo;humain, de la n\u00e9cessit\u00e9 de trier et de recycler pour prot\u00e9ger notre plan\u00e8te&#8230; Voici le projet en image, comportant la &hellip; <a href=\"https:\/\/ecole.ac-nice.fr\/valbonne\/matgarbejaire\/blog\/2017\/07\/02\/bilan-periode-5\/\" class=\"more-link\">Continuer la lecture de <span class=\"screen-reader-text\">Bilan p\u00e9riode 5<\/span> <span class=\"meta-nav\">&rarr;<\/span><\/a><\/p>\n","protected":false},"author":6,"featured_media":0,"comment_status":"open","ping_status":"open","sticky":false,"template":"","format":"standard","meta":{"footnotes":""},"categories":[9],"tags":[],"class_list":["post-503","post","type-post","status-publish","format-standard","hentry","category-gs6"],"_links":{"self":[{"href":"https:\/\/ecole.ac-nice.fr\/valbonne\/matgarbejaire\/wp-json\/wp\/v2\/posts\/503","targetHints":{"allow":["GET"]}}],"collection":[{"href":"https:\/\/ecole.ac-nice.fr\/valbonne\/matgarbejaire\/wp-json\/wp\/v2\/posts"}],"about":[{"href":"https:\/\/ecole.ac-nice.fr\/valbonne\/matgarbejaire\/wp-json\/wp\/v2\/types\/post"}],"author":[{"embeddable":true,"href":"https:\/\/ecole.ac-nice.fr\/valbonne\/matgarbejaire\/wp-json\/wp\/v2\/users\/6"}],"replies":[{"embeddable":true,"href":"https:\/\/ecole.ac-nice.fr\/valbonne\/matgarbejaire\/wp-json\/wp\/v2\/comments?post=503"}],"version-history":[{"count":20,"href":"https:\/\/ecole.ac-nice.fr\/valbonne\/matgarbejaire\/wp-json\/wp\/v2\/posts\/503\/revisions"}],"predecessor-version":[{"id":604,"href":"https:\/\/ecole.ac-nice.fr\/valbonne\/matgarbejaire\/wp-json\/wp\/v2\/posts\/503\/revisions\/604"}],"wp:attachment":[{"href":"https:\/\/ecole.ac-nice.fr\/valbonne\/matgarbejaire\/wp-json\/wp\/v2\/media?parent=503"}],"wp:term":[{"taxonomy":"category","embeddable":true,"href":"https:\/\/ecole.ac-nice.fr\/valbonne\/matgarbejaire\/wp-json\/wp\/v2\/categories?post=503"},{"taxonomy":"post_tag","embeddable":true,"href":"https:\/\/ecole.ac-nice.fr\/valbonne\/matgarbejaire\/wp-json\/wp\/v2\/tags?post=503"}],"curies":[{"name":"wp","href":"https:\/\/api.w.org\/{rel}","templated":true}]}}