{"id":387,"date":"2017-05-06T09:00:52","date_gmt":"2017-05-06T07:00:52","guid":{"rendered":"http:\/\/ecole.ac-nice.fr\/valbonne\/matgarbejaire\/?p=387"},"modified":"2017-05-09T18:10:29","modified_gmt":"2017-05-09T16:10:29","slug":"exposition-maif-les-risques-domestiques","status":"publish","type":"post","link":"https:\/\/ecole.ac-nice.fr\/valbonne\/matgarbejaire\/blog\/2017\/05\/06\/exposition-maif-les-risques-domestiques\/","title":{"rendered":"Exposition MAIF"},"content":{"rendered":"<h3 style=\"text-align: center\"><span style=\"color: #993300\">EXPOSITION MAIF: LES RISQUES DOMESTIQUES<\/span><\/h3>\n<p><span style=\"color: #ff6600\">Du mardi 2 mai 2017 au mardi 9 mai 2017, notre \u00e9cole accueillait l&rsquo;exposition de la MAIF portant sur les risques domestiques. A travers 6 triptyques repr\u00e9sentant les diff\u00e9rents espaces de la maison (le salon, la cuisine, la salle de bain, la chambre d&rsquo;enfant, le garage ou le jardin), nous avons pu d\u00e9couvrir ou red\u00e9couvrir les risques divers et vari\u00e9s auxquels nous pouvons \u00eatre expos\u00e9s. Parmi les divers dangers possibles, nous nous sommes attach\u00e9s \u00e0 tout ce qui pouvait nous faire tomber, nous br\u00fbler, nous couper, nous assommer, nous \u00e9lectrifier (ou \u00e9lectrocuter) ou nous intoxiquer.<\/span><\/p>\n<p><span style=\"color: #ff6600\">Voici quelques photos des s\u00e9ances d&rsquo;exploitation p\u00e9dagogique des panneaux de l&rsquo;exposition:<\/span><\/p>\n<p style=\"text-align: center\"><strong><span style=\"color: #ff6600\">Dans le jardin<\/span><\/strong><\/p>\n<p><span style=\"color: #ff6600\"><img loading=\"lazy\" decoding=\"async\" class=\"aligncenter wp-image-389\" src=\"http:\/\/ecole.ac-nice.fr\/valbonne\/matgarbejaire\/wp-content\/uploads\/sites\/6\/2017\/05\/Risques2-300x225.jpg\" alt=\"\" width=\"500\" height=\"375\" srcset=\"https:\/\/ecole.ac-nice.fr\/valbonne\/matgarbejaire\/wp-content\/uploads\/sites\/6\/2017\/05\/Risques2-300x225.jpg 300w, https:\/\/ecole.ac-nice.fr\/valbonne\/matgarbejaire\/wp-content\/uploads\/sites\/6\/2017\/05\/Risques2-768x576.jpg 768w, https:\/\/ecole.ac-nice.fr\/valbonne\/matgarbejaire\/wp-content\/uploads\/sites\/6\/2017\/05\/Risques2.jpg 800w\" sizes=\"auto, (max-width: 500px) 100vw, 500px\" \/><\/span><\/p>\n<p style=\"text-align: center\"><strong><span style=\"color: #ff6600\">Dans le garage<\/span><\/strong><\/p>\n<p style=\"text-align: center\"><img loading=\"lazy\" decoding=\"async\" class=\"aligncenter wp-image-390\" src=\"http:\/\/ecole.ac-nice.fr\/valbonne\/matgarbejaire\/wp-content\/uploads\/sites\/6\/2017\/05\/Risques3-300x225.jpg\" alt=\"\" width=\"500\" height=\"375\" srcset=\"https:\/\/ecole.ac-nice.fr\/valbonne\/matgarbejaire\/wp-content\/uploads\/sites\/6\/2017\/05\/Risques3-300x225.jpg 300w, https:\/\/ecole.ac-nice.fr\/valbonne\/matgarbejaire\/wp-content\/uploads\/sites\/6\/2017\/05\/Risques3-768x576.jpg 768w, https:\/\/ecole.ac-nice.fr\/valbonne\/matgarbejaire\/wp-content\/uploads\/sites\/6\/2017\/05\/Risques3.jpg 800w\" sizes=\"auto, (max-width: 500px) 100vw, 500px\" \/><\/p>\n","protected":false},"excerpt":{"rendered":"<p>EXPOSITION MAIF: LES RISQUES DOMESTIQUES Du mardi 2 mai 2017 au mardi 9 mai 2017, notre \u00e9cole accueillait l&rsquo;exposition de la MAIF portant sur les risques domestiques. A travers 6 triptyques repr\u00e9sentant les diff\u00e9rents espaces de la maison (le salon, la cuisine, la salle de bain, la chambre d&rsquo;enfant, le garage ou le jardin), nous &hellip; <a href=\"https:\/\/ecole.ac-nice.fr\/valbonne\/matgarbejaire\/blog\/2017\/05\/06\/exposition-maif-les-risques-domestiques\/\" class=\"more-link\">Continuer la lecture de <span class=\"screen-reader-text\">Exposition MAIF<\/span> <span class=\"meta-nav\">&rarr;<\/span><\/a><\/p>\n","protected":false},"author":6,"featured_media":0,"comment_status":"open","ping_status":"open","sticky":false,"template":"","format":"standard","meta":{"footnotes":""},"categories":[3,9],"tags":[],"class_list":["post-387","post","type-post","status-publish","format-standard","hentry","category-classes","category-gs6"],"_links":{"self":[{"href":"https:\/\/ecole.ac-nice.fr\/valbonne\/matgarbejaire\/wp-json\/wp\/v2\/posts\/387","targetHints":{"allow":["GET"]}}],"collection":[{"href":"https:\/\/ecole.ac-nice.fr\/valbonne\/matgarbejaire\/wp-json\/wp\/v2\/posts"}],"about":[{"href":"https:\/\/ecole.ac-nice.fr\/valbonne\/matgarbejaire\/wp-json\/wp\/v2\/types\/post"}],"author":[{"embeddable":true,"href":"https:\/\/ecole.ac-nice.fr\/valbonne\/matgarbejaire\/wp-json\/wp\/v2\/users\/6"}],"replies":[{"embeddable":true,"href":"https:\/\/ecole.ac-nice.fr\/valbonne\/matgarbejaire\/wp-json\/wp\/v2\/comments?post=387"}],"version-history":[{"count":5,"href":"https:\/\/ecole.ac-nice.fr\/valbonne\/matgarbejaire\/wp-json\/wp\/v2\/posts\/387\/revisions"}],"predecessor-version":[{"id":396,"href":"https:\/\/ecole.ac-nice.fr\/valbonne\/matgarbejaire\/wp-json\/wp\/v2\/posts\/387\/revisions\/396"}],"wp:attachment":[{"href":"https:\/\/ecole.ac-nice.fr\/valbonne\/matgarbejaire\/wp-json\/wp\/v2\/media?parent=387"}],"wp:term":[{"taxonomy":"category","embeddable":true,"href":"https:\/\/ecole.ac-nice.fr\/valbonne\/matgarbejaire\/wp-json\/wp\/v2\/categories?post=387"},{"taxonomy":"post_tag","embeddable":true,"href":"https:\/\/ecole.ac-nice.fr\/valbonne\/matgarbejaire\/wp-json\/wp\/v2\/tags?post=387"}],"curies":[{"name":"wp","href":"https:\/\/api.w.org\/{rel}","templated":true}]}}