{"id":368,"date":"2017-05-02T19:00:04","date_gmt":"2017-05-02T17:00:04","guid":{"rendered":"http:\/\/ecole.ac-nice.fr\/valbonne\/matgarbejaire\/?p=368"},"modified":"2017-05-09T17:49:34","modified_gmt":"2017-05-09T15:49:34","slug":"visite-du-potager-de-caroline","status":"publish","type":"post","link":"https:\/\/ecole.ac-nice.fr\/valbonne\/matgarbejaire\/blog\/2017\/05\/02\/visite-du-potager-de-caroline\/","title":{"rendered":"Visite du potager de Caroline"},"content":{"rendered":"<h3 style=\"text-align: center\"><span style=\"color: #008000\">Visite du potager de Caroline<\/span><\/h3>\n<p><span style=\"color: #339966\">Mardi 2 mai, Mme Caroline CIVALLERA a re\u00e7u toutes les classes de l&rsquo;\u00e9cole, les unes apr\u00e8s les autres, dans son potager pour une visite guid\u00e9e tr\u00e8s p\u00e9dagogique.<\/span><\/p>\n<p><span style=\"color: #339966\">Notre classe de grands a commenc\u00e9 par bien \u00e9couter les r\u00e8gles de bonne conduite \u00e0 respecter dans le potager, afin de ne rien ab\u00eemer.<\/span><\/p>\n<p><span style=\"color: #339966\"><img loading=\"lazy\" decoding=\"async\" class=\"aligncenter wp-image-370\" src=\"http:\/\/ecole.ac-nice.fr\/valbonne\/matgarbejaire\/wp-content\/uploads\/sites\/6\/2017\/05\/Potager1.jpg\" alt=\"\" width=\"400\" height=\"533\" srcset=\"https:\/\/ecole.ac-nice.fr\/valbonne\/matgarbejaire\/wp-content\/uploads\/sites\/6\/2017\/05\/Potager1.jpg 600w, https:\/\/ecole.ac-nice.fr\/valbonne\/matgarbejaire\/wp-content\/uploads\/sites\/6\/2017\/05\/Potager1-225x300.jpg 225w\" sizes=\"auto, (max-width: 400px) 100vw, 400px\" \/><\/span><\/p>\n<p><span style=\"color: #339966\">Puis nous avons pu observer avec Caroline les l\u00e9gumes, les fruits et les fleurs de son jardin&#8230; Concernant les l\u00e9gumes, nous avons vu les plants de petits pois, les poireaux, l&rsquo;ail (qui ressemble au poireau), les topinambours qui sont moins avanc\u00e9s que l&rsquo;an dernier&#8230; Nous avons aussi pu sentir ou go\u00fbter:<\/span><\/p>\n<p style=\"text-align: center\"><span style=\"color: #339966\">L&rsquo;odeur de la gousse d&rsquo;ail frais<\/span><\/p>\n<p><span style=\"color: #339966\"><img loading=\"lazy\" decoding=\"async\" class=\"aligncenter wp-image-372\" src=\"http:\/\/ecole.ac-nice.fr\/valbonne\/matgarbejaire\/wp-content\/uploads\/sites\/6\/2017\/05\/Potager3-225x300.jpg\" alt=\"\" width=\"300\" height=\"400\" srcset=\"https:\/\/ecole.ac-nice.fr\/valbonne\/matgarbejaire\/wp-content\/uploads\/sites\/6\/2017\/05\/Potager3-225x300.jpg 225w, https:\/\/ecole.ac-nice.fr\/valbonne\/matgarbejaire\/wp-content\/uploads\/sites\/6\/2017\/05\/Potager3.jpg 600w\" sizes=\"auto, (max-width: 300px) 100vw, 300px\" \/><\/span><\/p>\n<p style=\"text-align: center\"><span style=\"color: #339966\">La tendresse des petites f\u00e8ves primeur<\/span><\/p>\n<p><span style=\"color: #339966\"><img loading=\"lazy\" decoding=\"async\" class=\"aligncenter wp-image-375\" src=\"http:\/\/ecole.ac-nice.fr\/valbonne\/matgarbejaire\/wp-content\/uploads\/sites\/6\/2017\/05\/Potager6-225x300.jpg\" alt=\"\" width=\"400\" height=\"533\" srcset=\"https:\/\/ecole.ac-nice.fr\/valbonne\/matgarbejaire\/wp-content\/uploads\/sites\/6\/2017\/05\/Potager6-225x300.jpg 225w, https:\/\/ecole.ac-nice.fr\/valbonne\/matgarbejaire\/wp-content\/uploads\/sites\/6\/2017\/05\/Potager6.jpg 600w\" sizes=\"auto, (max-width: 400px) 100vw, 400px\" \/><\/span><\/p>\n<p><span style=\"color: #339966\">Ensuite nous avons fait le tour des fruits pr\u00e9sents dans le jardins de Caroline: des framboises, des groseilles, des cerises, des fraises bien s\u00fbr en tour et au sol, du raisin encore &lsquo;b\u00e9b\u00e9&rsquo; dans la vigne grimpante &#8230;. etc<\/span><\/p>\n<p><span style=\"color: #339966\"><img loading=\"lazy\" decoding=\"async\" class=\"aligncenter wp-image-377\" src=\"http:\/\/ecole.ac-nice.fr\/valbonne\/matgarbejaire\/wp-content\/uploads\/sites\/6\/2017\/05\/Potager8-225x300.jpg\" alt=\"\" width=\"300\" height=\"400\" srcset=\"https:\/\/ecole.ac-nice.fr\/valbonne\/matgarbejaire\/wp-content\/uploads\/sites\/6\/2017\/05\/Potager8-225x300.jpg 225w, https:\/\/ecole.ac-nice.fr\/valbonne\/matgarbejaire\/wp-content\/uploads\/sites\/6\/2017\/05\/Potager8.jpg 600w\" sizes=\"auto, (max-width: 300px) 100vw, 300px\" \/> <img loading=\"lazy\" decoding=\"async\" class=\"aligncenter wp-image-378\" src=\"http:\/\/ecole.ac-nice.fr\/valbonne\/matgarbejaire\/wp-content\/uploads\/sites\/6\/2017\/05\/Potager9-225x300.jpg\" alt=\"\" width=\"300\" height=\"400\" srcset=\"https:\/\/ecole.ac-nice.fr\/valbonne\/matgarbejaire\/wp-content\/uploads\/sites\/6\/2017\/05\/Potager9-225x300.jpg 225w, https:\/\/ecole.ac-nice.fr\/valbonne\/matgarbejaire\/wp-content\/uploads\/sites\/6\/2017\/05\/Potager9.jpg 600w\" sizes=\"auto, (max-width: 300px) 100vw, 300px\" \/><\/span><\/p>\n<p><span style=\"color: #339966\">Enfin nous avons termin\u00e9 par les fleurs qui sont aussi tr\u00e8s pr\u00e9sentes dans le jardins de Caroline, \u00e0 commencer par la fleur d&rsquo;ail, puis plus commun\u00e9ment de magnifiques roses et des iris majestueuses.<\/span><\/p>\n<p><img loading=\"lazy\" decoding=\"async\" class=\"alignnone size-medium wp-image-373\" src=\"http:\/\/ecole.ac-nice.fr\/valbonne\/matgarbejaire\/wp-content\/uploads\/sites\/6\/2017\/05\/Potager4-225x300.jpg\" alt=\"\" width=\"225\" height=\"300\" srcset=\"https:\/\/ecole.ac-nice.fr\/valbonne\/matgarbejaire\/wp-content\/uploads\/sites\/6\/2017\/05\/Potager4-225x300.jpg 225w, https:\/\/ecole.ac-nice.fr\/valbonne\/matgarbejaire\/wp-content\/uploads\/sites\/6\/2017\/05\/Potager4.jpg 600w\" sizes=\"auto, (max-width: 225px) 100vw, 225px\" \/> <img loading=\"lazy\" decoding=\"async\" class=\"alignnone size-medium wp-image-381\" src=\"http:\/\/ecole.ac-nice.fr\/valbonne\/matgarbejaire\/wp-content\/uploads\/sites\/6\/2017\/05\/Potager12-225x300.jpg\" alt=\"\" width=\"225\" height=\"300\" srcset=\"https:\/\/ecole.ac-nice.fr\/valbonne\/matgarbejaire\/wp-content\/uploads\/sites\/6\/2017\/05\/Potager12-225x300.jpg 225w, https:\/\/ecole.ac-nice.fr\/valbonne\/matgarbejaire\/wp-content\/uploads\/sites\/6\/2017\/05\/Potager12.jpg 600w\" sizes=\"auto, (max-width: 225px) 100vw, 225px\" \/><\/p>\n<p><img loading=\"lazy\" decoding=\"async\" class=\"alignnone size-medium wp-image-380\" src=\"http:\/\/ecole.ac-nice.fr\/valbonne\/matgarbejaire\/wp-content\/uploads\/sites\/6\/2017\/05\/Potager11-225x300.jpg\" alt=\"\" width=\"225\" height=\"300\" srcset=\"https:\/\/ecole.ac-nice.fr\/valbonne\/matgarbejaire\/wp-content\/uploads\/sites\/6\/2017\/05\/Potager11-225x300.jpg 225w, https:\/\/ecole.ac-nice.fr\/valbonne\/matgarbejaire\/wp-content\/uploads\/sites\/6\/2017\/05\/Potager11.jpg 600w\" sizes=\"auto, (max-width: 225px) 100vw, 225px\" \/> <img loading=\"lazy\" decoding=\"async\" class=\"alignnone size-medium wp-image-379\" src=\"http:\/\/ecole.ac-nice.fr\/valbonne\/matgarbejaire\/wp-content\/uploads\/sites\/6\/2017\/05\/Potager10-225x300.jpg\" alt=\"\" width=\"225\" height=\"300\" srcset=\"https:\/\/ecole.ac-nice.fr\/valbonne\/matgarbejaire\/wp-content\/uploads\/sites\/6\/2017\/05\/Potager10-225x300.jpg 225w, https:\/\/ecole.ac-nice.fr\/valbonne\/matgarbejaire\/wp-content\/uploads\/sites\/6\/2017\/05\/Potager10.jpg 600w\" sizes=\"auto, (max-width: 225px) 100vw, 225px\" \/><\/p>\n<p><img loading=\"lazy\" decoding=\"async\" class=\"alignnone size-medium wp-image-382\" src=\"http:\/\/ecole.ac-nice.fr\/valbonne\/matgarbejaire\/wp-content\/uploads\/sites\/6\/2017\/05\/Potager13-225x300.jpg\" alt=\"\" width=\"225\" height=\"300\" srcset=\"https:\/\/ecole.ac-nice.fr\/valbonne\/matgarbejaire\/wp-content\/uploads\/sites\/6\/2017\/05\/Potager13-225x300.jpg 225w, https:\/\/ecole.ac-nice.fr\/valbonne\/matgarbejaire\/wp-content\/uploads\/sites\/6\/2017\/05\/Potager13.jpg 600w\" sizes=\"auto, (max-width: 225px) 100vw, 225px\" \/><\/p>\n<p><span style=\"color: #339966\">Un grand merci \u00e0 Caroline pour sa gentillesse et sa patience, cette visite fut extr\u00eamement appr\u00e9ci\u00e9e des \u00e9l\u00e8ves et tr\u00e8s compl\u00e9mentaire avec nos propres activit\u00e9s de plantation d&rsquo;osier.<\/span><\/p>\n<p>&nbsp;<\/p>\n","protected":false},"excerpt":{"rendered":"<p>Visite du potager de Caroline Mardi 2 mai, Mme Caroline CIVALLERA a re\u00e7u toutes les classes de l&rsquo;\u00e9cole, les unes apr\u00e8s les autres, dans son potager pour une visite guid\u00e9e tr\u00e8s p\u00e9dagogique. Notre classe de grands a commenc\u00e9 par bien \u00e9couter les r\u00e8gles de bonne conduite \u00e0 respecter dans le potager, afin de ne rien &hellip; <a href=\"https:\/\/ecole.ac-nice.fr\/valbonne\/matgarbejaire\/blog\/2017\/05\/02\/visite-du-potager-de-caroline\/\" class=\"more-link\">Continuer la lecture de <span class=\"screen-reader-text\">Visite du potager de Caroline<\/span> <span class=\"meta-nav\">&rarr;<\/span><\/a><\/p>\n","protected":false},"author":6,"featured_media":0,"comment_status":"open","ping_status":"open","sticky":false,"template":"","format":"standard","meta":{"footnotes":""},"categories":[3,9],"tags":[],"class_list":["post-368","post","type-post","status-publish","format-standard","hentry","category-classes","category-gs6"],"_links":{"self":[{"href":"https:\/\/ecole.ac-nice.fr\/valbonne\/matgarbejaire\/wp-json\/wp\/v2\/posts\/368","targetHints":{"allow":["GET"]}}],"collection":[{"href":"https:\/\/ecole.ac-nice.fr\/valbonne\/matgarbejaire\/wp-json\/wp\/v2\/posts"}],"about":[{"href":"https:\/\/ecole.ac-nice.fr\/valbonne\/matgarbejaire\/wp-json\/wp\/v2\/types\/post"}],"author":[{"embeddable":true,"href":"https:\/\/ecole.ac-nice.fr\/valbonne\/matgarbejaire\/wp-json\/wp\/v2\/users\/6"}],"replies":[{"embeddable":true,"href":"https:\/\/ecole.ac-nice.fr\/valbonne\/matgarbejaire\/wp-json\/wp\/v2\/comments?post=368"}],"version-history":[{"count":3,"href":"https:\/\/ecole.ac-nice.fr\/valbonne\/matgarbejaire\/wp-json\/wp\/v2\/posts\/368\/revisions"}],"predecessor-version":[{"id":386,"href":"https:\/\/ecole.ac-nice.fr\/valbonne\/matgarbejaire\/wp-json\/wp\/v2\/posts\/368\/revisions\/386"}],"wp:attachment":[{"href":"https:\/\/ecole.ac-nice.fr\/valbonne\/matgarbejaire\/wp-json\/wp\/v2\/media?parent=368"}],"wp:term":[{"taxonomy":"category","embeddable":true,"href":"https:\/\/ecole.ac-nice.fr\/valbonne\/matgarbejaire\/wp-json\/wp\/v2\/categories?post=368"},{"taxonomy":"post_tag","embeddable":true,"href":"https:\/\/ecole.ac-nice.fr\/valbonne\/matgarbejaire\/wp-json\/wp\/v2\/tags?post=368"}],"curies":[{"name":"wp","href":"https:\/\/api.w.org\/{rel}","templated":true}]}}