{"id":3585,"date":"2023-06-24T09:38:09","date_gmt":"2023-06-24T07:38:09","guid":{"rendered":"https:\/\/ecole.ac-nice.fr\/valbonne\/matgarbejaire\/?p=3585"},"modified":"2024-04-01T09:42:32","modified_gmt":"2024-04-01T07:42:32","slug":"presentation-de-lecole","status":"publish","type":"post","link":"https:\/\/ecole.ac-nice.fr\/valbonne\/matgarbejaire\/blog\/2023\/06\/24\/presentation-de-lecole\/","title":{"rendered":"Pr\u00e9sentation de l&rsquo;\u00e9cole"},"content":{"rendered":"<p>Notre \u00e9cole compte 4 classes : une petite section, une petite et moyenne section, une moyenne et grande section et une grande section. A la rentr\u00e9e 2024, nous aurons la chance de b\u00e9n\u00e9ficier d&rsquo;une ouverture de classe. Il y aura donc 5 classes.<\/p>\n<p><span style=\"color: #00ff00\"><em><strong>Horaires .<\/strong><\/em><\/span><\/p>\n<ul>\n<li>Arriv\u00e9e des \u00e9l\u00e8ves le matin: entre 8h10 et 8h20<\/li>\n<li>Fin de la matin\u00e9e d&rsquo;\u00e9cole: 11h30<\/li>\n<li>Arriv\u00e9e des \u00e9l\u00e8ves l&rsquo;apr\u00e8s-midi: entre 13h30 et 13h40<\/li>\n<li>Fin de l&rsquo;apr\u00e8s-midi d&rsquo;\u00e9cole: 16h30<\/li>\n<\/ul>\n<p><span style=\"color: #00ff00\"><em><strong>Projets p\u00e9dagogiques<\/strong><\/em><\/span><\/p>\n<p>Nous avons la chance de profiter d&rsquo;<span style=\"color: #339966\"><strong>une initiation \u00e0 l&rsquo;italien dans toutes les classes<\/strong><\/span>, en lien avec l&rsquo;\u00e9cole \u00e9l\u00e9mentaire Garbeja\u00efre qui accueille une <strong>section italienne\u00a0 gratuite d\u00e8s le CP<\/strong>. En 2023-2024, toutes les classes d\u00e9gusteront un <span style=\"color: #339966\"><strong>go\u00fbter de No\u00ebl italien<\/strong><\/span> et recevront la visite de <span style=\"color: #339966\"><strong>la Befana<\/strong><\/span>, sorci\u00e8re traditionnelle italienne, en janvier.<\/p>\n<p>Nous b\u00e9n\u00e9ficions des <span style=\"color: #339966\"><strong>interventions du conservatoire de Valbonne<\/strong><\/span> dans toutes les classes. L&rsquo;\u00e9cole \u00e9l\u00e9mentaire accueille des\u00a0 <strong><span style=\"color: #339966\">CHAM , classes \u00e0 horaires am\u00e9nag\u00e9es musicales<\/span><\/strong>: cela permet aux enfants de <strong>suivre gratuitement le cours d&rsquo;instrument, la formation musicale et la chorale\u00a0 avec des professeurs du conservatoire de Valbonne pendant le temps scolaire.<\/strong><\/p>\n<p>Depuis septembre 2012, tous les \u00e9l\u00e8ves portent un <strong><span style=\"color: #339966\">tablier pour am\u00e9liorer le climat scolaire<\/span><\/strong>. Nice-Matin a publi\u00e9 un article \u00e0 ce sujet: <a href=\"https:\/\/www.nicematin.com\/faits-divers\/tabliers-solidaires-a-la-maternelle-de-garbejaire-359273\">https:\/\/www.nicematin.com\/faits-divers\/tabliers-solidaires-a-la-maternelle-de-garbejaire-359273<\/a><\/p>\n<p>Depuis septembre 2020, chaque ann\u00e9e, <span style=\"color: #339966\"><strong>toutes les classes travaillent sur les m\u00eames albums de litt\u00e9rature jeunesse<\/strong><\/span>. En 2023-2024, nous travaillons sur le<span style=\"color: #339966\"><strong> th\u00e8me de l&rsquo;amiti\u00e9 <\/strong><span style=\"color: #000000\">en lien avec un autre projet<\/span><strong> \u00ab\u00a0maternelle et Cin\u00e9ma\u00a0\u00bb. <\/strong><span style=\"color: #000000\">En effet toutes les classes iront assister \u00e0 2 ou 3 projections dans l&rsquo;ann\u00e9e au cin\u00e9ma de l&rsquo;Alma au CIV.<\/span><\/span><\/p>\n<p>En 2023-2024, nous participerons\u00a0 \u00e0 la <span style=\"color: #339966\"><strong>Semaine des Math\u00e9matiques sur le th\u00e8me des Juex Olympiques.<\/strong><\/span><\/p>\n<p><span style=\"color: #00ff00\"><em><strong>Activit\u00e9s physiques<\/strong><\/em><\/span><\/p>\n<ul>\n<li>Toutes classes apprennent \u00e0 <span style=\"color: #339966\"><strong>se d\u00e9placer sur des engins roulants<\/strong><\/span> dans la grande cour de l&rsquo;\u00e9cole\u00a0<a href=\"https:\/\/ecole.ac-nice.fr\/valbonne\/matgarbejaire\/blog\/2023\/06\/06\/engins-roulants\/\">https:\/\/ecole.ac-nice.fr\/valbonne\/matgarbejaire\/blog\/2023\/06\/06\/engins-roulants\/<\/a><\/li>\n<li>Toutes les classes suivent des <span style=\"color: #339966\"><strong>parcours<\/strong><\/span> dans la salle de motricit\u00e9 une ou deux fois par semaine <a href=\"https:\/\/ecole.ac-nice.fr\/valbonne\/matgarbejaire\/blog\/2023\/06\/06\/parcours-de-motricite\/\">https:\/\/ecole.ac-nice.fr\/valbonne\/matgarbejaire\/blog\/2023\/06\/06\/parcours-de-motricite\/<\/a><\/li>\n<\/ul>\n<p><span style=\"color: #00ff00\"><strong>\u00a0F<em>\u00eates, sorties et spectacles<\/em><\/strong><em>:<\/em><\/span><\/p>\n<ul>\n<li>\u00e0 <span style=\"color: #339966\"><strong>No\u00ebl<\/strong><\/span>, spectacle ( marionnettes ou\u00a0 conteur ou musicien&#8230;) \u00e0 l&rsquo;\u00e9cole <a href=\"https:\/\/ecole.ac-nice.fr\/valbonne\/matgarbejaire\/blog\/2023\/01\/16\/spectacle-de-noel\/\">\u00a0 \u00a0 \u00a0\u00a0<\/a><a href=\"https:\/\/ecole.ac-nice.fr\/valbonne\/matgarbejaire\/blog\/2023\/01\/16\/spectacle-de-noel\/\">https:\/\/ecole.ac-nice.fr\/valbonne\/matgarbejaire\/blog\/2023\/01\/16\/spectacle-de-noel\/<\/a><\/li>\n<li>\u00e0\u00a0 <span style=\"color: #339966\"><strong>No\u00ebl<\/strong><\/span>, go\u00fbter et cadeau pour chaque enfant\u00a0<a href=\"https:\/\/ecole.ac-nice.fr\/valbonne\/matgarbejaire\/blog\/2023\/01\/16\/festivites-de-noel\/\">https:\/\/ecole.ac-nice.fr\/valbonne\/matgarbejaire\/blog\/2023\/01\/16\/festivites-de-noel\/<\/a><\/li>\n<li>en janvier, <strong><span style=\"color: #339966\">la Befana<\/span><\/strong>, sorci\u00e8re traditionnelle italienne, vient \u00e0 l&rsquo;\u00e9cole apporter des bonbons aux enfants sages\u00a0<a href=\"https:\/\/ecole.ac-nice.fr\/valbonne\/matgarbejaire\/blog\/2023\/01\/16\/venue-de-la-befana\/\">https:\/\/ecole.ac-nice.fr\/valbonne\/matgarbejaire\/blog\/2023\/01\/16\/venue-de-la-befana\/<\/a><\/li>\n<li>en janvier, nous d\u00e9gustons tous ensemble une d\u00e9licieuse <span style=\"color: #339966\"><strong>galette, <\/strong><span style=\"color: #000000\">coiff\u00e9s des magnifiques couronnes r\u00e9alis\u00e9es en classe\u00a0<a href=\"https:\/\/ecole.ac-nice.fr\/valbonne\/matgarbejaire\/blog\/2023\/03\/26\/fete-des-rois\/\">https:\/\/ecole.ac-nice.fr\/valbonne\/matgarbejaire\/blog\/2023\/03\/26\/fete-des-rois\/<\/a><\/span><\/span><\/li>\n<li>en f\u00e9vrier, les enfants costum\u00e9s font une bataille de confettis dans la cour pour le <strong><span style=\"color: #339966\">carnaval<\/span><\/strong><\/li>\n<li>en mars, les ATSEM organisent un \u00e9v\u00e9nement pour la<span style=\"color: #339966\"><strong> journ\u00e9e nationale des ATSEM <\/strong><a href=\"https:\/\/ecole.ac-nice.fr\/valbonne\/matgarbejaire\/blog\/2023\/03\/26\/journee-nationale-des-atsem\/\">https:\/\/ecole.ac-nice.fr\/valbonne\/matgarbejaire\/blog\/2023\/03\/26\/journee-nationale-des-atsem\/<\/a><\/span><\/li>\n<li>toutes les classes vont \u00e0 la <span style=\"color: #339966\"><strong>m\u00e9diath\u00e8que<\/strong> <\/span>une fois par an\u00a0<a href=\"https:\/\/ecole.ac-nice.fr\/valbonne\/matgarbejaire\/blog\/2023\/05\/10\/visite-de-la-mediatheque-par-a-ps-le-7-avril-2023\/\">https:\/\/ecole.ac-nice.fr\/valbonne\/matgarbejaire\/blog\/2023\/05\/10\/visite-de-la-mediatheque-par-a-ps-le-7-avril-2023\/<\/a><\/li>\n<li>toutes les classes vont au moins une fois par an \u00e0 un <strong><span style=\"color: #339966\">mus\u00e9e d&rsquo;Arts<\/span><\/strong> ( Mus\u00e9e Fernand L\u00e9ger de Biot, Mus\u00e9e Magnelli-Picasso de Vallauris&#8230;.) ou au <span style=\"color: #339966\"><strong>cin\u00e9ma<\/strong><\/span> <a href=\"https:\/\/ecole.ac-nice.fr\/valbonne\/matgarbejaire\/blog\/2023\/05\/10\/visite-du-musee-magnelli-de-la-ps\/\">https:\/\/ecole.ac-nice.fr\/valbonne\/matgarbejaire\/blog\/2023\/05\/10\/visite-du-musee-magnelli-de-la-ps\/<\/a><\/li>\n<li><strong><span style=\"color: #339966\">spectacle<\/span><\/strong> \u00e0 l&rsquo;\u00e9cole au troisi\u00e8me trimestre\u00a0 <a href=\"https:\/\/ecole.ac-nice.fr\/valbonne\/matgarbejaire\/blog\/2023\/05\/10\/spectacle-super-papou-contre-monsieur-plastique\/\">https:\/\/ecole.ac-nice.fr\/valbonne\/matgarbejaire\/blog\/2023\/05\/10\/spectacle-super-papou-contre-monsieur-plastique\/<\/a><\/li>\n<\/ul>\n<p><span style=\"color: #00ff00\"><strong><em>Liaison avec la cr\u00e8che et avec le CP<\/em><\/strong><\/span><\/p>\n<ul>\n<li><strong><span style=\"color: #339966\">La cr\u00e8che des Petits Canaillous, la cr\u00e8che de Garbeja\u00efre et la halte-garderie de Garbeja\u00efre<\/span><\/strong> viennent au <span style=\"color: #339966\"><strong>mois de juin<\/strong><\/span> passer 1h30 \u00e0 l&rsquo;\u00e9cole: les enfants participent \u00e0 une s\u00e9ance de motricit\u00e9, visitent l&rsquo;\u00e9cole, jouent dans les coins jeux de la petite section puis sortent en r\u00e9cr\u00e9ation avec la classe de petite section<\/li>\n<li>les \u00e9l\u00e8ves de grande section participent aux <span style=\"color: #339966\"><strong>rencontres sportives GS\/CP<\/strong><\/span> du groupe scolaire Garbeja\u00efre. C&rsquo;est l&rsquo;occasion pour les enfants de rencontrer les ma\u00eetresses de CP, de participer \u00e0 des jeux sportifs avec les CP et de vivre une r\u00e9cr\u00e9ation avec les CP et d\u00e9couvrir les cours de l&rsquo;\u00e9cole \u00e9l\u00e9mentaire <a href=\"https:\/\/ecole.ac-nice.fr\/valbonne\/matgarbejaire\/blog\/2023\/06\/06\/rencontres-sportives-gs-cp\/\">https:\/\/ecole.ac-nice.fr\/valbonne\/matgarbejaire\/blog\/2023\/06\/06\/rencontres-sportives-gs-cp\/<\/a><\/li>\n<\/ul>\n","protected":false},"excerpt":{"rendered":"<p>Notre \u00e9cole compte 4 classes : une petite section, une petite et moyenne section, une moyenne et grande section et une grande section. A la rentr\u00e9e 2024, nous aurons la chance de b\u00e9n\u00e9ficier d&rsquo;une ouverture de classe. Il y aura donc 5 classes. Horaires . Arriv\u00e9e des \u00e9l\u00e8ves le matin: entre 8h10 et 8h20 Fin &hellip; <a href=\"https:\/\/ecole.ac-nice.fr\/valbonne\/matgarbejaire\/blog\/2023\/06\/24\/presentation-de-lecole\/\" class=\"more-link\">Continuer la lecture de <span class=\"screen-reader-text\">Pr\u00e9sentation de l&rsquo;\u00e9cole<\/span> <span class=\"meta-nav\">&rarr;<\/span><\/a><\/p>\n","protected":false},"author":6,"featured_media":0,"comment_status":"open","ping_status":"open","sticky":false,"template":"","format":"standard","meta":{"footnotes":""},"categories":[64,2,6],"tags":[],"class_list":["post-3585","post","type-post","status-publish","format-standard","hentry","category-2022-2023","category-ecole","category-presntation"],"_links":{"self":[{"href":"https:\/\/ecole.ac-nice.fr\/valbonne\/matgarbejaire\/wp-json\/wp\/v2\/posts\/3585","targetHints":{"allow":["GET"]}}],"collection":[{"href":"https:\/\/ecole.ac-nice.fr\/valbonne\/matgarbejaire\/wp-json\/wp\/v2\/posts"}],"about":[{"href":"https:\/\/ecole.ac-nice.fr\/valbonne\/matgarbejaire\/wp-json\/wp\/v2\/types\/post"}],"author":[{"embeddable":true,"href":"https:\/\/ecole.ac-nice.fr\/valbonne\/matgarbejaire\/wp-json\/wp\/v2\/users\/6"}],"replies":[{"embeddable":true,"href":"https:\/\/ecole.ac-nice.fr\/valbonne\/matgarbejaire\/wp-json\/wp\/v2\/comments?post=3585"}],"version-history":[{"count":13,"href":"https:\/\/ecole.ac-nice.fr\/valbonne\/matgarbejaire\/wp-json\/wp\/v2\/posts\/3585\/revisions"}],"predecessor-version":[{"id":3671,"href":"https:\/\/ecole.ac-nice.fr\/valbonne\/matgarbejaire\/wp-json\/wp\/v2\/posts\/3585\/revisions\/3671"}],"wp:attachment":[{"href":"https:\/\/ecole.ac-nice.fr\/valbonne\/matgarbejaire\/wp-json\/wp\/v2\/media?parent=3585"}],"wp:term":[{"taxonomy":"category","embeddable":true,"href":"https:\/\/ecole.ac-nice.fr\/valbonne\/matgarbejaire\/wp-json\/wp\/v2\/categories?post=3585"},{"taxonomy":"post_tag","embeddable":true,"href":"https:\/\/ecole.ac-nice.fr\/valbonne\/matgarbejaire\/wp-json\/wp\/v2\/tags?post=3585"}],"curies":[{"name":"wp","href":"https:\/\/api.w.org\/{rel}","templated":true}]}}