{"id":344,"date":"2017-04-28T18:35:57","date_gmt":"2017-04-28T16:35:57","guid":{"rendered":"http:\/\/ecole.ac-nice.fr\/valbonne\/matgarbejaire\/?p=344"},"modified":"2017-09-08T17:53:19","modified_gmt":"2017-09-08T15:53:19","slug":"cake-aux-fraises-tagada-pour-les-anniversaires-davril","status":"publish","type":"post","link":"https:\/\/ecole.ac-nice.fr\/valbonne\/matgarbejaire\/blog\/2017\/04\/28\/cake-aux-fraises-tagada-pour-les-anniversaires-davril\/","title":{"rendered":"Cake aux fraises tagada pour les anniversaires d&rsquo;avril"},"content":{"rendered":"<p>Vendredi 28 avril, on a f\u00eat\u00e9 l&rsquo;<span style=\"color: #ff00ff\">anniversaire de Dina et Louna<\/span> qui ont eu 6 ans en avril. On a fait des cakes aux <span style=\"color: #ff00ff\">fraises tagada<\/span> pour changer car on avait d\u00e9j\u00e0 cuisin\u00e9:<\/p>\n<ul>\n<li>un g\u00e2teau aux yaourt<\/li>\n<li>un g\u00e2teau aux pommes<\/li>\n<li>une galette \u00e0 la frangipane<\/li>\n<li>un g\u00e2teau au chocolat<\/li>\n<li>un marbr\u00e9<\/li>\n<\/ul>\n<p>En premier, on a mis le beurre, le lait et les fraises tagada dans une casserole.<img loading=\"lazy\" decoding=\"async\" class=\"alignnone size-medium wp-image-345\" src=\"http:\/\/ecole.ac-nice.fr\/valbonne\/matgarbejaire\/wp-content\/uploads\/sites\/6\/2017\/04\/tagada01-300x168.jpg\" alt=\"\" width=\"300\" height=\"168\" srcset=\"https:\/\/ecole.ac-nice.fr\/valbonne\/matgarbejaire\/wp-content\/uploads\/sites\/6\/2017\/04\/tagada01-300x168.jpg 300w, https:\/\/ecole.ac-nice.fr\/valbonne\/matgarbejaire\/wp-content\/uploads\/sites\/6\/2017\/04\/tagada01.jpg 350w\" sizes=\"auto, (max-width: 300px) 100vw, 300px\" \/><\/p>\n<p>Ensuite, on a tout fait fondre en mettant la casserole sur la plaque \u00e9lectrique.<\/p>\n<p><img loading=\"lazy\" decoding=\"async\" class=\"alignnone size-medium wp-image-346\" src=\"http:\/\/ecole.ac-nice.fr\/valbonne\/matgarbejaire\/wp-content\/uploads\/sites\/6\/2017\/04\/tagada02-169x300.jpg\" alt=\"\" width=\"169\" height=\"300\" srcset=\"https:\/\/ecole.ac-nice.fr\/valbonne\/matgarbejaire\/wp-content\/uploads\/sites\/6\/2017\/04\/tagada02-169x300.jpg 169w, https:\/\/ecole.ac-nice.fr\/valbonne\/matgarbejaire\/wp-content\/uploads\/sites\/6\/2017\/04\/tagada02.jpg 350w\" sizes=\"auto, (max-width: 169px) 100vw, 169px\" \/><\/p>\n<p>Peu \u00e0 peu, le m\u00e9lange est devenu rose clair.<\/p>\n<p><img loading=\"lazy\" decoding=\"async\" class=\"alignnone size-medium wp-image-347\" src=\"http:\/\/ecole.ac-nice.fr\/valbonne\/matgarbejaire\/wp-content\/uploads\/sites\/6\/2017\/04\/tagada03-300x168.jpg\" alt=\"\" width=\"300\" height=\"168\" srcset=\"https:\/\/ecole.ac-nice.fr\/valbonne\/matgarbejaire\/wp-content\/uploads\/sites\/6\/2017\/04\/tagada03-300x168.jpg 300w, https:\/\/ecole.ac-nice.fr\/valbonne\/matgarbejaire\/wp-content\/uploads\/sites\/6\/2017\/04\/tagada03.jpg 350w\" sizes=\"auto, (max-width: 300px) 100vw, 300px\" \/><\/p>\n<p>Pendant que m\u00e9lange aux fraises tagada refroidissait, dans un saladier, on a m\u00e9lang\u00e9 les \u0153ufs et le sucre.<\/p>\n<p><img loading=\"lazy\" decoding=\"async\" class=\"alignnone size-medium wp-image-348\" src=\"http:\/\/ecole.ac-nice.fr\/valbonne\/matgarbejaire\/wp-content\/uploads\/sites\/6\/2017\/04\/tagada2-169x300.jpg\" alt=\"\" width=\"169\" height=\"300\" srcset=\"https:\/\/ecole.ac-nice.fr\/valbonne\/matgarbejaire\/wp-content\/uploads\/sites\/6\/2017\/04\/tagada2-169x300.jpg 169w, https:\/\/ecole.ac-nice.fr\/valbonne\/matgarbejaire\/wp-content\/uploads\/sites\/6\/2017\/04\/tagada2.jpg 350w\" sizes=\"auto, (max-width: 169px) 100vw, 169px\" \/><\/p>\n<p>On a ajout\u00e9 la farine et la levure en m\u00e9langeant bien pour ne pas faire de grumeaux.<\/p>\n<p><img loading=\"lazy\" decoding=\"async\" class=\"alignnone size-medium wp-image-349\" src=\"http:\/\/ecole.ac-nice.fr\/valbonne\/matgarbejaire\/wp-content\/uploads\/sites\/6\/2017\/04\/tagada4-169x300.jpg\" alt=\"\" width=\"169\" height=\"300\" srcset=\"https:\/\/ecole.ac-nice.fr\/valbonne\/matgarbejaire\/wp-content\/uploads\/sites\/6\/2017\/04\/tagada4-169x300.jpg 169w, https:\/\/ecole.ac-nice.fr\/valbonne\/matgarbejaire\/wp-content\/uploads\/sites\/6\/2017\/04\/tagada4.jpg 350w\" sizes=\"auto, (max-width: 169px) 100vw, 169px\" \/><\/p>\n<p>Apr\u00e8s on a ajout\u00e9 le m\u00e9lange aux fraises tagada.<\/p>\n<p><img loading=\"lazy\" decoding=\"async\" class=\"alignnone size-medium wp-image-350\" src=\"http:\/\/ecole.ac-nice.fr\/valbonne\/matgarbejaire\/wp-content\/uploads\/sites\/6\/2017\/04\/tagada6-300x168.jpg\" alt=\"\" width=\"300\" height=\"168\" srcset=\"https:\/\/ecole.ac-nice.fr\/valbonne\/matgarbejaire\/wp-content\/uploads\/sites\/6\/2017\/04\/tagada6-300x168.jpg 300w, https:\/\/ecole.ac-nice.fr\/valbonne\/matgarbejaire\/wp-content\/uploads\/sites\/6\/2017\/04\/tagada6.jpg 350w\" sizes=\"auto, (max-width: 300px) 100vw, 300px\" \/><\/p>\n<p>On a tout vers\u00e9 dans un moule.<\/p>\n<p><img loading=\"lazy\" decoding=\"async\" class=\"alignnone size-medium wp-image-351\" src=\"http:\/\/ecole.ac-nice.fr\/valbonne\/matgarbejaire\/wp-content\/uploads\/sites\/6\/2017\/04\/tagada7-300x168.jpg\" alt=\"\" width=\"300\" height=\"168\" srcset=\"https:\/\/ecole.ac-nice.fr\/valbonne\/matgarbejaire\/wp-content\/uploads\/sites\/6\/2017\/04\/tagada7-300x168.jpg 300w, https:\/\/ecole.ac-nice.fr\/valbonne\/matgarbejaire\/wp-content\/uploads\/sites\/6\/2017\/04\/tagada7.jpg 350w\" sizes=\"auto, (max-width: 300px) 100vw, 300px\" \/><\/p>\n<p>Puis on a fait cuire le g\u00e2teau. Apr\u00e8s la cuisson, il n&rsquo;\u00e9tait plus rose mais il avit un d\u00e9licieux go\u00fbt de fraises tagada! On a l&rsquo;a d\u00e9gust\u00e9 avec les boissons et les bonbons apport\u00e9s par Louna et Dina: merci \u00e0 leurs parents.<\/p>\n<p><img loading=\"lazy\" decoding=\"async\" class=\"alignnone size-medium wp-image-352\" src=\"http:\/\/ecole.ac-nice.fr\/valbonne\/matgarbejaire\/wp-content\/uploads\/sites\/6\/2017\/04\/tagada8-300x168.jpg\" alt=\"\" width=\"300\" height=\"168\" srcset=\"https:\/\/ecole.ac-nice.fr\/valbonne\/matgarbejaire\/wp-content\/uploads\/sites\/6\/2017\/04\/tagada8-300x168.jpg 300w, https:\/\/ecole.ac-nice.fr\/valbonne\/matgarbejaire\/wp-content\/uploads\/sites\/6\/2017\/04\/tagada8.jpg 350w\" sizes=\"auto, (max-width: 300px) 100vw, 300px\" \/><\/p>\n<p>&nbsp;<\/p>\n","protected":false},"excerpt":{"rendered":"<p>Vendredi 28 avril, on a f\u00eat\u00e9 l&rsquo;anniversaire de Dina et Louna qui ont eu 6 ans en avril. On a fait des cakes aux fraises tagada pour changer car on avait d\u00e9j\u00e0 cuisin\u00e9: un g\u00e2teau aux yaourt un g\u00e2teau aux pommes une galette \u00e0 la frangipane un g\u00e2teau au chocolat un marbr\u00e9 En premier, on &hellip; <a href=\"https:\/\/ecole.ac-nice.fr\/valbonne\/matgarbejaire\/blog\/2017\/04\/28\/cake-aux-fraises-tagada-pour-les-anniversaires-davril\/\" class=\"more-link\">Continuer la lecture de <span class=\"screen-reader-text\">Cake aux fraises tagada pour les anniversaires d&rsquo;avril<\/span> <span class=\"meta-nav\">&rarr;<\/span><\/a><\/p>\n","protected":false},"author":6,"featured_media":0,"comment_status":"open","ping_status":"open","sticky":false,"template":"","format":"standard","meta":{"footnotes":""},"categories":[40,3,26],"tags":[],"class_list":["post-344","post","type-post","status-publish","format-standard","hentry","category-2016-2017-ms-gs5","category-classes","category-ms-gs5"],"_links":{"self":[{"href":"https:\/\/ecole.ac-nice.fr\/valbonne\/matgarbejaire\/wp-json\/wp\/v2\/posts\/344","targetHints":{"allow":["GET"]}}],"collection":[{"href":"https:\/\/ecole.ac-nice.fr\/valbonne\/matgarbejaire\/wp-json\/wp\/v2\/posts"}],"about":[{"href":"https:\/\/ecole.ac-nice.fr\/valbonne\/matgarbejaire\/wp-json\/wp\/v2\/types\/post"}],"author":[{"embeddable":true,"href":"https:\/\/ecole.ac-nice.fr\/valbonne\/matgarbejaire\/wp-json\/wp\/v2\/users\/6"}],"replies":[{"embeddable":true,"href":"https:\/\/ecole.ac-nice.fr\/valbonne\/matgarbejaire\/wp-json\/wp\/v2\/comments?post=344"}],"version-history":[{"count":2,"href":"https:\/\/ecole.ac-nice.fr\/valbonne\/matgarbejaire\/wp-json\/wp\/v2\/posts\/344\/revisions"}],"predecessor-version":[{"id":354,"href":"https:\/\/ecole.ac-nice.fr\/valbonne\/matgarbejaire\/wp-json\/wp\/v2\/posts\/344\/revisions\/354"}],"wp:attachment":[{"href":"https:\/\/ecole.ac-nice.fr\/valbonne\/matgarbejaire\/wp-json\/wp\/v2\/media?parent=344"}],"wp:term":[{"taxonomy":"category","embeddable":true,"href":"https:\/\/ecole.ac-nice.fr\/valbonne\/matgarbejaire\/wp-json\/wp\/v2\/categories?post=344"},{"taxonomy":"post_tag","embeddable":true,"href":"https:\/\/ecole.ac-nice.fr\/valbonne\/matgarbejaire\/wp-json\/wp\/v2\/tags?post=344"}],"curies":[{"name":"wp","href":"https:\/\/api.w.org\/{rel}","templated":true}]}}