{"id":3423,"date":"2023-05-10T11:04:49","date_gmt":"2023-05-10T09:04:49","guid":{"rendered":"https:\/\/ecole.ac-nice.fr\/valbonne\/matgarbejaire\/?p=3423"},"modified":"2023-05-10T11:04:49","modified_gmt":"2023-05-10T09:04:49","slug":"pierre-et-le-loup","status":"publish","type":"post","link":"https:\/\/ecole.ac-nice.fr\/valbonne\/matgarbejaire\/blog\/2023\/05\/10\/pierre-et-le-loup\/","title":{"rendered":"Pierre et le loup"},"content":{"rendered":"<p>Mardi 9 mai 2023, toutes les classes de l&rsquo;\u00e9cole se sont rendues en bus \u00e0 Cannes la Bocca pour assister \u00e0 <span style=\"color: #ff0000\"><strong>une repr\u00e9sentation de \u00ab\u00a0Pierre et le loup\u00a0\u00bb de l&rsquo;Orchestre de Cannes<\/strong><\/span>. Cette sortie \u00e9tait organis\u00e9e dans le cadre du projet commun de litt\u00e9rature sur le th\u00e8me de la musique. Avant la sortie, toutes les classes avaient travaill\u00e9 sur \u00ab\u00a0Pierre et le loup\u00a0\u00bb \u00e0 l&rsquo;\u00e9cole . Les \u00e9l\u00e8ves connaissaient donc bien l&rsquo;histoire et les instruments. Ils ont tous \u00e9t\u00e9 tr\u00e8s attentifs: bravo !<\/p>\n<p>Pendant le concert, des illustrations ont \u00e9t\u00e9 projet\u00e9es : voici les diff\u00e9rents personnages pris en photo.<\/p>\n<p>Un grand merci aux parents accompagnateurs des diff\u00e9rentes classes gr\u00e2ce \u00e0 qui la sortie a \u00e9t\u00e9 possible.<\/p>\n<p>Les photos pendant le spectacle \u00e9taient malheureusement interdites. Vous pouvez voir la salle avant le spectacle, la contrebasse et les percussions. <img loading=\"lazy\" decoding=\"async\" class=\"alignnone size-medium wp-image-3424\" src=\"http:\/\/ecole.ac-nice.fr\/valbonne\/matgarbejaire\/wp-content\/uploads\/sites\/6\/2023\/05\/img_20230509_140011-300x239.jpg\" alt=\"\" width=\"300\" height=\"239\" srcset=\"https:\/\/ecole.ac-nice.fr\/valbonne\/matgarbejaire\/wp-content\/uploads\/sites\/6\/2023\/05\/img_20230509_140011-300x239.jpg 300w, https:\/\/ecole.ac-nice.fr\/valbonne\/matgarbejaire\/wp-content\/uploads\/sites\/6\/2023\/05\/img_20230509_140011-1024x815.jpg 1024w, https:\/\/ecole.ac-nice.fr\/valbonne\/matgarbejaire\/wp-content\/uploads\/sites\/6\/2023\/05\/img_20230509_140011-768x611.jpg 768w, https:\/\/ecole.ac-nice.fr\/valbonne\/matgarbejaire\/wp-content\/uploads\/sites\/6\/2023\/05\/img_20230509_140011.jpg 1500w\" sizes=\"auto, (max-width: 300px) 100vw, 300px\" \/> <img loading=\"lazy\" decoding=\"async\" class=\"alignnone size-medium wp-image-3425\" src=\"http:\/\/ecole.ac-nice.fr\/valbonne\/matgarbejaire\/wp-content\/uploads\/sites\/6\/2023\/05\/img_20230509_140106-180x300.jpg\" alt=\"\" width=\"180\" height=\"300\" srcset=\"https:\/\/ecole.ac-nice.fr\/valbonne\/matgarbejaire\/wp-content\/uploads\/sites\/6\/2023\/05\/img_20230509_140106-180x300.jpg 180w, https:\/\/ecole.ac-nice.fr\/valbonne\/matgarbejaire\/wp-content\/uploads\/sites\/6\/2023\/05\/img_20230509_140106-614x1024.jpg 614w, https:\/\/ecole.ac-nice.fr\/valbonne\/matgarbejaire\/wp-content\/uploads\/sites\/6\/2023\/05\/img_20230509_140106-768x1281.jpg 768w, https:\/\/ecole.ac-nice.fr\/valbonne\/matgarbejaire\/wp-content\/uploads\/sites\/6\/2023\/05\/img_20230509_140106.jpg 899w\" sizes=\"auto, (max-width: 180px) 100vw, 180px\" \/> <img loading=\"lazy\" decoding=\"async\" class=\"alignnone size-medium wp-image-3426\" src=\"http:\/\/ecole.ac-nice.fr\/valbonne\/matgarbejaire\/wp-content\/uploads\/sites\/6\/2023\/05\/img_20230509_135909-222x300.jpg\" alt=\"\" width=\"222\" height=\"300\" srcset=\"https:\/\/ecole.ac-nice.fr\/valbonne\/matgarbejaire\/wp-content\/uploads\/sites\/6\/2023\/05\/img_20230509_135909-222x300.jpg 222w, https:\/\/ecole.ac-nice.fr\/valbonne\/matgarbejaire\/wp-content\/uploads\/sites\/6\/2023\/05\/img_20230509_135909-759x1024.jpg 759w, https:\/\/ecole.ac-nice.fr\/valbonne\/matgarbejaire\/wp-content\/uploads\/sites\/6\/2023\/05\/img_20230509_135909-768x1036.jpg 768w, https:\/\/ecole.ac-nice.fr\/valbonne\/matgarbejaire\/wp-content\/uploads\/sites\/6\/2023\/05\/img_20230509_135909.jpg 1112w\" sizes=\"auto, (max-width: 222px) 100vw, 222px\" \/> <img loading=\"lazy\" decoding=\"async\" class=\"alignnone size-medium wp-image-3427\" src=\"http:\/\/ecole.ac-nice.fr\/valbonne\/matgarbejaire\/wp-content\/uploads\/sites\/6\/2023\/05\/img_20230509_135931-238x300.jpg\" alt=\"\" width=\"238\" height=\"300\" srcset=\"https:\/\/ecole.ac-nice.fr\/valbonne\/matgarbejaire\/wp-content\/uploads\/sites\/6\/2023\/05\/img_20230509_135931-238x300.jpg 238w, https:\/\/ecole.ac-nice.fr\/valbonne\/matgarbejaire\/wp-content\/uploads\/sites\/6\/2023\/05\/img_20230509_135931-811x1024.jpg 811w, https:\/\/ecole.ac-nice.fr\/valbonne\/matgarbejaire\/wp-content\/uploads\/sites\/6\/2023\/05\/img_20230509_135931-768x970.jpg 768w, https:\/\/ecole.ac-nice.fr\/valbonne\/matgarbejaire\/wp-content\/uploads\/sites\/6\/2023\/05\/img_20230509_135931.jpg 1188w\" sizes=\"auto, (max-width: 238px) 100vw, 238px\" \/> <img loading=\"lazy\" decoding=\"async\" class=\"alignnone size-medium wp-image-3428\" src=\"http:\/\/ecole.ac-nice.fr\/valbonne\/matgarbejaire\/wp-content\/uploads\/sites\/6\/2023\/05\/img_20230509_140128-300x161.jpg\" alt=\"\" width=\"300\" height=\"161\" srcset=\"https:\/\/ecole.ac-nice.fr\/valbonne\/matgarbejaire\/wp-content\/uploads\/sites\/6\/2023\/05\/img_20230509_140128-300x161.jpg 300w, https:\/\/ecole.ac-nice.fr\/valbonne\/matgarbejaire\/wp-content\/uploads\/sites\/6\/2023\/05\/img_20230509_140128-1024x550.jpg 1024w, https:\/\/ecole.ac-nice.fr\/valbonne\/matgarbejaire\/wp-content\/uploads\/sites\/6\/2023\/05\/img_20230509_140128-768x413.jpg 768w, https:\/\/ecole.ac-nice.fr\/valbonne\/matgarbejaire\/wp-content\/uploads\/sites\/6\/2023\/05\/img_20230509_140128.jpg 1500w\" sizes=\"auto, (max-width: 300px) 100vw, 300px\" \/><\/p>\n","protected":false},"excerpt":{"rendered":"<p>Mardi 9 mai 2023, toutes les classes de l&rsquo;\u00e9cole se sont rendues en bus \u00e0 Cannes la Bocca pour assister \u00e0 une repr\u00e9sentation de \u00ab\u00a0Pierre et le loup\u00a0\u00bb de l&rsquo;Orchestre de Cannes. Cette sortie \u00e9tait organis\u00e9e dans le cadre du projet commun de litt\u00e9rature sur le th\u00e8me de la musique. Avant la sortie, toutes les &hellip; <a href=\"https:\/\/ecole.ac-nice.fr\/valbonne\/matgarbejaire\/blog\/2023\/05\/10\/pierre-et-le-loup\/\" class=\"more-link\">Continuer la lecture de <span class=\"screen-reader-text\">Pierre et le loup<\/span> <span class=\"meta-nav\">&rarr;<\/span><\/a><\/p>\n","protected":false},"author":6,"featured_media":0,"comment_status":"open","ping_status":"open","sticky":false,"template":"","format":"standard","meta":{"footnotes":""},"categories":[64,4],"tags":[],"class_list":["post-3423","post","type-post","status-publish","format-standard","hentry","category-2022-2023","category-manifestations"],"_links":{"self":[{"href":"https:\/\/ecole.ac-nice.fr\/valbonne\/matgarbejaire\/wp-json\/wp\/v2\/posts\/3423","targetHints":{"allow":["GET"]}}],"collection":[{"href":"https:\/\/ecole.ac-nice.fr\/valbonne\/matgarbejaire\/wp-json\/wp\/v2\/posts"}],"about":[{"href":"https:\/\/ecole.ac-nice.fr\/valbonne\/matgarbejaire\/wp-json\/wp\/v2\/types\/post"}],"author":[{"embeddable":true,"href":"https:\/\/ecole.ac-nice.fr\/valbonne\/matgarbejaire\/wp-json\/wp\/v2\/users\/6"}],"replies":[{"embeddable":true,"href":"https:\/\/ecole.ac-nice.fr\/valbonne\/matgarbejaire\/wp-json\/wp\/v2\/comments?post=3423"}],"version-history":[{"count":1,"href":"https:\/\/ecole.ac-nice.fr\/valbonne\/matgarbejaire\/wp-json\/wp\/v2\/posts\/3423\/revisions"}],"predecessor-version":[{"id":3429,"href":"https:\/\/ecole.ac-nice.fr\/valbonne\/matgarbejaire\/wp-json\/wp\/v2\/posts\/3423\/revisions\/3429"}],"wp:attachment":[{"href":"https:\/\/ecole.ac-nice.fr\/valbonne\/matgarbejaire\/wp-json\/wp\/v2\/media?parent=3423"}],"wp:term":[{"taxonomy":"category","embeddable":true,"href":"https:\/\/ecole.ac-nice.fr\/valbonne\/matgarbejaire\/wp-json\/wp\/v2\/categories?post=3423"},{"taxonomy":"post_tag","embeddable":true,"href":"https:\/\/ecole.ac-nice.fr\/valbonne\/matgarbejaire\/wp-json\/wp\/v2\/tags?post=3423"}],"curies":[{"name":"wp","href":"https:\/\/api.w.org\/{rel}","templated":true}]}}