{"id":3418,"date":"2023-03-26T12:21:55","date_gmt":"2023-03-26T10:21:55","guid":{"rendered":"https:\/\/ecole.ac-nice.fr\/valbonne\/matgarbejaire\/?p=3418"},"modified":"2023-03-26T12:21:55","modified_gmt":"2023-03-26T10:21:55","slug":"les-associations-de-parents-deleves","status":"publish","type":"post","link":"https:\/\/ecole.ac-nice.fr\/valbonne\/matgarbejaire\/blog\/2023\/03\/26\/les-associations-de-parents-deleves\/","title":{"rendered":"Les associations de parents d&rsquo;\u00e9l\u00e8ves"},"content":{"rendered":"<p>Notre groupe scolaire compte 3 associations de parents d&rsquo;\u00e9l\u00e8ves:<\/p>\n<ul>\n<li>l&rsquo;APRODESI (Association pour la PROmotion et le D\u00e9veloppement de la Section internationale Italienne)\n<ul>\n<li>site internet de l&rsquo;association : <a href=\"https:\/\/www.aprodesi.eu\/\">https:\/\/www.aprodesi.eu\/<\/a><\/li>\n<li>mail: <span style=\"color: #0000ff\">aprodesigarb@gmail.com<\/span><\/li>\n<\/ul>\n<\/li>\n<li>la FCPE Garbeja\u00efre (F\u00e9d\u00e9ration de Conseils de Parents d&rsquo;El\u00e8ves)\n<ul>\n<li>site internet de la f\u00e9d\u00e9ration nationale:\u00a0<a href=\"https:\/\/www.fcpe.asso.fr\/\">https:\/\/www.fcpe.asso.fr\/<\/a><\/li>\n<li>mail: <span style=\"color: #0000ff\">elusgarbejaire@fcpevalbonne.org<\/span><\/li>\n<\/ul>\n<\/li>\n<li>la LIPEG ( Liste Ind\u00e9pendante des Parents d&rsquo;El\u00e8ves de Garbeja\u00efre\n<ul>\n<li>page Facebook de l&rsquo;Association:\u00a0<a href=\"https:\/\/m.facebook.com\/people\/Lipeg-Garbeja%C3%AFre\/100090364929800\/\">https:\/\/m.facebook.com\/people\/Lipeg-Garbeja%C3%AFre\/100090364929800\/<\/a><\/li>\n<li>mail: <span style=\"color: #0000ff\">lipeggarbejaire@gmail.com<\/span><\/li>\n<\/ul>\n<\/li>\n<\/ul>\n","protected":false},"excerpt":{"rendered":"<p>Notre groupe scolaire compte 3 associations de parents d&rsquo;\u00e9l\u00e8ves: l&rsquo;APRODESI (Association pour la PROmotion et le D\u00e9veloppement de la Section internationale Italienne) site internet de l&rsquo;association : https:\/\/www.aprodesi.eu\/ mail: aprodesigarb@gmail.com la FCPE Garbeja\u00efre (F\u00e9d\u00e9ration de Conseils de Parents d&rsquo;El\u00e8ves) site internet de la f\u00e9d\u00e9ration nationale:\u00a0https:\/\/www.fcpe.asso.fr\/ mail: elusgarbejaire@fcpevalbonne.org la LIPEG ( Liste Ind\u00e9pendante des Parents d&rsquo;El\u00e8ves &hellip; <a href=\"https:\/\/ecole.ac-nice.fr\/valbonne\/matgarbejaire\/blog\/2023\/03\/26\/les-associations-de-parents-deleves\/\" class=\"more-link\">Continuer la lecture de <span class=\"screen-reader-text\">Les associations de parents d&rsquo;\u00e9l\u00e8ves<\/span> <span class=\"meta-nav\">&rarr;<\/span><\/a><\/p>\n","protected":false},"author":6,"featured_media":0,"comment_status":"open","ping_status":"open","sticky":false,"template":"","format":"standard","meta":{"footnotes":""},"categories":[64,2],"tags":[],"class_list":["post-3418","post","type-post","status-publish","format-standard","hentry","category-2022-2023","category-ecole"],"_links":{"self":[{"href":"https:\/\/ecole.ac-nice.fr\/valbonne\/matgarbejaire\/wp-json\/wp\/v2\/posts\/3418","targetHints":{"allow":["GET"]}}],"collection":[{"href":"https:\/\/ecole.ac-nice.fr\/valbonne\/matgarbejaire\/wp-json\/wp\/v2\/posts"}],"about":[{"href":"https:\/\/ecole.ac-nice.fr\/valbonne\/matgarbejaire\/wp-json\/wp\/v2\/types\/post"}],"author":[{"embeddable":true,"href":"https:\/\/ecole.ac-nice.fr\/valbonne\/matgarbejaire\/wp-json\/wp\/v2\/users\/6"}],"replies":[{"embeddable":true,"href":"https:\/\/ecole.ac-nice.fr\/valbonne\/matgarbejaire\/wp-json\/wp\/v2\/comments?post=3418"}],"version-history":[{"count":1,"href":"https:\/\/ecole.ac-nice.fr\/valbonne\/matgarbejaire\/wp-json\/wp\/v2\/posts\/3418\/revisions"}],"predecessor-version":[{"id":3419,"href":"https:\/\/ecole.ac-nice.fr\/valbonne\/matgarbejaire\/wp-json\/wp\/v2\/posts\/3418\/revisions\/3419"}],"wp:attachment":[{"href":"https:\/\/ecole.ac-nice.fr\/valbonne\/matgarbejaire\/wp-json\/wp\/v2\/media?parent=3418"}],"wp:term":[{"taxonomy":"category","embeddable":true,"href":"https:\/\/ecole.ac-nice.fr\/valbonne\/matgarbejaire\/wp-json\/wp\/v2\/categories?post=3418"},{"taxonomy":"post_tag","embeddable":true,"href":"https:\/\/ecole.ac-nice.fr\/valbonne\/matgarbejaire\/wp-json\/wp\/v2\/tags?post=3418"}],"curies":[{"name":"wp","href":"https:\/\/api.w.org\/{rel}","templated":true}]}}