{"id":3401,"date":"2023-03-26T11:57:19","date_gmt":"2023-03-26T09:57:19","guid":{"rendered":"https:\/\/ecole.ac-nice.fr\/valbonne\/matgarbejaire\/?p=3401"},"modified":"2023-03-26T11:57:46","modified_gmt":"2023-03-26T09:57:46","slug":"journee-nationale-des-atsem","status":"publish","type":"post","link":"https:\/\/ecole.ac-nice.fr\/valbonne\/matgarbejaire\/blog\/2023\/03\/26\/journee-nationale-des-atsem\/","title":{"rendered":"Journ\u00e9e nationale des ATSEM"},"content":{"rendered":"<p>Le <span style=\"color: #ff0000\"><strong>vendredi 24 mars 2023<\/strong><\/span> \u00e9tait le jour de la f\u00eate nationale des ATSEM. C&rsquo;est pourquoi les ATSEM de l&rsquo;\u00e9cole ont organis\u00e9 un pique-nique dans la cour o\u00f9 exceptionnellement tous les \u00e9l\u00e8ves ont pu manger ensemble \u00e0 11h30. Elles ont \u00e9galement offert des bonbons aux enfants. Dans certaines classes, les \u00e9coliers ont dessin\u00e9 leur ATSEM.<\/p>\n<p>Toutes les enseignantes souhaitent une tr\u00e8s bonne f\u00eate aux ATSEM et les remercient pour leur pr\u00e9sence et leur aide quotidiennes.<\/p>\n<p><img loading=\"lazy\" decoding=\"async\" class=\"alignnone size-medium wp-image-3402\" src=\"http:\/\/ecole.ac-nice.fr\/valbonne\/matgarbejaire\/wp-content\/uploads\/sites\/6\/2023\/03\/img_20230324_201416-217x300.jpg\" alt=\"\" width=\"217\" height=\"300\" srcset=\"https:\/\/ecole.ac-nice.fr\/valbonne\/matgarbejaire\/wp-content\/uploads\/sites\/6\/2023\/03\/img_20230324_201416-217x300.jpg 217w, https:\/\/ecole.ac-nice.fr\/valbonne\/matgarbejaire\/wp-content\/uploads\/sites\/6\/2023\/03\/img_20230324_201416-740x1024.jpg 740w, https:\/\/ecole.ac-nice.fr\/valbonne\/matgarbejaire\/wp-content\/uploads\/sites\/6\/2023\/03\/img_20230324_201416-768x1063.jpg 768w, https:\/\/ecole.ac-nice.fr\/valbonne\/matgarbejaire\/wp-content\/uploads\/sites\/6\/2023\/03\/img_20230324_201416.jpg 1084w\" sizes=\"auto, (max-width: 217px) 100vw, 217px\" \/><\/p>\n","protected":false},"excerpt":{"rendered":"<p>Le vendredi 24 mars 2023 \u00e9tait le jour de la f\u00eate nationale des ATSEM. C&rsquo;est pourquoi les ATSEM de l&rsquo;\u00e9cole ont organis\u00e9 un pique-nique dans la cour o\u00f9 exceptionnellement tous les \u00e9l\u00e8ves ont pu manger ensemble \u00e0 11h30. Elles ont \u00e9galement offert des bonbons aux enfants. Dans certaines classes, les \u00e9coliers ont dessin\u00e9 leur ATSEM. &hellip; <a href=\"https:\/\/ecole.ac-nice.fr\/valbonne\/matgarbejaire\/blog\/2023\/03\/26\/journee-nationale-des-atsem\/\" class=\"more-link\">Continuer la lecture de <span class=\"screen-reader-text\">Journ\u00e9e nationale des ATSEM<\/span> <span class=\"meta-nav\">&rarr;<\/span><\/a><\/p>\n","protected":false},"author":6,"featured_media":0,"comment_status":"open","ping_status":"open","sticky":false,"template":"","format":"standard","meta":{"footnotes":""},"categories":[64,4],"tags":[],"class_list":["post-3401","post","type-post","status-publish","format-standard","hentry","category-2022-2023","category-manifestations"],"_links":{"self":[{"href":"https:\/\/ecole.ac-nice.fr\/valbonne\/matgarbejaire\/wp-json\/wp\/v2\/posts\/3401","targetHints":{"allow":["GET"]}}],"collection":[{"href":"https:\/\/ecole.ac-nice.fr\/valbonne\/matgarbejaire\/wp-json\/wp\/v2\/posts"}],"about":[{"href":"https:\/\/ecole.ac-nice.fr\/valbonne\/matgarbejaire\/wp-json\/wp\/v2\/types\/post"}],"author":[{"embeddable":true,"href":"https:\/\/ecole.ac-nice.fr\/valbonne\/matgarbejaire\/wp-json\/wp\/v2\/users\/6"}],"replies":[{"embeddable":true,"href":"https:\/\/ecole.ac-nice.fr\/valbonne\/matgarbejaire\/wp-json\/wp\/v2\/comments?post=3401"}],"version-history":[{"count":1,"href":"https:\/\/ecole.ac-nice.fr\/valbonne\/matgarbejaire\/wp-json\/wp\/v2\/posts\/3401\/revisions"}],"predecessor-version":[{"id":3403,"href":"https:\/\/ecole.ac-nice.fr\/valbonne\/matgarbejaire\/wp-json\/wp\/v2\/posts\/3401\/revisions\/3403"}],"wp:attachment":[{"href":"https:\/\/ecole.ac-nice.fr\/valbonne\/matgarbejaire\/wp-json\/wp\/v2\/media?parent=3401"}],"wp:term":[{"taxonomy":"category","embeddable":true,"href":"https:\/\/ecole.ac-nice.fr\/valbonne\/matgarbejaire\/wp-json\/wp\/v2\/categories?post=3401"},{"taxonomy":"post_tag","embeddable":true,"href":"https:\/\/ecole.ac-nice.fr\/valbonne\/matgarbejaire\/wp-json\/wp\/v2\/tags?post=3401"}],"curies":[{"name":"wp","href":"https:\/\/api.w.org\/{rel}","templated":true}]}}