{"id":3320,"date":"2023-01-16T13:24:01","date_gmt":"2023-01-16T12:24:01","guid":{"rendered":"https:\/\/ecole.ac-nice.fr\/valbonne\/matgarbejaire\/?p=3320"},"modified":"2023-01-16T13:24:01","modified_gmt":"2023-01-16T12:24:01","slug":"venue-de-la-befana","status":"publish","type":"post","link":"https:\/\/ecole.ac-nice.fr\/valbonne\/matgarbejaire\/blog\/2023\/01\/16\/venue-de-la-befana\/","title":{"rendered":"Venue de la Befana"},"content":{"rendered":"<p><img loading=\"lazy\" decoding=\"async\" class=\"size-medium wp-image-3326 alignnone\" src=\"http:\/\/ecole.ac-nice.fr\/valbonne\/matgarbejaire\/wp-content\/uploads\/sites\/6\/2023\/01\/La-Befana-163x300.jpg\" alt=\"\" width=\"163\" height=\"300\" srcset=\"https:\/\/ecole.ac-nice.fr\/valbonne\/matgarbejaire\/wp-content\/uploads\/sites\/6\/2023\/01\/La-Befana-163x300.jpg 163w, https:\/\/ecole.ac-nice.fr\/valbonne\/matgarbejaire\/wp-content\/uploads\/sites\/6\/2023\/01\/La-Befana-555x1024.jpg 555w, https:\/\/ecole.ac-nice.fr\/valbonne\/matgarbejaire\/wp-content\/uploads\/sites\/6\/2023\/01\/La-Befana-768x1417.jpg 768w, https:\/\/ecole.ac-nice.fr\/valbonne\/matgarbejaire\/wp-content\/uploads\/sites\/6\/2023\/01\/La-Befana.jpg 813w\" sizes=\"auto, (max-width: 163px) 100vw, 163px\" \/><\/p>\r\n\r\n<p>Jeudi 5 janvier, <span style=\"color: #ff0000\"><strong>la Befana<\/strong><\/span>, la sorci\u00e8re italienne, est venue apporter aux enfants sages des bonbons dans la cour de r\u00e9cr\u00e9ation. Tous ont rapport\u00e9 un petit sachet \u00e0 la maison.<br \/><br \/>Voici un lien vers la comptine de la Befana en italien :<br \/>https:\/\/youtu.be\/e5PQVAHFYhA<br \/><br \/>Cette f\u00eate est en lien avec la section italienne de l&rsquo;\u00e9cole \u00e9l\u00e9mentaire Garbejaire. C&rsquo;est Madame Simona Grandin, intervenante d&rsquo;initiation \u00e0 l&rsquo;italien en grande section, qui nous a aid\u00e9es \u00e0 l&rsquo;organiser : un grand merci !<br \/><br \/><\/p>\r\n","protected":false},"excerpt":{"rendered":"<p>Jeudi 5 janvier, la Befana, la sorci\u00e8re italienne, est venue apporter aux enfants sages des bonbons dans la cour de r\u00e9cr\u00e9ation. Tous ont rapport\u00e9 un petit sachet \u00e0 la maison. Voici un lien vers la comptine de la Befana en italien :https:\/\/youtu.be\/e5PQVAHFYhA Cette f\u00eate est en lien avec la section italienne de l&rsquo;\u00e9cole \u00e9l\u00e9mentaire Garbejaire. &hellip; <a href=\"https:\/\/ecole.ac-nice.fr\/valbonne\/matgarbejaire\/blog\/2023\/01\/16\/venue-de-la-befana\/\" class=\"more-link\">Continuer la lecture de <span class=\"screen-reader-text\">Venue de la Befana<\/span> <span class=\"meta-nav\">&rarr;<\/span><\/a><\/p>\n","protected":false},"author":6,"featured_media":0,"comment_status":"open","ping_status":"open","sticky":false,"template":"","format":"standard","meta":{"footnotes":""},"categories":[64,4],"tags":[],"class_list":["post-3320","post","type-post","status-publish","format-standard","hentry","category-2022-2023","category-manifestations"],"_links":{"self":[{"href":"https:\/\/ecole.ac-nice.fr\/valbonne\/matgarbejaire\/wp-json\/wp\/v2\/posts\/3320","targetHints":{"allow":["GET"]}}],"collection":[{"href":"https:\/\/ecole.ac-nice.fr\/valbonne\/matgarbejaire\/wp-json\/wp\/v2\/posts"}],"about":[{"href":"https:\/\/ecole.ac-nice.fr\/valbonne\/matgarbejaire\/wp-json\/wp\/v2\/types\/post"}],"author":[{"embeddable":true,"href":"https:\/\/ecole.ac-nice.fr\/valbonne\/matgarbejaire\/wp-json\/wp\/v2\/users\/6"}],"replies":[{"embeddable":true,"href":"https:\/\/ecole.ac-nice.fr\/valbonne\/matgarbejaire\/wp-json\/wp\/v2\/comments?post=3320"}],"version-history":[{"count":2,"href":"https:\/\/ecole.ac-nice.fr\/valbonne\/matgarbejaire\/wp-json\/wp\/v2\/posts\/3320\/revisions"}],"predecessor-version":[{"id":3327,"href":"https:\/\/ecole.ac-nice.fr\/valbonne\/matgarbejaire\/wp-json\/wp\/v2\/posts\/3320\/revisions\/3327"}],"wp:attachment":[{"href":"https:\/\/ecole.ac-nice.fr\/valbonne\/matgarbejaire\/wp-json\/wp\/v2\/media?parent=3320"}],"wp:term":[{"taxonomy":"category","embeddable":true,"href":"https:\/\/ecole.ac-nice.fr\/valbonne\/matgarbejaire\/wp-json\/wp\/v2\/categories?post=3320"},{"taxonomy":"post_tag","embeddable":true,"href":"https:\/\/ecole.ac-nice.fr\/valbonne\/matgarbejaire\/wp-json\/wp\/v2\/tags?post=3320"}],"curies":[{"name":"wp","href":"https:\/\/api.w.org\/{rel}","templated":true}]}}