{"id":3026,"date":"2020-01-29T10:17:51","date_gmt":"2020-01-29T09:17:51","guid":{"rendered":"http:\/\/ecole.ac-nice.fr\/valbonne\/matgarbejaire\/?p=3026"},"modified":"2020-02-27T10:29:13","modified_gmt":"2020-02-27T09:29:13","slug":"gs6-semaine-du-27-janvier-2020","status":"publish","type":"post","link":"https:\/\/ecole.ac-nice.fr\/valbonne\/matgarbejaire\/blog\/2020\/01\/29\/gs6-semaine-du-27-janvier-2020\/","title":{"rendered":"GS6- Semaine du 27 janvier 2020"},"content":{"rendered":"<p>Nous lisons diff\u00e9rentes versions du conte <span style=\"color: #0000ff\"><strong>\u00a0\u00bb Les musiciens de Br\u00eame\u00a0\u00bb<\/strong><\/span>.<\/p>\n<p><img loading=\"lazy\" decoding=\"async\" class=\"alignnone wp-image-3027\" src=\"http:\/\/ecole.ac-nice.fr\/valbonne\/matgarbejaire\/wp-content\/uploads\/sites\/6\/2020\/01\/les-musiciens-de-breme-300x94.jpg\" alt=\"\" width=\"424\" height=\"133\" srcset=\"https:\/\/ecole.ac-nice.fr\/valbonne\/matgarbejaire\/wp-content\/uploads\/sites\/6\/2020\/01\/les-musiciens-de-breme-300x94.jpg 300w, https:\/\/ecole.ac-nice.fr\/valbonne\/matgarbejaire\/wp-content\/uploads\/sites\/6\/2020\/01\/les-musiciens-de-breme.jpg 500w\" sizes=\"auto, (max-width: 424px) 100vw, 424px\" \/><\/p>\n<p>Nous nous entra\u00eenons \u00e0 <strong><span style=\"color: #00ff00\">\u00e9crire notre pr\u00e9nom en attach\u00e9<\/span><\/strong>.<\/p>\n<p><img loading=\"lazy\" decoding=\"async\" class=\"alignnone wp-image-3029\" src=\"http:\/\/ecole.ac-nice.fr\/valbonne\/matgarbejaire\/wp-content\/uploads\/sites\/6\/2020\/01\/pr\u00e9nom-300x107.jpg\" alt=\"\" width=\"446\" height=\"159\" srcset=\"https:\/\/ecole.ac-nice.fr\/valbonne\/matgarbejaire\/wp-content\/uploads\/sites\/6\/2020\/01\/pr\u00e9nom-300x107.jpg 300w, https:\/\/ecole.ac-nice.fr\/valbonne\/matgarbejaire\/wp-content\/uploads\/sites\/6\/2020\/01\/pr\u00e9nom-1024x364.jpg 1024w, https:\/\/ecole.ac-nice.fr\/valbonne\/matgarbejaire\/wp-content\/uploads\/sites\/6\/2020\/01\/pr\u00e9nom-768x273.jpg 768w, https:\/\/ecole.ac-nice.fr\/valbonne\/matgarbejaire\/wp-content\/uploads\/sites\/6\/2020\/01\/pr\u00e9nom-1536x547.jpg 1536w, https:\/\/ecole.ac-nice.fr\/valbonne\/matgarbejaire\/wp-content\/uploads\/sites\/6\/2020\/01\/pr\u00e9nom.jpg 1843w\" sizes=\"auto, (max-width: 446px) 100vw, 446px\" \/><\/p>\n<p>Nous travaillons sur les <strong><span style=\"color: #ff0000\">sons<\/span><\/strong> en utilisant les gestes de Borel Maisonny. Voici le o, le i et le a.<\/p>\n<p><img loading=\"lazy\" decoding=\"async\" class=\"alignnone size-medium wp-image-1269\" src=\"http:\/\/ecole.ac-nice.fr\/valbonne\/matgarbejaire\/wp-content\/uploads\/sites\/6\/2018\/01\/o-263x300.jpg\" alt=\"\" width=\"263\" height=\"300\" srcset=\"https:\/\/ecole.ac-nice.fr\/valbonne\/matgarbejaire\/wp-content\/uploads\/sites\/6\/2018\/01\/o-263x300.jpg 263w, https:\/\/ecole.ac-nice.fr\/valbonne\/matgarbejaire\/wp-content\/uploads\/sites\/6\/2018\/01\/o.jpg 511w\" sizes=\"auto, (max-width: 263px) 100vw, 263px\" \/> <img loading=\"lazy\" decoding=\"async\" class=\"alignnone size-medium wp-image-1268\" src=\"http:\/\/ecole.ac-nice.fr\/valbonne\/matgarbejaire\/wp-content\/uploads\/sites\/6\/2018\/01\/i-257x300.jpg\" alt=\"\" width=\"257\" height=\"300\" srcset=\"https:\/\/ecole.ac-nice.fr\/valbonne\/matgarbejaire\/wp-content\/uploads\/sites\/6\/2018\/01\/i-257x300.jpg 257w, https:\/\/ecole.ac-nice.fr\/valbonne\/matgarbejaire\/wp-content\/uploads\/sites\/6\/2018\/01\/i.jpg 482w\" sizes=\"auto, (max-width: 257px) 100vw, 257px\" \/> <img loading=\"lazy\" decoding=\"async\" class=\"alignnone size-medium wp-image-1258\" src=\"http:\/\/ecole.ac-nice.fr\/valbonne\/matgarbejaire\/wp-content\/uploads\/sites\/6\/2018\/01\/a-261x300.jpg\" alt=\"\" width=\"261\" height=\"300\" srcset=\"https:\/\/ecole.ac-nice.fr\/valbonne\/matgarbejaire\/wp-content\/uploads\/sites\/6\/2018\/01\/a-261x300.jpg 261w, https:\/\/ecole.ac-nice.fr\/valbonne\/matgarbejaire\/wp-content\/uploads\/sites\/6\/2018\/01\/a.jpg 489w\" sizes=\"auto, (max-width: 261px) 100vw, 261px\" \/><\/p>\n<p>Nous avons<span style=\"color: #ff00ff\"><strong> f\u00eat\u00e9 les 6 ans d&rsquo;Aaron et Louis<\/strong> <\/span>n\u00e9s en janvier et avec un peu de retard <strong><span style=\"color: #ff00ff\">les 5 ans de Louane<\/span> <\/strong>n\u00e9e en d\u00e9cembre:<\/p>\n<p><img loading=\"lazy\" decoding=\"async\" class=\"alignnone size-medium wp-image-3047\" src=\"http:\/\/ecole.ac-nice.fr\/valbonne\/matgarbejaire\/wp-content\/uploads\/sites\/6\/2020\/01\/DSCPDC_0001_BURST20200131155646144_COVER-300x242.jpg\" alt=\"\" width=\"300\" height=\"242\" srcset=\"https:\/\/ecole.ac-nice.fr\/valbonne\/matgarbejaire\/wp-content\/uploads\/sites\/6\/2020\/01\/DSCPDC_0001_BURST20200131155646144_COVER-300x242.jpg 300w, https:\/\/ecole.ac-nice.fr\/valbonne\/matgarbejaire\/wp-content\/uploads\/sites\/6\/2020\/01\/DSCPDC_0001_BURST20200131155646144_COVER-1024x826.jpg 1024w, https:\/\/ecole.ac-nice.fr\/valbonne\/matgarbejaire\/wp-content\/uploads\/sites\/6\/2020\/01\/DSCPDC_0001_BURST20200131155646144_COVER-768x620.jpg 768w, https:\/\/ecole.ac-nice.fr\/valbonne\/matgarbejaire\/wp-content\/uploads\/sites\/6\/2020\/01\/DSCPDC_0001_BURST20200131155646144_COVER-1536x1240.jpg 1536w, https:\/\/ecole.ac-nice.fr\/valbonne\/matgarbejaire\/wp-content\/uploads\/sites\/6\/2020\/01\/DSCPDC_0001_BURST20200131155646144_COVER-2048x1653.jpg 2048w\" sizes=\"auto, (max-width: 300px) 100vw, 300px\" \/> <img loading=\"lazy\" decoding=\"async\" class=\"alignnone size-medium wp-image-3048\" src=\"http:\/\/ecole.ac-nice.fr\/valbonne\/matgarbejaire\/wp-content\/uploads\/sites\/6\/2020\/01\/DSCPDC_0003_BURST20200131155549809_COVER-300x218.jpg\" alt=\"\" width=\"300\" height=\"218\" srcset=\"https:\/\/ecole.ac-nice.fr\/valbonne\/matgarbejaire\/wp-content\/uploads\/sites\/6\/2020\/01\/DSCPDC_0003_BURST20200131155549809_COVER-300x218.jpg 300w, https:\/\/ecole.ac-nice.fr\/valbonne\/matgarbejaire\/wp-content\/uploads\/sites\/6\/2020\/01\/DSCPDC_0003_BURST20200131155549809_COVER-1024x744.jpg 1024w, https:\/\/ecole.ac-nice.fr\/valbonne\/matgarbejaire\/wp-content\/uploads\/sites\/6\/2020\/01\/DSCPDC_0003_BURST20200131155549809_COVER-768x558.jpg 768w, https:\/\/ecole.ac-nice.fr\/valbonne\/matgarbejaire\/wp-content\/uploads\/sites\/6\/2020\/01\/DSCPDC_0003_BURST20200131155549809_COVER-1536x1116.jpg 1536w, https:\/\/ecole.ac-nice.fr\/valbonne\/matgarbejaire\/wp-content\/uploads\/sites\/6\/2020\/01\/DSCPDC_0003_BURST20200131155549809_COVER-2048x1488.jpg 2048w\" sizes=\"auto, (max-width: 300px) 100vw, 300px\" \/><\/p>\n<p>Merci \u00e0 leurs parents pour les g\u00e2teaux, les boissons et les bonbons<\/p>\n<p>&nbsp;<\/p>\n<p>&nbsp;<\/p>\n","protected":false},"excerpt":{"rendered":"<p>Nous lisons diff\u00e9rentes versions du conte \u00a0\u00bb Les musiciens de Br\u00eame\u00a0\u00bb. Nous nous entra\u00eenons \u00e0 \u00e9crire notre pr\u00e9nom en attach\u00e9. Nous travaillons sur les sons en utilisant les gestes de Borel Maisonny. Voici le o, le i et le a. Nous avons f\u00eat\u00e9 les 6 ans d&rsquo;Aaron et Louis n\u00e9s en janvier et avec un &hellip; <a href=\"https:\/\/ecole.ac-nice.fr\/valbonne\/matgarbejaire\/blog\/2020\/01\/29\/gs6-semaine-du-27-janvier-2020\/\" class=\"more-link\">Continuer la lecture de <span class=\"screen-reader-text\">GS6- Semaine du 27 janvier 2020<\/span> <span class=\"meta-nav\">&rarr;<\/span><\/a><\/p>\n","protected":false},"author":6,"featured_media":0,"comment_status":"open","ping_status":"open","sticky":false,"template":"","format":"standard","meta":{"footnotes":""},"categories":[61,9],"tags":[],"class_list":["post-3026","post","type-post","status-publish","format-standard","hentry","category-2019-2020","category-gs6"],"_links":{"self":[{"href":"https:\/\/ecole.ac-nice.fr\/valbonne\/matgarbejaire\/wp-json\/wp\/v2\/posts\/3026","targetHints":{"allow":["GET"]}}],"collection":[{"href":"https:\/\/ecole.ac-nice.fr\/valbonne\/matgarbejaire\/wp-json\/wp\/v2\/posts"}],"about":[{"href":"https:\/\/ecole.ac-nice.fr\/valbonne\/matgarbejaire\/wp-json\/wp\/v2\/types\/post"}],"author":[{"embeddable":true,"href":"https:\/\/ecole.ac-nice.fr\/valbonne\/matgarbejaire\/wp-json\/wp\/v2\/users\/6"}],"replies":[{"embeddable":true,"href":"https:\/\/ecole.ac-nice.fr\/valbonne\/matgarbejaire\/wp-json\/wp\/v2\/comments?post=3026"}],"version-history":[{"count":4,"href":"https:\/\/ecole.ac-nice.fr\/valbonne\/matgarbejaire\/wp-json\/wp\/v2\/posts\/3026\/revisions"}],"predecessor-version":[{"id":3049,"href":"https:\/\/ecole.ac-nice.fr\/valbonne\/matgarbejaire\/wp-json\/wp\/v2\/posts\/3026\/revisions\/3049"}],"wp:attachment":[{"href":"https:\/\/ecole.ac-nice.fr\/valbonne\/matgarbejaire\/wp-json\/wp\/v2\/media?parent=3026"}],"wp:term":[{"taxonomy":"category","embeddable":true,"href":"https:\/\/ecole.ac-nice.fr\/valbonne\/matgarbejaire\/wp-json\/wp\/v2\/categories?post=3026"},{"taxonomy":"post_tag","embeddable":true,"href":"https:\/\/ecole.ac-nice.fr\/valbonne\/matgarbejaire\/wp-json\/wp\/v2\/tags?post=3026"}],"curies":[{"name":"wp","href":"https:\/\/api.w.org\/{rel}","templated":true}]}}