{"id":258,"date":"2017-03-29T04:21:11","date_gmt":"2017-03-29T02:21:11","guid":{"rendered":"http:\/\/ecole.ac-nice.fr\/valbonne\/matgarbejaire\/?p=258"},"modified":"2017-09-08T17:54:36","modified_gmt":"2017-09-08T15:54:36","slug":"semaines-du-20-et-27-mars-2017","status":"publish","type":"post","link":"https:\/\/ecole.ac-nice.fr\/valbonne\/matgarbejaire\/blog\/2017\/03\/29\/semaines-du-20-et-27-mars-2017\/","title":{"rendered":"Semaines du 20 et 27 mars 2017"},"content":{"rendered":"<p>On a fini de lire les albums du<span style=\"color: #ff0000\"> <strong>rallye lecture \u00ab\u00a0Les incorruptibles\u00a0\u00bb\u00a0<\/strong>(\u00a0<a style=\"color: #ff0000\" href=\"http:\/\/www.lesincos.com\/\">http:\/\/www.lesincos.com\/<\/a>\u00a0)<\/span> et on a vot\u00e9 pour notre album pr\u00e9f\u00e9r\u00e9. Voici le r\u00e9sultat du vote:<\/p>\n<p><span style=\"color: #0000ff\"><strong>1<sup>er<\/sup><\/strong><sup>\u00a0<\/sup>: \u00ab\u00a0L\u2019oiseau qui avait aval\u00e9 une \u00e9toile\u00a0\u00bb -12 voix<\/span><\/p>\n<p><img loading=\"lazy\" decoding=\"async\" class=\"wp-image-259 aligncenter\" src=\"http:\/\/ecole.ac-nice.fr\/valbonne\/matgarbejaire\/wp-content\/uploads\/sites\/6\/2017\/03\/couverture-compressee-oiseau-214x300.jpg\" alt=\"\" width=\"164\" height=\"229\" srcset=\"https:\/\/ecole.ac-nice.fr\/valbonne\/matgarbejaire\/wp-content\/uploads\/sites\/6\/2017\/03\/couverture-compressee-oiseau-214x300.jpg 214w, https:\/\/ecole.ac-nice.fr\/valbonne\/matgarbejaire\/wp-content\/uploads\/sites\/6\/2017\/03\/couverture-compressee-oiseau.jpg 357w\" sizes=\"auto, (max-width: 164px) 100vw, 164px\" \/><\/p>\n<p><span style=\"color: #00ccff\"><strong>2<sup>\u00e8me<\/sup><\/strong><sup>\u00a0<\/sup>: \u00ab\u00a0Am\u00e9lie et le poisson\u00a0\u00bb &#8211; 5 voix<\/span><\/p>\n<p><img loading=\"lazy\" decoding=\"async\" class=\" wp-image-244 aligncenter\" src=\"http:\/\/ecole.ac-nice.fr\/valbonne\/matgarbejaire\/wp-content\/uploads\/sites\/6\/2017\/03\/Amelie-et-le-poisson-300x265.jpg\" alt=\"\" width=\"167\" height=\"148\" srcset=\"https:\/\/ecole.ac-nice.fr\/valbonne\/matgarbejaire\/wp-content\/uploads\/sites\/6\/2017\/03\/Amelie-et-le-poisson-300x265.jpg 300w, https:\/\/ecole.ac-nice.fr\/valbonne\/matgarbejaire\/wp-content\/uploads\/sites\/6\/2017\/03\/Amelie-et-le-poisson.jpg 500w\" sizes=\"auto, (max-width: 167px) 100vw, 167px\" \/><\/p>\n<p><span style=\"color: #ff00ff\"><strong>3<sup>\u00e8me<\/sup><\/strong> : \u00ab\u00a0Maman \u00e0 l\u2019\u00e9cole\u00a0\u00bb &#8211; 4 voix<\/span><\/p>\n<p><img loading=\"lazy\" decoding=\"async\" class=\"wp-image-260 aligncenter\" src=\"http:\/\/ecole.ac-nice.fr\/valbonne\/matgarbejaire\/wp-content\/uploads\/sites\/6\/2017\/03\/maman-\u00e0-l\u00e9cole-compress\u00e9e-242x300.jpg\" alt=\"\" width=\"165\" height=\"204\" srcset=\"https:\/\/ecole.ac-nice.fr\/valbonne\/matgarbejaire\/wp-content\/uploads\/sites\/6\/2017\/03\/maman-\u00e0-l\u00e9cole-compress\u00e9e-242x300.jpg 242w, https:\/\/ecole.ac-nice.fr\/valbonne\/matgarbejaire\/wp-content\/uploads\/sites\/6\/2017\/03\/maman-\u00e0-l\u00e9cole-compress\u00e9e.jpg 400w\" sizes=\"auto, (max-width: 165px) 100vw, 165px\" \/><\/p>\n<p><span style=\"color: #ff9900\"><strong>4<sup>\u00e8me<\/sup><\/strong><sup>\u00a0<\/sup>: \u00ab\u00a0Tibouli r\u00eave de couleurs\u00a0\u00bb &#8211; 3 voix<\/span><\/p>\n<p><img loading=\"lazy\" decoding=\"async\" class=\" wp-image-261 aligncenter\" src=\"http:\/\/ecole.ac-nice.fr\/valbonne\/matgarbejaire\/wp-content\/uploads\/sites\/6\/2017\/03\/couverture-compress\u00e9e-219x300.jpg\" alt=\"\" width=\"165\" height=\"226\" srcset=\"https:\/\/ecole.ac-nice.fr\/valbonne\/matgarbejaire\/wp-content\/uploads\/sites\/6\/2017\/03\/couverture-compress\u00e9e-219x300.jpg 219w, https:\/\/ecole.ac-nice.fr\/valbonne\/matgarbejaire\/wp-content\/uploads\/sites\/6\/2017\/03\/couverture-compress\u00e9e.jpg 400w\" sizes=\"auto, (max-width: 165px) 100vw, 165px\" \/><\/p>\n<p><strong>5<sup>\u00e8me<\/sup><\/strong><sup>\u00a0<\/sup>: \u00ab\u00a0Moi devant\u00a0\u00bb &#8211; 1 voix<\/p>\n<p><img loading=\"lazy\" decoding=\"async\" class=\" wp-image-262 aligncenter\" src=\"http:\/\/ecole.ac-nice.fr\/valbonne\/matgarbejaire\/wp-content\/uploads\/sites\/6\/2017\/03\/couverture-compress\u00e9e-1-219x300.jpg\" alt=\"\" width=\"164\" height=\"225\" srcset=\"https:\/\/ecole.ac-nice.fr\/valbonne\/matgarbejaire\/wp-content\/uploads\/sites\/6\/2017\/03\/couverture-compress\u00e9e-1-219x300.jpg 219w, https:\/\/ecole.ac-nice.fr\/valbonne\/matgarbejaire\/wp-content\/uploads\/sites\/6\/2017\/03\/couverture-compress\u00e9e-1.jpg 400w\" sizes=\"auto, (max-width: 164px) 100vw, 164px\" \/><\/p>\n<p>On a \u00e9cout\u00e9 des airs d&rsquo;<span style=\"color: #800080\"><strong>op\u00e9ra<\/strong><\/span><\/p>\n<p><img loading=\"lazy\" decoding=\"async\" class=\"alignnone wp-image-263\" src=\"http:\/\/ecole.ac-nice.fr\/valbonne\/matgarbejaire\/wp-content\/uploads\/sites\/6\/2017\/03\/mes-premiers-airs-dop\u00e9ra-300x300.jpg\" alt=\"\" width=\"269\" height=\"269\" srcset=\"https:\/\/ecole.ac-nice.fr\/valbonne\/matgarbejaire\/wp-content\/uploads\/sites\/6\/2017\/03\/mes-premiers-airs-dop\u00e9ra-300x300.jpg 300w, https:\/\/ecole.ac-nice.fr\/valbonne\/matgarbejaire\/wp-content\/uploads\/sites\/6\/2017\/03\/mes-premiers-airs-dop\u00e9ra-150x150.jpg 150w, https:\/\/ecole.ac-nice.fr\/valbonne\/matgarbejaire\/wp-content\/uploads\/sites\/6\/2017\/03\/mes-premiers-airs-dop\u00e9ra.jpg 500w\" sizes=\"auto, (max-width: 269px) 100vw, 269px\" \/><\/p>\n<p>On a fait un <strong><span style=\"color: #00ff00\">g\u00e2teau marbr\u00e9<\/span><\/strong> pour les <strong><span style=\"color: #00ff00\">anniversaires de mars<\/span><\/strong>. Ethan et Maxence ont souffl\u00e9 leurs 6 bougies.Cliquer pour lire la\u00a0<a href=\"http:\/\/ecole.ac-nice.fr\/valbonne\/matgarbejaire\/wp-content\/uploads\/sites\/6\/2017\/03\/gateau-marbre.pdf\">Recette du g\u00e2teau marbr\u00e9<\/a>.<\/p>\n<p><img loading=\"lazy\" decoding=\"async\" class=\"alignnone size-medium wp-image-270\" src=\"http:\/\/ecole.ac-nice.fr\/valbonne\/matgarbejaire\/wp-content\/uploads\/sites\/6\/2017\/03\/gateau-marbre-300x246.jpg\" alt=\"\" width=\"300\" height=\"246\" srcset=\"https:\/\/ecole.ac-nice.fr\/valbonne\/matgarbejaire\/wp-content\/uploads\/sites\/6\/2017\/03\/gateau-marbre-300x246.jpg 300w, https:\/\/ecole.ac-nice.fr\/valbonne\/matgarbejaire\/wp-content\/uploads\/sites\/6\/2017\/03\/gateau-marbre.jpg 400w\" sizes=\"auto, (max-width: 300px) 100vw, 300px\" \/><\/p>\n<p>On travaille sur un nouvel album pour travailler sur les sons: <strong><span style=\"color: #ff6600\">\u00ab\u00a0Aladin et les mots magiques\u00a0\u00bb.<\/span><\/strong><\/p>\n<p><img loading=\"lazy\" decoding=\"async\" class=\"alignnone size-medium wp-image-267\" src=\"http:\/\/ecole.ac-nice.fr\/valbonne\/matgarbejaire\/wp-content\/uploads\/sites\/6\/2017\/03\/couverture-compress\u00e9e-2-225x300.jpg\" alt=\"\" width=\"225\" height=\"300\" srcset=\"https:\/\/ecole.ac-nice.fr\/valbonne\/matgarbejaire\/wp-content\/uploads\/sites\/6\/2017\/03\/couverture-compress\u00e9e-2-225x300.jpg 225w, https:\/\/ecole.ac-nice.fr\/valbonne\/matgarbejaire\/wp-content\/uploads\/sites\/6\/2017\/03\/couverture-compress\u00e9e-2.jpg 400w\" sizes=\"auto, (max-width: 225px) 100vw, 225px\" \/><\/p>\n<p>On apprend la <span style=\"color: #0000ff\"><strong>comptine des sons<\/strong><\/span> pour savoir le son de chaque lettre. Cliquer pour lire <a href=\"http:\/\/ecole.ac-nice.fr\/valbonne\/matgarbejaire\/wp-content\/uploads\/sites\/6\/2017\/03\/La-comptine-des-sons.pdf\">La comptine des sons<\/a>.<\/p>\n<p>&nbsp;<\/p>\n","protected":false},"excerpt":{"rendered":"<p>On a fini de lire les albums du rallye lecture \u00ab\u00a0Les incorruptibles\u00a0\u00bb\u00a0(\u00a0http:\/\/www.lesincos.com\/\u00a0) et on a vot\u00e9 pour notre album pr\u00e9f\u00e9r\u00e9. Voici le r\u00e9sultat du vote: 1er\u00a0: \u00ab\u00a0L\u2019oiseau qui avait aval\u00e9 une \u00e9toile\u00a0\u00bb -12 voix 2\u00e8me\u00a0: \u00ab\u00a0Am\u00e9lie et le poisson\u00a0\u00bb &#8211; 5 voix 3\u00e8me : \u00ab\u00a0Maman \u00e0 l\u2019\u00e9cole\u00a0\u00bb &#8211; 4 voix 4\u00e8me\u00a0: \u00ab\u00a0Tibouli r\u00eave de couleurs\u00a0\u00bb &hellip; <a href=\"https:\/\/ecole.ac-nice.fr\/valbonne\/matgarbejaire\/blog\/2017\/03\/29\/semaines-du-20-et-27-mars-2017\/\" class=\"more-link\">Continuer la lecture de <span class=\"screen-reader-text\">Semaines du 20 et 27 mars 2017<\/span> <span class=\"meta-nav\">&rarr;<\/span><\/a><\/p>\n","protected":false},"author":6,"featured_media":0,"comment_status":"open","ping_status":"open","sticky":false,"template":"","format":"standard","meta":{"footnotes":""},"categories":[40,3,26],"tags":[],"class_list":["post-258","post","type-post","status-publish","format-standard","hentry","category-2016-2017-ms-gs5","category-classes","category-ms-gs5"],"_links":{"self":[{"href":"https:\/\/ecole.ac-nice.fr\/valbonne\/matgarbejaire\/wp-json\/wp\/v2\/posts\/258","targetHints":{"allow":["GET"]}}],"collection":[{"href":"https:\/\/ecole.ac-nice.fr\/valbonne\/matgarbejaire\/wp-json\/wp\/v2\/posts"}],"about":[{"href":"https:\/\/ecole.ac-nice.fr\/valbonne\/matgarbejaire\/wp-json\/wp\/v2\/types\/post"}],"author":[{"embeddable":true,"href":"https:\/\/ecole.ac-nice.fr\/valbonne\/matgarbejaire\/wp-json\/wp\/v2\/users\/6"}],"replies":[{"embeddable":true,"href":"https:\/\/ecole.ac-nice.fr\/valbonne\/matgarbejaire\/wp-json\/wp\/v2\/comments?post=258"}],"version-history":[{"count":8,"href":"https:\/\/ecole.ac-nice.fr\/valbonne\/matgarbejaire\/wp-json\/wp\/v2\/posts\/258\/revisions"}],"predecessor-version":[{"id":275,"href":"https:\/\/ecole.ac-nice.fr\/valbonne\/matgarbejaire\/wp-json\/wp\/v2\/posts\/258\/revisions\/275"}],"wp:attachment":[{"href":"https:\/\/ecole.ac-nice.fr\/valbonne\/matgarbejaire\/wp-json\/wp\/v2\/media?parent=258"}],"wp:term":[{"taxonomy":"category","embeddable":true,"href":"https:\/\/ecole.ac-nice.fr\/valbonne\/matgarbejaire\/wp-json\/wp\/v2\/categories?post=258"},{"taxonomy":"post_tag","embeddable":true,"href":"https:\/\/ecole.ac-nice.fr\/valbonne\/matgarbejaire\/wp-json\/wp\/v2\/tags?post=258"}],"curies":[{"name":"wp","href":"https:\/\/api.w.org\/{rel}","templated":true}]}}