{"id":2193,"date":"2018-12-21T17:51:03","date_gmt":"2018-12-21T16:51:03","guid":{"rendered":"http:\/\/ecole.ac-nice.fr\/valbonne\/matgarbejaire\/?p=2193"},"modified":"2018-12-21T17:51:03","modified_gmt":"2018-12-21T16:51:03","slug":"sortie-a-la-chapelle-picasso-a-vallauris","status":"publish","type":"post","link":"https:\/\/ecole.ac-nice.fr\/valbonne\/matgarbejaire\/blog\/2018\/12\/21\/sortie-a-la-chapelle-picasso-a-vallauris\/","title":{"rendered":"Sortie \u00e0 la chapelle Picasso \u00e0 Vallauris"},"content":{"rendered":"<p><span style=\"color: #000000\"><strong>Jeudi 20 d\u00e9cembre<\/strong><\/span>, nous sommes all\u00e9s au mus\u00e9e Magnelli. Nous avons visit\u00e9 la chapelle Picasso <strong><span style=\"color: #993366\"><span style=\"color: #ff0000\">\u00ab\u00a0Guerre<\/span> <span style=\"color: #000000\">et<\/span> <span style=\"color: #0000ff\">Paix\u00a0\u00bb<\/span><\/span><\/strong>. Pour en savoir plus, cliquer sur ce lien:\u00a0<a href=\"https:\/\/musees-nationaux-alpesmaritimes.fr\/picasso\/p-la-chapelle\">https:\/\/musees-nationaux-alpesmaritimes.fr\/picasso\/p-la-chapelle<\/a><\/p>\n<p>Le papa d&rsquo;Isma\u00ebl et la maman de Naysam nous ont accompagn\u00e9s: un grand merci \u00e0 eux.<\/p>\n<p><img loading=\"lazy\" decoding=\"async\" class=\"alignnone size-medium wp-image-2181\" src=\"http:\/\/ecole.ac-nice.fr\/valbonne\/matgarbejaire\/wp-content\/uploads\/sites\/6\/2018\/12\/entree-chapelle-270x300.jpg\" alt=\"\" width=\"270\" height=\"300\" srcset=\"https:\/\/ecole.ac-nice.fr\/valbonne\/matgarbejaire\/wp-content\/uploads\/sites\/6\/2018\/12\/entree-chapelle-270x300.jpg 270w, https:\/\/ecole.ac-nice.fr\/valbonne\/matgarbejaire\/wp-content\/uploads\/sites\/6\/2018\/12\/entree-chapelle.jpg 500w\" sizes=\"auto, (max-width: 270px) 100vw, 270px\" \/> <img loading=\"lazy\" decoding=\"async\" class=\"alignnone size-medium wp-image-2182\" src=\"http:\/\/ecole.ac-nice.fr\/valbonne\/matgarbejaire\/wp-content\/uploads\/sites\/6\/2018\/12\/fresque-300x202.jpg\" alt=\"\" width=\"300\" height=\"202\" srcset=\"https:\/\/ecole.ac-nice.fr\/valbonne\/matgarbejaire\/wp-content\/uploads\/sites\/6\/2018\/12\/fresque-300x202.jpg 300w, https:\/\/ecole.ac-nice.fr\/valbonne\/matgarbejaire\/wp-content\/uploads\/sites\/6\/2018\/12\/fresque.jpg 475w\" sizes=\"auto, (max-width: 300px) 100vw, 300px\" \/><\/p>\n<p>Nous avons observ\u00e9 les peintures de Picasso guid\u00e9s par St\u00e9phanie, la conf\u00e9renci\u00e8re du mus\u00e9e puis nous avons dessin\u00e9 ce que nous voulions. Voici r\u00e9unis tous nos dessins:<\/p>\n<p><img loading=\"lazy\" decoding=\"async\" class=\"alignnone size-medium wp-image-2189\" src=\"http:\/\/ecole.ac-nice.fr\/valbonne\/matgarbejaire\/wp-content\/uploads\/sites\/6\/2018\/12\/DSC_0352-300x169.jpg\" alt=\"\" width=\"300\" height=\"169\" srcset=\"https:\/\/ecole.ac-nice.fr\/valbonne\/matgarbejaire\/wp-content\/uploads\/sites\/6\/2018\/12\/DSC_0352-300x169.jpg 300w, https:\/\/ecole.ac-nice.fr\/valbonne\/matgarbejaire\/wp-content\/uploads\/sites\/6\/2018\/12\/DSC_0352-768x431.jpg 768w, https:\/\/ecole.ac-nice.fr\/valbonne\/matgarbejaire\/wp-content\/uploads\/sites\/6\/2018\/12\/DSC_0352-1024x575.jpg 1024w, https:\/\/ecole.ac-nice.fr\/valbonne\/matgarbejaire\/wp-content\/uploads\/sites\/6\/2018\/12\/DSC_0352.jpg 1280w\" sizes=\"auto, (max-width: 300px) 100vw, 300px\" \/> <img loading=\"lazy\" decoding=\"async\" class=\"alignnone size-medium wp-image-2190\" src=\"http:\/\/ecole.ac-nice.fr\/valbonne\/matgarbejaire\/wp-content\/uploads\/sites\/6\/2018\/12\/DSC_0353-300x169.jpg\" alt=\"\" width=\"300\" height=\"169\" srcset=\"https:\/\/ecole.ac-nice.fr\/valbonne\/matgarbejaire\/wp-content\/uploads\/sites\/6\/2018\/12\/DSC_0353-300x169.jpg 300w, https:\/\/ecole.ac-nice.fr\/valbonne\/matgarbejaire\/wp-content\/uploads\/sites\/6\/2018\/12\/DSC_0353-768x431.jpg 768w, https:\/\/ecole.ac-nice.fr\/valbonne\/matgarbejaire\/wp-content\/uploads\/sites\/6\/2018\/12\/DSC_0353-1024x575.jpg 1024w, https:\/\/ecole.ac-nice.fr\/valbonne\/matgarbejaire\/wp-content\/uploads\/sites\/6\/2018\/12\/DSC_0353.jpg 1280w\" sizes=\"auto, (max-width: 300px) 100vw, 300px\" \/> <img loading=\"lazy\" decoding=\"async\" class=\"alignnone size-medium wp-image-2191\" src=\"http:\/\/ecole.ac-nice.fr\/valbonne\/matgarbejaire\/wp-content\/uploads\/sites\/6\/2018\/12\/DSC_0355-300x169.jpg\" alt=\"\" width=\"300\" height=\"169\" srcset=\"https:\/\/ecole.ac-nice.fr\/valbonne\/matgarbejaire\/wp-content\/uploads\/sites\/6\/2018\/12\/DSC_0355-300x169.jpg 300w, https:\/\/ecole.ac-nice.fr\/valbonne\/matgarbejaire\/wp-content\/uploads\/sites\/6\/2018\/12\/DSC_0355-768x431.jpg 768w, https:\/\/ecole.ac-nice.fr\/valbonne\/matgarbejaire\/wp-content\/uploads\/sites\/6\/2018\/12\/DSC_0355-1024x575.jpg 1024w, https:\/\/ecole.ac-nice.fr\/valbonne\/matgarbejaire\/wp-content\/uploads\/sites\/6\/2018\/12\/DSC_0355.jpg 1280w\" sizes=\"auto, (max-width: 300px) 100vw, 300px\" \/><\/p>\n<p>Voici ce que nous avons retenu:<\/p>\n<p>\u00ab\u00a0Il y avait trois parties:<\/p>\n<ul>\n<li><span style=\"color: #ff0000\"><strong>la guerre<\/strong><\/span><\/li>\n<li><strong><span style=\"color: #0000ff\">la paix<\/span><\/strong><\/li>\n<li>les hommes des diff\u00e9rents endroits du monde qui se donnent la main\u00a0\u00bb<\/li>\n<\/ul>\n<p><strong><span style=\"color: #0000ff\">Sur la paix:<\/span><\/strong><\/p>\n<ul>\n<li>Naysam : \u00ab\u00a0Il y avait des mamans et des papas\u00a0\u00bb<\/li>\n<li>Haru: \u00ab\u00a0Il y avait des poissons et une chouette\u00a0\u00bb<\/li>\n<li>Louna: \u00ab\u00a0Dans la cage, il y avait des poissons et dans l&rsquo;aquarium, il y avait des oiseaux\u00a0\u00bb &#8211; \u00ab\u00a0Il y avait un arbre\u00a0\u00bb<\/li>\n<li>Marie: \u00a0\u00bb La maman lisait un livre\u00a0\u00bb<\/li>\n<li>Chiara: \u00ab\u00a0Il y avait un soleil de toutes les couleurs.\u00a0\u00bb<\/li>\n<li>Ahmed C. : \u00ab\u00a0Il y avait un sablier.\u00a0\u00bb<\/li>\n<li>Ma\u00cfly: \u00ab\u00a0Il y avait un cheval avec des ailes, un peu comme une licorne.\u00a0\u00bb<\/li>\n<li>Capucine: \u00ab\u00a0Il y avait le soleil\u00a0\u00bb<\/li>\n<li>Svenn: \u00ab\u00a0Il y avait des osieaux dans l&rsquo;eau.\u00a0\u00bb<\/li>\n<\/ul>\n<p><strong>Sur la guerre:<\/strong><\/p>\n<ul>\n<li>Lilia A. : \u00ab\u00a0Il y avait du sang\u00a0\u00bb<\/li>\n<li>Ahmed D. : \u00ab\u00a0Il y avait un grand bonhomme qui se d\u00e9fendait contre les m\u00e9chants avec son bouclier. \u00a0\u00bb &#8211; \u00ab\u00a0Il y avait du sang sur le sol.\u00a0\u00bb<\/li>\n<li>Adam: \u00ab\u00a0Il y avait un m\u00e9chant. C&rsquo;\u00e9tait le chef de toutes les guerres. Il avait des cornes de diable\u00a0\u00bb &#8211; \u00ab\u00a0Il y avait un cheval tr\u00e8s maigre. On voyait ses os.\u00a0\u00bb<\/li>\n<li>Noah: \u00ab\u00a0Il y avait des chevaux.\u00a0\u00bb \u00ab\u00a0Il y avait des bact\u00e9ries.\u00a0\u00bb<\/li>\n<li>Louna: \u00ab\u00a0Il y avait du bl\u00e9.\u00a0\u00bb<\/li>\n<li>Haru: \u00ab\u00a0Il y avait des m\u00e9chants avec des armes.\u00a0\u00bb<\/li>\n<li>Marie: \u00ab\u00a0Il y avait un livre qu&rsquo;on br\u00fblait.\u00a0\u00bb<\/li>\n<li>Carolina: \u00ab\u00a0Il y avait des mains vertes.\u00a0\u00bb<\/li>\n<li>Isma\u00ebl: \u00ab\u00a0Il y avait un homme qui vait un bouclier. Il \u00e9tait gentil. Sur son bouclier, il y avit un visage et un oiseau. C&rsquo;\u00e9atit une colombe.\u00a0\u00bb<\/li>\n<\/ul>\n<p>&nbsp;<\/p>\n","protected":false},"excerpt":{"rendered":"<p>Jeudi 20 d\u00e9cembre, nous sommes all\u00e9s au mus\u00e9e Magnelli. Nous avons visit\u00e9 la chapelle Picasso \u00ab\u00a0Guerre et Paix\u00a0\u00bb. Pour en savoir plus, cliquer sur ce lien:\u00a0https:\/\/musees-nationaux-alpesmaritimes.fr\/picasso\/p-la-chapelle Le papa d&rsquo;Isma\u00ebl et la maman de Naysam nous ont accompagn\u00e9s: un grand merci \u00e0 eux. Nous avons observ\u00e9 les peintures de Picasso guid\u00e9s par St\u00e9phanie, la conf\u00e9renci\u00e8re du &hellip; <a href=\"https:\/\/ecole.ac-nice.fr\/valbonne\/matgarbejaire\/blog\/2018\/12\/21\/sortie-a-la-chapelle-picasso-a-vallauris\/\" class=\"more-link\">Continuer la lecture de <span class=\"screen-reader-text\">Sortie \u00e0 la chapelle Picasso \u00e0 Vallauris<\/span> <span class=\"meta-nav\">&rarr;<\/span><\/a><\/p>\n","protected":false},"author":6,"featured_media":0,"comment_status":"open","ping_status":"open","sticky":false,"template":"","format":"standard","meta":{"footnotes":""},"categories":[60,3,55,9],"tags":[],"class_list":["post-2193","post","type-post","status-publish","format-standard","hentry","category-2018-2019","category-classes","category-deuxieme-periode","category-gs6"],"_links":{"self":[{"href":"https:\/\/ecole.ac-nice.fr\/valbonne\/matgarbejaire\/wp-json\/wp\/v2\/posts\/2193","targetHints":{"allow":["GET"]}}],"collection":[{"href":"https:\/\/ecole.ac-nice.fr\/valbonne\/matgarbejaire\/wp-json\/wp\/v2\/posts"}],"about":[{"href":"https:\/\/ecole.ac-nice.fr\/valbonne\/matgarbejaire\/wp-json\/wp\/v2\/types\/post"}],"author":[{"embeddable":true,"href":"https:\/\/ecole.ac-nice.fr\/valbonne\/matgarbejaire\/wp-json\/wp\/v2\/users\/6"}],"replies":[{"embeddable":true,"href":"https:\/\/ecole.ac-nice.fr\/valbonne\/matgarbejaire\/wp-json\/wp\/v2\/comments?post=2193"}],"version-history":[{"count":1,"href":"https:\/\/ecole.ac-nice.fr\/valbonne\/matgarbejaire\/wp-json\/wp\/v2\/posts\/2193\/revisions"}],"predecessor-version":[{"id":2194,"href":"https:\/\/ecole.ac-nice.fr\/valbonne\/matgarbejaire\/wp-json\/wp\/v2\/posts\/2193\/revisions\/2194"}],"wp:attachment":[{"href":"https:\/\/ecole.ac-nice.fr\/valbonne\/matgarbejaire\/wp-json\/wp\/v2\/media?parent=2193"}],"wp:term":[{"taxonomy":"category","embeddable":true,"href":"https:\/\/ecole.ac-nice.fr\/valbonne\/matgarbejaire\/wp-json\/wp\/v2\/categories?post=2193"},{"taxonomy":"post_tag","embeddable":true,"href":"https:\/\/ecole.ac-nice.fr\/valbonne\/matgarbejaire\/wp-json\/wp\/v2\/tags?post=2193"}],"curies":[{"name":"wp","href":"https:\/\/api.w.org\/{rel}","templated":true}]}}