{"id":2142,"date":"2018-12-01T06:41:49","date_gmt":"2018-12-01T05:41:49","guid":{"rendered":"http:\/\/ecole.ac-nice.fr\/valbonne\/matgarbejaire\/?p=2142"},"modified":"2018-12-01T06:47:11","modified_gmt":"2018-12-01T05:47:11","slug":"enfantillages","status":"publish","type":"post","link":"https:\/\/ecole.ac-nice.fr\/valbonne\/matgarbejaire\/blog\/2018\/12\/01\/enfantillages\/","title":{"rendered":"Enfantillages"},"content":{"rendered":"<p>Toutes les classes de l&rsquo;\u00e9cole sont all\u00e9es au Festival Enfantillages organis\u00e9 par la Mairie de Valbonne. Elles se sont rendues en bus au Pr\u00e9 des Arts \u00e0 Valbonne Village pour y assister. Merci aux parents qui nous ont accompagn\u00e9s.<\/p>\n<p>La GS5 de Marie-Pierre Balluais est all\u00e9e jeudi 15 novembre voir le spectacle \u00ab\u00a0Accroche-toi si tu peux\u00a0\u00bb de la Compagnie Les Invendus.\u00a0Vous pouvez cliquer sur le lien suivant pour en savoir plus:<\/p>\n<p><a href=\"https:\/\/www.cielesinvendus.com\/accroche-toi\">https:\/\/www.cielesinvendus.com\/accroche-toi<\/a><\/p>\n<p><img loading=\"lazy\" decoding=\"async\" class=\"alignnone size-medium wp-image-2146\" src=\"http:\/\/ecole.ac-nice.fr\/valbonne\/matgarbejaire\/wp-content\/uploads\/sites\/6\/2018\/12\/accroche-214x300.jpg\" alt=\"\" width=\"214\" height=\"300\" srcset=\"https:\/\/ecole.ac-nice.fr\/valbonne\/matgarbejaire\/wp-content\/uploads\/sites\/6\/2018\/12\/accroche-214x300.jpg 214w, https:\/\/ecole.ac-nice.fr\/valbonne\/matgarbejaire\/wp-content\/uploads\/sites\/6\/2018\/12\/accroche.jpg 300w\" sizes=\"auto, (max-width: 214px) 100vw, 214px\" \/><\/p>\n<p>La GS6 de Laetitia Tacaille est all\u00e9e mardi 20 novembre voir \u00ab\u00a0Culotte et crotte de nez\u00a0\u00bb de la Compagnie Dagor. Vous pouvez cliquer sur le lien suivant pour en savoir plus:<\/p>\n<p><a href=\"http:\/\/thomas.gornet.free.fr\/wp\/?page_id=77\">http:\/\/thomas.gornet.free.fr\/wp\/?page_id=77<\/a><\/p>\n<p><img loading=\"lazy\" decoding=\"async\" class=\"alignnone size-medium wp-image-2128\" src=\"http:\/\/ecole.ac-nice.fr\/valbonne\/matgarbejaire\/wp-content\/uploads\/sites\/6\/2018\/12\/affiche-spectacle-214x300.jpg\" alt=\"\" width=\"214\" height=\"300\" srcset=\"https:\/\/ecole.ac-nice.fr\/valbonne\/matgarbejaire\/wp-content\/uploads\/sites\/6\/2018\/12\/affiche-spectacle-214x300.jpg 214w, https:\/\/ecole.ac-nice.fr\/valbonne\/matgarbejaire\/wp-content\/uploads\/sites\/6\/2018\/12\/affiche-spectacle.jpg 300w\" sizes=\"auto, (max-width: 214px) 100vw, 214px\" \/><\/p>\n<p>La PS1 de Natcaha Frances, la PS2 de V\u00e9ronique Laget, la MS3 de Martine Casazza et la MS4 de S\u00e9verine Lardy sont all\u00e9es voir \u00ab\u00a0Toi, moi, nous\u00a0\u00bb de Limite Larsen Theatre\u00a0 le mardi 27 novembre.\u00a0Vous pouvez cliquer sur le lien suivant pour en savoir plus:<\/p>\n<p><a href=\"http:\/\/limitelarsen.com\/pages\/toi_moi_nous\">http:\/\/limitelarsen.com\/pages\/toi_moi_nous<\/a><\/p>\n<p><img loading=\"lazy\" decoding=\"async\" class=\"alignnone size-medium wp-image-2145\" src=\"http:\/\/ecole.ac-nice.fr\/valbonne\/matgarbejaire\/wp-content\/uploads\/sites\/6\/2018\/12\/toi-moi-nous-215x300.jpg\" alt=\"\" width=\"215\" height=\"300\" srcset=\"https:\/\/ecole.ac-nice.fr\/valbonne\/matgarbejaire\/wp-content\/uploads\/sites\/6\/2018\/12\/toi-moi-nous-215x300.jpg 215w, https:\/\/ecole.ac-nice.fr\/valbonne\/matgarbejaire\/wp-content\/uploads\/sites\/6\/2018\/12\/toi-moi-nous.jpg 300w\" sizes=\"auto, (max-width: 215px) 100vw, 215px\" \/><\/p>\n","protected":false},"excerpt":{"rendered":"<p>Toutes les classes de l&rsquo;\u00e9cole sont all\u00e9es au Festival Enfantillages organis\u00e9 par la Mairie de Valbonne. Elles se sont rendues en bus au Pr\u00e9 des Arts \u00e0 Valbonne Village pour y assister. Merci aux parents qui nous ont accompagn\u00e9s. La GS5 de Marie-Pierre Balluais est all\u00e9e jeudi 15 novembre voir le spectacle \u00ab\u00a0Accroche-toi si tu &hellip; <a href=\"https:\/\/ecole.ac-nice.fr\/valbonne\/matgarbejaire\/blog\/2018\/12\/01\/enfantillages\/\" class=\"more-link\">Continuer la lecture de <span class=\"screen-reader-text\">Enfantillages<\/span> <span class=\"meta-nav\">&rarr;<\/span><\/a><\/p>\n","protected":false},"author":6,"featured_media":0,"comment_status":"open","ping_status":"open","sticky":false,"template":"","format":"standard","meta":{"footnotes":""},"categories":[60,4],"tags":[],"class_list":["post-2142","post","type-post","status-publish","format-standard","hentry","category-2018-2019","category-manifestations"],"_links":{"self":[{"href":"https:\/\/ecole.ac-nice.fr\/valbonne\/matgarbejaire\/wp-json\/wp\/v2\/posts\/2142","targetHints":{"allow":["GET"]}}],"collection":[{"href":"https:\/\/ecole.ac-nice.fr\/valbonne\/matgarbejaire\/wp-json\/wp\/v2\/posts"}],"about":[{"href":"https:\/\/ecole.ac-nice.fr\/valbonne\/matgarbejaire\/wp-json\/wp\/v2\/types\/post"}],"author":[{"embeddable":true,"href":"https:\/\/ecole.ac-nice.fr\/valbonne\/matgarbejaire\/wp-json\/wp\/v2\/users\/6"}],"replies":[{"embeddable":true,"href":"https:\/\/ecole.ac-nice.fr\/valbonne\/matgarbejaire\/wp-json\/wp\/v2\/comments?post=2142"}],"version-history":[{"count":3,"href":"https:\/\/ecole.ac-nice.fr\/valbonne\/matgarbejaire\/wp-json\/wp\/v2\/posts\/2142\/revisions"}],"predecessor-version":[{"id":2147,"href":"https:\/\/ecole.ac-nice.fr\/valbonne\/matgarbejaire\/wp-json\/wp\/v2\/posts\/2142\/revisions\/2147"}],"wp:attachment":[{"href":"https:\/\/ecole.ac-nice.fr\/valbonne\/matgarbejaire\/wp-json\/wp\/v2\/media?parent=2142"}],"wp:term":[{"taxonomy":"category","embeddable":true,"href":"https:\/\/ecole.ac-nice.fr\/valbonne\/matgarbejaire\/wp-json\/wp\/v2\/categories?post=2142"},{"taxonomy":"post_tag","embeddable":true,"href":"https:\/\/ecole.ac-nice.fr\/valbonne\/matgarbejaire\/wp-json\/wp\/v2\/tags?post=2142"}],"curies":[{"name":"wp","href":"https:\/\/api.w.org\/{rel}","templated":true}]}}