{"id":2088,"date":"2018-11-14T05:15:22","date_gmt":"2018-11-14T04:15:22","guid":{"rendered":"http:\/\/ecole.ac-nice.fr\/valbonne\/matgarbejaire\/?p=2088"},"modified":"2018-11-16T10:18:19","modified_gmt":"2018-11-16T09:18:19","slug":"rythmes-et-chants-dafrique","status":"publish","type":"post","link":"https:\/\/ecole.ac-nice.fr\/valbonne\/matgarbejaire\/blog\/2018\/11\/14\/rythmes-et-chants-dafrique\/","title":{"rendered":"Rythmes et chants d&rsquo;Afrique"},"content":{"rendered":"<p>Toutes les classes de l&rsquo;\u00e9cole liront l&rsquo;album \u00ab\u00a0La sieste de Moussa\u00a0\u00bb, apr\u00e8s les vacances de printemps. Cet album se passe en Afrique.<\/p>\n<p><img loading=\"lazy\" decoding=\"async\" class=\"size-medium wp-image-2089 aligncenter\" src=\"http:\/\/ecole.ac-nice.fr\/valbonne\/matgarbejaire\/wp-content\/uploads\/sites\/6\/2018\/11\/La-Sieste-de-Moua-300x300.jpg\" alt=\"\" width=\"300\" height=\"300\" srcset=\"https:\/\/ecole.ac-nice.fr\/valbonne\/matgarbejaire\/wp-content\/uploads\/sites\/6\/2018\/11\/La-Sieste-de-Moua-300x300.jpg 300w, https:\/\/ecole.ac-nice.fr\/valbonne\/matgarbejaire\/wp-content\/uploads\/sites\/6\/2018\/11\/La-Sieste-de-Moua-150x150.jpg 150w, https:\/\/ecole.ac-nice.fr\/valbonne\/matgarbejaire\/wp-content\/uploads\/sites\/6\/2018\/11\/La-Sieste-de-Moua.jpg 340w\" sizes=\"auto, (max-width: 300px) 100vw, 300px\" \/><\/p>\n<p>Nous travaillons d\u00e9j\u00e0 en musique avec Nicolas l&rsquo;intervenant du conservatoire sur les rythmes et les chants d&rsquo;Afrique. Vous pouvez nous \u00e9couter:<\/p>\n<audio class=\"wp-audio-shortcode\" id=\"audio-2088-1\" preload=\"none\" style=\"width: 100%;\" controls=\"controls\"><source type=\"audio\/mpeg\" src=\"http:\/\/ecole.ac-nice.fr\/valbonne\/matgarbejaire\/wp-content\/uploads\/sites\/6\/2018\/11\/Fatou-w\u00e9.mp3?_=1\" \/><a href=\"http:\/\/ecole.ac-nice.fr\/valbonne\/matgarbejaire\/wp-content\/uploads\/sites\/6\/2018\/11\/Fatou-w\u00e9.mp3\">http:\/\/ecole.ac-nice.fr\/valbonne\/matgarbejaire\/wp-content\/uploads\/sites\/6\/2018\/11\/Fatou-w\u00e9.mp3<\/a><\/audio>\n<audio class=\"wp-audio-shortcode\" id=\"audio-2088-2\" preload=\"none\" style=\"width: 100%;\" controls=\"controls\"><source type=\"audio\/mpeg\" src=\"http:\/\/ecole.ac-nice.fr\/valbonne\/matgarbejaire\/wp-content\/uploads\/sites\/6\/2018\/11\/O-wissanassa.mp3?_=2\" \/><a href=\"http:\/\/ecole.ac-nice.fr\/valbonne\/matgarbejaire\/wp-content\/uploads\/sites\/6\/2018\/11\/O-wissanassa.mp3\">http:\/\/ecole.ac-nice.fr\/valbonne\/matgarbejaire\/wp-content\/uploads\/sites\/6\/2018\/11\/O-wissanassa.mp3<\/a><\/audio>\n<p>&nbsp;<\/p>\n","protected":false},"excerpt":{"rendered":"<p>Toutes les classes de l&rsquo;\u00e9cole liront l&rsquo;album \u00ab\u00a0La sieste de Moussa\u00a0\u00bb, apr\u00e8s les vacances de printemps. Cet album se passe en Afrique. Nous travaillons d\u00e9j\u00e0 en musique avec Nicolas l&rsquo;intervenant du conservatoire sur les rythmes et les chants d&rsquo;Afrique. Vous pouvez nous \u00e9couter: &nbsp;<\/p>\n","protected":false},"author":6,"featured_media":0,"comment_status":"open","ping_status":"open","sticky":false,"template":"","format":"standard","meta":{"footnotes":""},"categories":[60,59,4],"tags":[],"class_list":["post-2088","post","type-post","status-publish","format-standard","hentry","category-2018-2019","category-chants-et-comptines","category-manifestations"],"_links":{"self":[{"href":"https:\/\/ecole.ac-nice.fr\/valbonne\/matgarbejaire\/wp-json\/wp\/v2\/posts\/2088","targetHints":{"allow":["GET"]}}],"collection":[{"href":"https:\/\/ecole.ac-nice.fr\/valbonne\/matgarbejaire\/wp-json\/wp\/v2\/posts"}],"about":[{"href":"https:\/\/ecole.ac-nice.fr\/valbonne\/matgarbejaire\/wp-json\/wp\/v2\/types\/post"}],"author":[{"embeddable":true,"href":"https:\/\/ecole.ac-nice.fr\/valbonne\/matgarbejaire\/wp-json\/wp\/v2\/users\/6"}],"replies":[{"embeddable":true,"href":"https:\/\/ecole.ac-nice.fr\/valbonne\/matgarbejaire\/wp-json\/wp\/v2\/comments?post=2088"}],"version-history":[{"count":6,"href":"https:\/\/ecole.ac-nice.fr\/valbonne\/matgarbejaire\/wp-json\/wp\/v2\/posts\/2088\/revisions"}],"predecessor-version":[{"id":2102,"href":"https:\/\/ecole.ac-nice.fr\/valbonne\/matgarbejaire\/wp-json\/wp\/v2\/posts\/2088\/revisions\/2102"}],"wp:attachment":[{"href":"https:\/\/ecole.ac-nice.fr\/valbonne\/matgarbejaire\/wp-json\/wp\/v2\/media?parent=2088"}],"wp:term":[{"taxonomy":"category","embeddable":true,"href":"https:\/\/ecole.ac-nice.fr\/valbonne\/matgarbejaire\/wp-json\/wp\/v2\/categories?post=2088"},{"taxonomy":"post_tag","embeddable":true,"href":"https:\/\/ecole.ac-nice.fr\/valbonne\/matgarbejaire\/wp-json\/wp\/v2\/tags?post=2088"}],"curies":[{"name":"wp","href":"https:\/\/api.w.org\/{rel}","templated":true}]}}