{"id":1979,"date":"2018-10-11T21:36:53","date_gmt":"2018-10-11T19:36:53","guid":{"rendered":"http:\/\/ecole.ac-nice.fr\/valbonne\/matgarbejaire\/?p=1979"},"modified":"2018-10-12T02:59:40","modified_gmt":"2018-10-12T00:59:40","slug":"semaine-du-1er-octobre-et-du-8-octobre","status":"publish","type":"post","link":"https:\/\/ecole.ac-nice.fr\/valbonne\/matgarbejaire\/blog\/2018\/10\/11\/semaine-du-1er-octobre-et-du-8-octobre\/","title":{"rendered":"Semaine du 1er octobre et du 8 octobre"},"content":{"rendered":"<p>Nous avons commenc\u00e9 <span style=\"color: #0000ff\"><strong>la musique avec Nicolas<\/strong><\/span>. Nous \u00e9coutons de la musique d&rsquo;Afrique noire. Nicolas nous a montr\u00e9 un<strong><span style=\"color: #0000ff\"> djemb\u00e9<\/span><\/strong>.<\/p>\n<p><img loading=\"lazy\" decoding=\"async\" class=\"size-medium wp-image-1980 aligncenter\" src=\"http:\/\/ecole.ac-nice.fr\/valbonne\/matgarbejaire\/wp-content\/uploads\/sites\/6\/2018\/10\/Nicolas-et-djemb\u00e9-148x300.jpg\" alt=\"\" width=\"148\" height=\"300\" srcset=\"https:\/\/ecole.ac-nice.fr\/valbonne\/matgarbejaire\/wp-content\/uploads\/sites\/6\/2018\/10\/Nicolas-et-djemb\u00e9-148x300.jpg 148w, https:\/\/ecole.ac-nice.fr\/valbonne\/matgarbejaire\/wp-content\/uploads\/sites\/6\/2018\/10\/Nicolas-et-djemb\u00e9.jpg 316w\" sizes=\"auto, (max-width: 148px) 100vw, 148px\" \/><\/p>\n<p>&nbsp;<\/p>\n<p>Avec la ma\u00eetresse, nous continuons \u00e0 \u00e9couter l&rsquo;imagier des instruments. Maintenant nous connaissons<strong><span style=\"color: #ff0000\">les\u00a0 3 familles d&rsquo;instruments:<\/span><\/strong><\/p>\n<ul>\n<li><strong><span style=\"color: #ff0000\">les instruments \u00e0 vent<\/span><\/strong><\/li>\n<li><strong><span style=\"color: #ff0000\">les instruments \u00e0 cordes<\/span><\/strong><\/li>\n<li><strong><span style=\"color: #ff0000\">les instruments \u00e0 percussions<\/span><\/strong><img loading=\"lazy\" decoding=\"async\" class=\"wp-image-1981 aligncenter\" src=\"http:\/\/ecole.ac-nice.fr\/valbonne\/matgarbejaire\/wp-content\/uploads\/sites\/6\/2018\/10\/instruments-300x91.jpg\" alt=\"\" width=\"472\" height=\"143\" srcset=\"https:\/\/ecole.ac-nice.fr\/valbonne\/matgarbejaire\/wp-content\/uploads\/sites\/6\/2018\/10\/instruments-300x91.jpg 300w, https:\/\/ecole.ac-nice.fr\/valbonne\/matgarbejaire\/wp-content\/uploads\/sites\/6\/2018\/10\/instruments-768x233.jpg 768w, https:\/\/ecole.ac-nice.fr\/valbonne\/matgarbejaire\/wp-content\/uploads\/sites\/6\/2018\/10\/instruments-1024x311.jpg 1024w, https:\/\/ecole.ac-nice.fr\/valbonne\/matgarbejaire\/wp-content\/uploads\/sites\/6\/2018\/10\/instruments.jpg 1201w\" sizes=\"auto, (max-width: 472px) 100vw, 472px\" \/><\/li>\n<\/ul>\n<p>&nbsp;<\/p>\n<p>En <span style=\"color: #00ff00\"><strong>Arts plastiques<\/strong><\/span>,<\/p>\n<ul>\n<li>nous avons d\u00e9cor\u00e9 nos pr\u00e9noms \u00e0 la mani\u00e8re de Paul Klee,<\/li>\n<li>nous avons peint des lignes horizontales dans la gouache \u00e9paisse \u00e0 la mani\u00e8re de Pierre Soulages,<\/li>\n<li>nous avons peint des alignements de traits verticaux comme Arturo Vermi.<img loading=\"lazy\" decoding=\"async\" class=\"wp-image-1982 aligncenter\" src=\"http:\/\/ecole.ac-nice.fr\/valbonne\/matgarbejaire\/wp-content\/uploads\/sites\/6\/2018\/10\/alignements-verticaux-300x223.jpg\" alt=\"\" width=\"448\" height=\"333\" srcset=\"https:\/\/ecole.ac-nice.fr\/valbonne\/matgarbejaire\/wp-content\/uploads\/sites\/6\/2018\/10\/alignements-verticaux-300x223.jpg 300w, https:\/\/ecole.ac-nice.fr\/valbonne\/matgarbejaire\/wp-content\/uploads\/sites\/6\/2018\/10\/alignements-verticaux-768x571.jpg 768w, https:\/\/ecole.ac-nice.fr\/valbonne\/matgarbejaire\/wp-content\/uploads\/sites\/6\/2018\/10\/alignements-verticaux.jpg 844w\" sizes=\"auto, (max-width: 448px) 100vw, 448px\" \/><img loading=\"lazy\" decoding=\"async\" class=\"wp-image-1983 aligncenter\" src=\"http:\/\/ecole.ac-nice.fr\/valbonne\/matgarbejaire\/wp-content\/uploads\/sites\/6\/2018\/10\/prenoms-Paul-Klee-300x89.jpg\" alt=\"\" width=\"452\" height=\"134\" srcset=\"https:\/\/ecole.ac-nice.fr\/valbonne\/matgarbejaire\/wp-content\/uploads\/sites\/6\/2018\/10\/prenoms-Paul-Klee-300x89.jpg 300w, https:\/\/ecole.ac-nice.fr\/valbonne\/matgarbejaire\/wp-content\/uploads\/sites\/6\/2018\/10\/prenoms-Paul-Klee-768x227.jpg 768w, https:\/\/ecole.ac-nice.fr\/valbonne\/matgarbejaire\/wp-content\/uploads\/sites\/6\/2018\/10\/prenoms-Paul-Klee-1024x303.jpg 1024w, https:\/\/ecole.ac-nice.fr\/valbonne\/matgarbejaire\/wp-content\/uploads\/sites\/6\/2018\/10\/prenoms-Paul-Klee.jpg 1158w\" sizes=\"auto, (max-width: 452px) 100vw, 452px\" \/><\/li>\n<\/ul>\n<p>&nbsp;<\/p>\n<p>Nous travaillons sur un nouvel album: <span style=\"color: #993366\"><strong>\u00ab\u00a0Agathe\u00a0\u00bb<\/strong><\/span><\/p>\n<p><img loading=\"lazy\" decoding=\"async\" class=\"size-medium wp-image-1984 aligncenter\" src=\"http:\/\/ecole.ac-nice.fr\/valbonne\/matgarbejaire\/wp-content\/uploads\/sites\/6\/2018\/10\/Agathe-site-238x300.jpg\" alt=\"\" width=\"238\" height=\"300\" srcset=\"https:\/\/ecole.ac-nice.fr\/valbonne\/matgarbejaire\/wp-content\/uploads\/sites\/6\/2018\/10\/Agathe-site-238x300.jpg 238w, https:\/\/ecole.ac-nice.fr\/valbonne\/matgarbejaire\/wp-content\/uploads\/sites\/6\/2018\/10\/Agathe-site.jpg 500w\" sizes=\"auto, (max-width: 238px) 100vw, 238px\" \/><\/p>\n<p>C&rsquo;est l&rsquo;histoire d&rsquo;une petite fourmi qui escalade le corps d&rsquo;un petit gar\u00e7on. Nous lisons aussi des livres qui parlent du corps, des <strong><span style=\"color: #993366\">noms des parties du corps ou du visage<\/span><\/strong>.<\/p>\n<p><img loading=\"lazy\" decoding=\"async\" class=\"size-medium wp-image-1985 aligncenter\" src=\"http:\/\/ecole.ac-nice.fr\/valbonne\/matgarbejaire\/wp-content\/uploads\/sites\/6\/2018\/10\/livres-corps-1-300x107.jpg\" alt=\"\" width=\"300\" height=\"107\" srcset=\"https:\/\/ecole.ac-nice.fr\/valbonne\/matgarbejaire\/wp-content\/uploads\/sites\/6\/2018\/10\/livres-corps-1-300x107.jpg 300w, https:\/\/ecole.ac-nice.fr\/valbonne\/matgarbejaire\/wp-content\/uploads\/sites\/6\/2018\/10\/livres-corps-1-768x274.jpg 768w, https:\/\/ecole.ac-nice.fr\/valbonne\/matgarbejaire\/wp-content\/uploads\/sites\/6\/2018\/10\/livres-corps-1.jpg 1011w\" sizes=\"auto, (max-width: 300px) 100vw, 300px\" \/> <img loading=\"lazy\" decoding=\"async\" class=\"size-medium wp-image-1986 aligncenter\" src=\"http:\/\/ecole.ac-nice.fr\/valbonne\/matgarbejaire\/wp-content\/uploads\/sites\/6\/2018\/10\/livres-corps-2-300x101.jpg\" alt=\"\" width=\"300\" height=\"101\" srcset=\"https:\/\/ecole.ac-nice.fr\/valbonne\/matgarbejaire\/wp-content\/uploads\/sites\/6\/2018\/10\/livres-corps-2-300x101.jpg 300w, https:\/\/ecole.ac-nice.fr\/valbonne\/matgarbejaire\/wp-content\/uploads\/sites\/6\/2018\/10\/livres-corps-2-768x258.jpg 768w, https:\/\/ecole.ac-nice.fr\/valbonne\/matgarbejaire\/wp-content\/uploads\/sites\/6\/2018\/10\/livres-corps-2-1024x345.jpg 1024w, https:\/\/ecole.ac-nice.fr\/valbonne\/matgarbejaire\/wp-content\/uploads\/sites\/6\/2018\/10\/livres-corps-2.jpg 1162w\" sizes=\"auto, (max-width: 300px) 100vw, 300px\" \/><\/p>\n<p>Nous avons enregistr\u00e9 deux comptines que nosu avons apprises en class:<\/p>\n<ul>\n<li>le monstre du tableau:\u00a0<a href=\"https:\/\/ecole.ac-nice.fr\/valbonne\/matgarbejaire\/blog\/2018\/10\/12\/le-monstre-du-tableau\/\">https:\/\/ecole.ac-nice.fr\/valbonne\/matgarbejaire\/blog\/2018\/10\/12\/le-monstre-du-tableau\/<\/a><\/li>\n<li>la varicelle:\u00a0<a href=\"https:\/\/ecole.ac-nice.fr\/valbonne\/matgarbejaire\/blog\/2018\/10\/12\/la-varicelle-2\/\">https:\/\/ecole.ac-nice.fr\/valbonne\/matgarbejaire\/blog\/2018\/10\/12\/la-varicelle-2\/<\/a><\/li>\n<\/ul>\n","protected":false},"excerpt":{"rendered":"<p>Nous avons commenc\u00e9 la musique avec Nicolas. Nous \u00e9coutons de la musique d&rsquo;Afrique noire. Nicolas nous a montr\u00e9 un djemb\u00e9. &nbsp; Avec la ma\u00eetresse, nous continuons \u00e0 \u00e9couter l&rsquo;imagier des instruments. Maintenant nous connaissonsles\u00a0 3 familles d&rsquo;instruments: les instruments \u00e0 vent les instruments \u00e0 cordes les instruments \u00e0 percussions &nbsp; En Arts plastiques, nous avons &hellip; <a href=\"https:\/\/ecole.ac-nice.fr\/valbonne\/matgarbejaire\/blog\/2018\/10\/11\/semaine-du-1er-octobre-et-du-8-octobre\/\" class=\"more-link\">Continuer la lecture de <span class=\"screen-reader-text\">Semaine du 1er octobre et du 8 octobre<\/span> <span class=\"meta-nav\">&rarr;<\/span><\/a><\/p>\n","protected":false},"author":6,"featured_media":0,"comment_status":"open","ping_status":"open","sticky":false,"template":"","format":"standard","meta":{"footnotes":""},"categories":[60,3,9,54],"tags":[],"class_list":["post-1979","post","type-post","status-publish","format-standard","hentry","category-2018-2019","category-classes","category-gs6","category-premiere-periode"],"_links":{"self":[{"href":"https:\/\/ecole.ac-nice.fr\/valbonne\/matgarbejaire\/wp-json\/wp\/v2\/posts\/1979","targetHints":{"allow":["GET"]}}],"collection":[{"href":"https:\/\/ecole.ac-nice.fr\/valbonne\/matgarbejaire\/wp-json\/wp\/v2\/posts"}],"about":[{"href":"https:\/\/ecole.ac-nice.fr\/valbonne\/matgarbejaire\/wp-json\/wp\/v2\/types\/post"}],"author":[{"embeddable":true,"href":"https:\/\/ecole.ac-nice.fr\/valbonne\/matgarbejaire\/wp-json\/wp\/v2\/users\/6"}],"replies":[{"embeddable":true,"href":"https:\/\/ecole.ac-nice.fr\/valbonne\/matgarbejaire\/wp-json\/wp\/v2\/comments?post=1979"}],"version-history":[{"count":4,"href":"https:\/\/ecole.ac-nice.fr\/valbonne\/matgarbejaire\/wp-json\/wp\/v2\/posts\/1979\/revisions"}],"predecessor-version":[{"id":2003,"href":"https:\/\/ecole.ac-nice.fr\/valbonne\/matgarbejaire\/wp-json\/wp\/v2\/posts\/1979\/revisions\/2003"}],"wp:attachment":[{"href":"https:\/\/ecole.ac-nice.fr\/valbonne\/matgarbejaire\/wp-json\/wp\/v2\/media?parent=1979"}],"wp:term":[{"taxonomy":"category","embeddable":true,"href":"https:\/\/ecole.ac-nice.fr\/valbonne\/matgarbejaire\/wp-json\/wp\/v2\/categories?post=1979"},{"taxonomy":"post_tag","embeddable":true,"href":"https:\/\/ecole.ac-nice.fr\/valbonne\/matgarbejaire\/wp-json\/wp\/v2\/tags?post=1979"}],"curies":[{"name":"wp","href":"https:\/\/api.w.org\/{rel}","templated":true}]}}