{"id":1823,"date":"2018-06-09T10:20:31","date_gmt":"2018-06-09T08:20:31","guid":{"rendered":"http:\/\/ecole.ac-nice.fr\/valbonne\/matgarbejaire\/?p=1823"},"modified":"2018-06-10T18:55:28","modified_gmt":"2018-06-10T16:55:28","slug":"sortie-mediatheque","status":"publish","type":"post","link":"https:\/\/ecole.ac-nice.fr\/valbonne\/matgarbejaire\/blog\/2018\/06\/09\/sortie-mediatheque\/","title":{"rendered":"Sortie M\u00e9diath\u00e8que"},"content":{"rendered":"<h2><span style=\"color: #008000\">SORTIE A LA MEDIATHEQUE DE VALBONNE<\/span><\/h2>\n<h6>\u00a0\u00a0\u00a0\u00a0<span style=\"color: #529c5c\"> Vendredi 8 juin, nous \u00e9tions en sortie \u00e0 la m\u00e9diath\u00e8que de Valbonne pour participer \u00e0 un atelier sur le th\u00e8me de la nature et l&rsquo;environnement.<\/span><\/h6>\n<p><span style=\"color: #529c5c\">Nous avons tout d&rsquo;abord assist\u00e9 \u00e0 la lecture de plusieurs albums concernant la protection de la nature comme: &lsquo;C&rsquo;est ma nature!&rsquo;, &lsquo;Dis papa, pourquoi?&rsquo; ou encore &lsquo;Sauver la plan\u00e8te&rsquo;&#8230; Puis nous avons discut\u00e9 des moyens que nous avions pour prot\u00e9ger notre environnement au quotidien&#8230;<\/span><\/p>\n<p><img loading=\"lazy\" decoding=\"async\" class=\"aligncenter wp-image-1824 size-full\" src=\"http:\/\/ecole.ac-nice.fr\/valbonne\/matgarbejaire\/wp-content\/uploads\/sites\/6\/2018\/06\/mediatheque2.jpg\" alt=\"\" width=\"832\" height=\"624\" srcset=\"https:\/\/ecole.ac-nice.fr\/valbonne\/matgarbejaire\/wp-content\/uploads\/sites\/6\/2018\/06\/mediatheque2.jpg 832w, https:\/\/ecole.ac-nice.fr\/valbonne\/matgarbejaire\/wp-content\/uploads\/sites\/6\/2018\/06\/mediatheque2-300x225.jpg 300w, https:\/\/ecole.ac-nice.fr\/valbonne\/matgarbejaire\/wp-content\/uploads\/sites\/6\/2018\/06\/mediatheque2-768x576.jpg 768w\" sizes=\"auto, (max-width: 832px) 100vw, 832px\" \/> <img loading=\"lazy\" decoding=\"async\" class=\"aligncenter wp-image-1826 size-full\" src=\"http:\/\/ecole.ac-nice.fr\/valbonne\/matgarbejaire\/wp-content\/uploads\/sites\/6\/2018\/06\/mediatheque4.jpg\" alt=\"\" width=\"832\" height=\"624\" srcset=\"https:\/\/ecole.ac-nice.fr\/valbonne\/matgarbejaire\/wp-content\/uploads\/sites\/6\/2018\/06\/mediatheque4.jpg 832w, https:\/\/ecole.ac-nice.fr\/valbonne\/matgarbejaire\/wp-content\/uploads\/sites\/6\/2018\/06\/mediatheque4-300x225.jpg 300w, https:\/\/ecole.ac-nice.fr\/valbonne\/matgarbejaire\/wp-content\/uploads\/sites\/6\/2018\/06\/mediatheque4-768x576.jpg 768w\" sizes=\"auto, (max-width: 832px) 100vw, 832px\" \/> <img loading=\"lazy\" decoding=\"async\" class=\"alignnone wp-image-1830\" src=\"http:\/\/ecole.ac-nice.fr\/valbonne\/matgarbejaire\/wp-content\/uploads\/sites\/6\/2018\/06\/mediatheque8-225x300.jpg\" alt=\"\" width=\"210\" height=\"280\" srcset=\"https:\/\/ecole.ac-nice.fr\/valbonne\/matgarbejaire\/wp-content\/uploads\/sites\/6\/2018\/06\/mediatheque8-225x300.jpg 225w, https:\/\/ecole.ac-nice.fr\/valbonne\/matgarbejaire\/wp-content\/uploads\/sites\/6\/2018\/06\/mediatheque8.jpg 624w\" sizes=\"auto, (max-width: 210px) 100vw, 210px\" \/>\u00a0\u00a0 <img loading=\"lazy\" decoding=\"async\" class=\"alignnone wp-image-1829\" src=\"http:\/\/ecole.ac-nice.fr\/valbonne\/matgarbejaire\/wp-content\/uploads\/sites\/6\/2018\/06\/mediatheque7-300x225.jpg\" alt=\"\" width=\"373\" height=\"280\" srcset=\"https:\/\/ecole.ac-nice.fr\/valbonne\/matgarbejaire\/wp-content\/uploads\/sites\/6\/2018\/06\/mediatheque7-300x225.jpg 300w, https:\/\/ecole.ac-nice.fr\/valbonne\/matgarbejaire\/wp-content\/uploads\/sites\/6\/2018\/06\/mediatheque7-768x576.jpg 768w, https:\/\/ecole.ac-nice.fr\/valbonne\/matgarbejaire\/wp-content\/uploads\/sites\/6\/2018\/06\/mediatheque7.jpg 832w\" sizes=\"auto, (max-width: 373px) 100vw, 373px\" \/><\/p>\n<p><span style=\"color: #529c5c\">Par la suite nous avons regard\u00e9 une petite vid\u00e9o sur le th\u00e8me de la protection de la plan\u00e8te et nous avons parl\u00e9 des tableaux d&rsquo;Emilie VAST, qui \u00e9taient expos\u00e9s \u00e0 la m\u00e9diath\u00e8que. Enfin, nous avons essay\u00e9 de dessiner des plantes \u00e0 la mani\u00e8re d&rsquo;Emilie VAST.<\/span><\/p>\n<p><img loading=\"lazy\" decoding=\"async\" class=\"wp-image-1831 size-full aligncenter\" src=\"http:\/\/ecole.ac-nice.fr\/valbonne\/matgarbejaire\/wp-content\/uploads\/sites\/6\/2018\/06\/mediatheque9.jpg\" alt=\"\" width=\"832\" height=\"624\" srcset=\"https:\/\/ecole.ac-nice.fr\/valbonne\/matgarbejaire\/wp-content\/uploads\/sites\/6\/2018\/06\/mediatheque9.jpg 832w, https:\/\/ecole.ac-nice.fr\/valbonne\/matgarbejaire\/wp-content\/uploads\/sites\/6\/2018\/06\/mediatheque9-300x225.jpg 300w, https:\/\/ecole.ac-nice.fr\/valbonne\/matgarbejaire\/wp-content\/uploads\/sites\/6\/2018\/06\/mediatheque9-768x576.jpg 768w\" sizes=\"auto, (max-width: 832px) 100vw, 832px\" \/> <img loading=\"lazy\" decoding=\"async\" class=\"wp-image-1828 size-full alignnone\" src=\"http:\/\/ecole.ac-nice.fr\/valbonne\/matgarbejaire\/wp-content\/uploads\/sites\/6\/2018\/06\/mediatheque6.jpg\" alt=\"\" width=\"832\" height=\"624\" srcset=\"https:\/\/ecole.ac-nice.fr\/valbonne\/matgarbejaire\/wp-content\/uploads\/sites\/6\/2018\/06\/mediatheque6.jpg 832w, https:\/\/ecole.ac-nice.fr\/valbonne\/matgarbejaire\/wp-content\/uploads\/sites\/6\/2018\/06\/mediatheque6-300x225.jpg 300w, https:\/\/ecole.ac-nice.fr\/valbonne\/matgarbejaire\/wp-content\/uploads\/sites\/6\/2018\/06\/mediatheque6-768x576.jpg 768w\" sizes=\"auto, (max-width: 832px) 100vw, 832px\" \/> <img loading=\"lazy\" decoding=\"async\" class=\"wp-image-1832 size-full aligncenter\" src=\"http:\/\/ecole.ac-nice.fr\/valbonne\/matgarbejaire\/wp-content\/uploads\/sites\/6\/2018\/06\/mediatheque10.jpg\" alt=\"\" width=\"832\" height=\"624\" srcset=\"https:\/\/ecole.ac-nice.fr\/valbonne\/matgarbejaire\/wp-content\/uploads\/sites\/6\/2018\/06\/mediatheque10.jpg 832w, https:\/\/ecole.ac-nice.fr\/valbonne\/matgarbejaire\/wp-content\/uploads\/sites\/6\/2018\/06\/mediatheque10-300x225.jpg 300w, https:\/\/ecole.ac-nice.fr\/valbonne\/matgarbejaire\/wp-content\/uploads\/sites\/6\/2018\/06\/mediatheque10-768x576.jpg 768w\" sizes=\"auto, (max-width: 832px) 100vw, 832px\" \/> <img loading=\"lazy\" decoding=\"async\" class=\"wp-image-1833 size-full aligncenter\" src=\"http:\/\/ecole.ac-nice.fr\/valbonne\/matgarbejaire\/wp-content\/uploads\/sites\/6\/2018\/06\/mediatheque11.jpg\" alt=\"\" width=\"832\" height=\"624\" srcset=\"https:\/\/ecole.ac-nice.fr\/valbonne\/matgarbejaire\/wp-content\/uploads\/sites\/6\/2018\/06\/mediatheque11.jpg 832w, https:\/\/ecole.ac-nice.fr\/valbonne\/matgarbejaire\/wp-content\/uploads\/sites\/6\/2018\/06\/mediatheque11-300x225.jpg 300w, https:\/\/ecole.ac-nice.fr\/valbonne\/matgarbejaire\/wp-content\/uploads\/sites\/6\/2018\/06\/mediatheque11-768x576.jpg 768w\" sizes=\"auto, (max-width: 832px) 100vw, 832px\" \/> <img loading=\"lazy\" decoding=\"async\" class=\"wp-image-1834 size-full aligncenter\" src=\"http:\/\/ecole.ac-nice.fr\/valbonne\/matgarbejaire\/wp-content\/uploads\/sites\/6\/2018\/06\/mediatheque12.jpg\" alt=\"\" width=\"832\" height=\"624\" srcset=\"https:\/\/ecole.ac-nice.fr\/valbonne\/matgarbejaire\/wp-content\/uploads\/sites\/6\/2018\/06\/mediatheque12.jpg 832w, https:\/\/ecole.ac-nice.fr\/valbonne\/matgarbejaire\/wp-content\/uploads\/sites\/6\/2018\/06\/mediatheque12-300x225.jpg 300w, https:\/\/ecole.ac-nice.fr\/valbonne\/matgarbejaire\/wp-content\/uploads\/sites\/6\/2018\/06\/mediatheque12-768x576.jpg 768w\" sizes=\"auto, (max-width: 832px) 100vw, 832px\" \/><\/p>\n<p><span style=\"color: #529c5c\">Pour clore notre visite \u00e0 la m\u00e9diath\u00e8que, nous avons visit\u00e9 la zone de la m\u00e9diath\u00e8que r\u00e9serv\u00e9e aux enfants.<\/span><\/p>\n<p><span style=\"color: #529c5c\">Un grand merci \u00e0 la maman de Chase et au papa de Bruce qui nous ont accompagn\u00e9s lors de cette sortie. <\/span><\/p>\n","protected":false},"excerpt":{"rendered":"<p>SORTIE A LA MEDIATHEQUE DE VALBONNE \u00a0\u00a0\u00a0\u00a0 Vendredi 8 juin, nous \u00e9tions en sortie \u00e0 la m\u00e9diath\u00e8que de Valbonne pour participer \u00e0 un atelier sur le th\u00e8me de la nature et l&rsquo;environnement. Nous avons tout d&rsquo;abord assist\u00e9 \u00e0 la lecture de plusieurs albums concernant la protection de la nature comme: &lsquo;C&rsquo;est ma nature!&rsquo;, &lsquo;Dis papa, &hellip; <a href=\"https:\/\/ecole.ac-nice.fr\/valbonne\/matgarbejaire\/blog\/2018\/06\/09\/sortie-mediatheque\/\" class=\"more-link\">Continuer la lecture de <span class=\"screen-reader-text\">Sortie M\u00e9diath\u00e8que<\/span> <span class=\"meta-nav\">&rarr;<\/span><\/a><\/p>\n","protected":false},"author":6,"featured_media":0,"comment_status":"open","ping_status":"open","sticky":false,"template":"","format":"standard","meta":{"footnotes":""},"categories":[37],"tags":[],"class_list":["post-1823","post","type-post","status-publish","format-standard","hentry","category-2017-2018"],"_links":{"self":[{"href":"https:\/\/ecole.ac-nice.fr\/valbonne\/matgarbejaire\/wp-json\/wp\/v2\/posts\/1823","targetHints":{"allow":["GET"]}}],"collection":[{"href":"https:\/\/ecole.ac-nice.fr\/valbonne\/matgarbejaire\/wp-json\/wp\/v2\/posts"}],"about":[{"href":"https:\/\/ecole.ac-nice.fr\/valbonne\/matgarbejaire\/wp-json\/wp\/v2\/types\/post"}],"author":[{"embeddable":true,"href":"https:\/\/ecole.ac-nice.fr\/valbonne\/matgarbejaire\/wp-json\/wp\/v2\/users\/6"}],"replies":[{"embeddable":true,"href":"https:\/\/ecole.ac-nice.fr\/valbonne\/matgarbejaire\/wp-json\/wp\/v2\/comments?post=1823"}],"version-history":[{"count":4,"href":"https:\/\/ecole.ac-nice.fr\/valbonne\/matgarbejaire\/wp-json\/wp\/v2\/posts\/1823\/revisions"}],"predecessor-version":[{"id":1839,"href":"https:\/\/ecole.ac-nice.fr\/valbonne\/matgarbejaire\/wp-json\/wp\/v2\/posts\/1823\/revisions\/1839"}],"wp:attachment":[{"href":"https:\/\/ecole.ac-nice.fr\/valbonne\/matgarbejaire\/wp-json\/wp\/v2\/media?parent=1823"}],"wp:term":[{"taxonomy":"category","embeddable":true,"href":"https:\/\/ecole.ac-nice.fr\/valbonne\/matgarbejaire\/wp-json\/wp\/v2\/categories?post=1823"},{"taxonomy":"post_tag","embeddable":true,"href":"https:\/\/ecole.ac-nice.fr\/valbonne\/matgarbejaire\/wp-json\/wp\/v2\/tags?post=1823"}],"curies":[{"name":"wp","href":"https:\/\/api.w.org\/{rel}","templated":true}]}}