{"id":1572,"date":"2018-03-08T16:02:11","date_gmt":"2018-03-08T15:02:11","guid":{"rendered":"http:\/\/ecole.ac-nice.fr\/valbonne\/matgarbejaire\/?p=1572"},"modified":"2018-04-08T16:10:23","modified_gmt":"2018-04-08T14:10:23","slug":"conseil-decole-du-22-fevrier-2018","status":"publish","type":"post","link":"https:\/\/ecole.ac-nice.fr\/valbonne\/matgarbejaire\/blog\/2018\/03\/08\/conseil-decole-du-22-fevrier-2018\/","title":{"rendered":"Conseil d&rsquo;\u00e9cole du 22 f\u00e9vrier 2018"},"content":{"rendered":"<h6>\u00a0\u00a0\u00a0\u00a0 Vous trouverez ci-dessous un lien vers le rapport du deuxi\u00e8me conseil d\u2019\u00e9cole de l\u2019ann\u00e9e 2017-2018, qui s\u2019est tenu le 22 f\u00e9vrier 2018 \u00e0 la maternelle Garbejaire:<\/h6>\n<h6 style=\"text-align: center\"><a href=\"http:\/\/ecole.ac-nice.fr\/valbonne\/matgarbejaire\/wp-content\/uploads\/sites\/6\/2018\/04\/PV-conseil-d\u00e9cole-Maternelle-Garbejaire.pdf\">CR CE 22 f\u00e9vrier 2018<\/a><\/h6>\n","protected":false},"excerpt":{"rendered":"<p>\u00a0\u00a0\u00a0\u00a0 Vous trouverez ci-dessous un lien vers le rapport du deuxi\u00e8me conseil d\u2019\u00e9cole de l\u2019ann\u00e9e 2017-2018, qui s\u2019est tenu le 22 f\u00e9vrier 2018 \u00e0 la maternelle Garbejaire: CR CE 22 f\u00e9vrier 2018<\/p>\n","protected":false},"author":6,"featured_media":0,"comment_status":"open","ping_status":"open","sticky":false,"template":"","format":"standard","meta":{"footnotes":""},"categories":[32],"tags":[],"class_list":["post-1572","post","type-post","status-publish","format-standard","hentry","category-administratif"],"_links":{"self":[{"href":"https:\/\/ecole.ac-nice.fr\/valbonne\/matgarbejaire\/wp-json\/wp\/v2\/posts\/1572","targetHints":{"allow":["GET"]}}],"collection":[{"href":"https:\/\/ecole.ac-nice.fr\/valbonne\/matgarbejaire\/wp-json\/wp\/v2\/posts"}],"about":[{"href":"https:\/\/ecole.ac-nice.fr\/valbonne\/matgarbejaire\/wp-json\/wp\/v2\/types\/post"}],"author":[{"embeddable":true,"href":"https:\/\/ecole.ac-nice.fr\/valbonne\/matgarbejaire\/wp-json\/wp\/v2\/users\/6"}],"replies":[{"embeddable":true,"href":"https:\/\/ecole.ac-nice.fr\/valbonne\/matgarbejaire\/wp-json\/wp\/v2\/comments?post=1572"}],"version-history":[{"count":2,"href":"https:\/\/ecole.ac-nice.fr\/valbonne\/matgarbejaire\/wp-json\/wp\/v2\/posts\/1572\/revisions"}],"predecessor-version":[{"id":1576,"href":"https:\/\/ecole.ac-nice.fr\/valbonne\/matgarbejaire\/wp-json\/wp\/v2\/posts\/1572\/revisions\/1576"}],"wp:attachment":[{"href":"https:\/\/ecole.ac-nice.fr\/valbonne\/matgarbejaire\/wp-json\/wp\/v2\/media?parent=1572"}],"wp:term":[{"taxonomy":"category","embeddable":true,"href":"https:\/\/ecole.ac-nice.fr\/valbonne\/matgarbejaire\/wp-json\/wp\/v2\/categories?post=1572"},{"taxonomy":"post_tag","embeddable":true,"href":"https:\/\/ecole.ac-nice.fr\/valbonne\/matgarbejaire\/wp-json\/wp\/v2\/tags?post=1572"}],"curies":[{"name":"wp","href":"https:\/\/api.w.org\/{rel}","templated":true}]}}