{"id":1560,"date":"2018-03-30T17:45:37","date_gmt":"2018-03-30T15:45:37","guid":{"rendered":"http:\/\/ecole.ac-nice.fr\/valbonne\/matgarbejaire\/?p=1560"},"modified":"2018-03-30T18:01:04","modified_gmt":"2018-03-30T16:01:04","slug":"semaines-du-19-et-du-26-mars","status":"publish","type":"post","link":"https:\/\/ecole.ac-nice.fr\/valbonne\/matgarbejaire\/blog\/2018\/03\/30\/semaines-du-19-et-du-26-mars\/","title":{"rendered":"Semaines du 19 et du 26 mars"},"content":{"rendered":"<p>Jeudi 29 mars, nous avons f\u00eat\u00e9 les <span style=\"color: #ff0000\"><strong>anniversaires de mars: Delya et Jewen<\/strong><\/span>. Nous avons pr\u00e9par\u00e9 un g\u00e2teau au citron.<\/p>\n<p>En premier, nous avons m\u00e9lang\u00e9 un pot de yaourt avec un pot de sucre. Puis nous avons ajout\u00e9 2 \u0153ufs. Puis nous avons ajout\u00e9 3 pots de farine et un sachet de levure. Ensuite on a vers\u00e9 un demi pot d&rsquo;huile. On a ajout\u00e9 le zeste et le jus d&rsquo;un citron. On a mis la p\u00e2te \u00e0 cuire dans un moule huil\u00e9. C&rsquo;\u00e9tait d\u00e9licieux!<\/p>\n<div style=\"width: 604px;\" class=\"wp-video\"><video class=\"wp-video-shortcode\" id=\"video-1560-1\" width=\"604\" height=\"340\" preload=\"metadata\" controls=\"controls\"><source type=\"video\/mp4\" src=\"http:\/\/ecole.ac-nice.fr\/valbonne\/matgarbejaire\/wp-content\/uploads\/sites\/6\/2018\/03\/G\u00e2teau-au-citron_Petite-taille.mp4?_=1\" \/><a href=\"http:\/\/ecole.ac-nice.fr\/valbonne\/matgarbejaire\/wp-content\/uploads\/sites\/6\/2018\/03\/G\u00e2teau-au-citron_Petite-taille.mp4\">http:\/\/ecole.ac-nice.fr\/valbonne\/matgarbejaire\/wp-content\/uploads\/sites\/6\/2018\/03\/G\u00e2teau-au-citron_Petite-taille.mp4<\/a><\/video><\/div>\n<p>Nous l&rsquo;avons d\u00e9gust\u00e9 avec les boissons et les bonbons apport\u00e9s par les parents de Delya et Jewen: merci beaucoup!<\/p>\n<p>&nbsp;<\/p>\n<p>En salle motricit\u00e9 nous inventons des <span style=\"color: #0000ff\"><strong>statues<\/strong><\/span> avec du gros mat\u00e9riel (briques, cubes, cylindres, plots, arches, plaques&#8230;) puis nous les reproduisons en <strong><span style=\"color: #0000ff\">miniature<\/span><\/strong>.<\/p>\n<div style=\"width: 604px;\" class=\"wp-video\"><video class=\"wp-video-shortcode\" id=\"video-1560-2\" width=\"604\" height=\"340\" preload=\"metadata\" controls=\"controls\"><source type=\"video\/mp4\" src=\"http:\/\/ecole.ac-nice.fr\/valbonne\/matgarbejaire\/wp-content\/uploads\/sites\/6\/2018\/03\/Maquettes_Petite-taille.mp4?_=2\" \/><a href=\"http:\/\/ecole.ac-nice.fr\/valbonne\/matgarbejaire\/wp-content\/uploads\/sites\/6\/2018\/03\/Maquettes_Petite-taille.mp4\">http:\/\/ecole.ac-nice.fr\/valbonne\/matgarbejaire\/wp-content\/uploads\/sites\/6\/2018\/03\/Maquettes_Petite-taille.mp4<\/a><\/video><\/div>\n<p>&nbsp;<\/p>\n<p>Nous avons d\u00e9cor\u00e9 notre classe avec des <span style=\"color: #339966\"><strong>lampions<\/strong> <\/span>comme en Asie.<\/p>\n<p><img loading=\"lazy\" decoding=\"async\" class=\"alignnone size-medium wp-image-1566\" src=\"http:\/\/ecole.ac-nice.fr\/valbonne\/matgarbejaire\/wp-content\/uploads\/sites\/6\/2018\/03\/lampions-300x68.jpg\" alt=\"\" width=\"300\" height=\"68\" srcset=\"https:\/\/ecole.ac-nice.fr\/valbonne\/matgarbejaire\/wp-content\/uploads\/sites\/6\/2018\/03\/lampions-300x68.jpg 300w, https:\/\/ecole.ac-nice.fr\/valbonne\/matgarbejaire\/wp-content\/uploads\/sites\/6\/2018\/03\/lampions-768x175.jpg 768w, https:\/\/ecole.ac-nice.fr\/valbonne\/matgarbejaire\/wp-content\/uploads\/sites\/6\/2018\/03\/lampions.jpg 1000w\" sizes=\"auto, (max-width: 300px) 100vw, 300px\" \/><\/p>\n","protected":false},"excerpt":{"rendered":"<p>Jeudi 29 mars, nous avons f\u00eat\u00e9 les anniversaires de mars: Delya et Jewen. Nous avons pr\u00e9par\u00e9 un g\u00e2teau au citron. En premier, nous avons m\u00e9lang\u00e9 un pot de yaourt avec un pot de sucre. Puis nous avons ajout\u00e9 2 \u0153ufs. Puis nous avons ajout\u00e9 3 pots de farine et un sachet de levure. Ensuite on &hellip; <a href=\"https:\/\/ecole.ac-nice.fr\/valbonne\/matgarbejaire\/blog\/2018\/03\/30\/semaines-du-19-et-du-26-mars\/\" class=\"more-link\">Continuer la lecture de <span class=\"screen-reader-text\">Semaines du 19 et du 26 mars<\/span> <span class=\"meta-nav\">&rarr;<\/span><\/a><\/p>\n","protected":false},"author":6,"featured_media":0,"comment_status":"open","ping_status":"open","sticky":false,"template":"","format":"standard","meta":{"footnotes":""},"categories":[41,3,26,57],"tags":[],"class_list":["post-1560","post","type-post","status-publish","format-standard","hentry","category-2017-2018-ms-gs5","category-classes","category-ms-gs5","category-quatrieme-periode"],"_links":{"self":[{"href":"https:\/\/ecole.ac-nice.fr\/valbonne\/matgarbejaire\/wp-json\/wp\/v2\/posts\/1560","targetHints":{"allow":["GET"]}}],"collection":[{"href":"https:\/\/ecole.ac-nice.fr\/valbonne\/matgarbejaire\/wp-json\/wp\/v2\/posts"}],"about":[{"href":"https:\/\/ecole.ac-nice.fr\/valbonne\/matgarbejaire\/wp-json\/wp\/v2\/types\/post"}],"author":[{"embeddable":true,"href":"https:\/\/ecole.ac-nice.fr\/valbonne\/matgarbejaire\/wp-json\/wp\/v2\/users\/6"}],"replies":[{"embeddable":true,"href":"https:\/\/ecole.ac-nice.fr\/valbonne\/matgarbejaire\/wp-json\/wp\/v2\/comments?post=1560"}],"version-history":[{"count":4,"href":"https:\/\/ecole.ac-nice.fr\/valbonne\/matgarbejaire\/wp-json\/wp\/v2\/posts\/1560\/revisions"}],"predecessor-version":[{"id":1567,"href":"https:\/\/ecole.ac-nice.fr\/valbonne\/matgarbejaire\/wp-json\/wp\/v2\/posts\/1560\/revisions\/1567"}],"wp:attachment":[{"href":"https:\/\/ecole.ac-nice.fr\/valbonne\/matgarbejaire\/wp-json\/wp\/v2\/media?parent=1560"}],"wp:term":[{"taxonomy":"category","embeddable":true,"href":"https:\/\/ecole.ac-nice.fr\/valbonne\/matgarbejaire\/wp-json\/wp\/v2\/categories?post=1560"},{"taxonomy":"post_tag","embeddable":true,"href":"https:\/\/ecole.ac-nice.fr\/valbonne\/matgarbejaire\/wp-json\/wp\/v2\/tags?post=1560"}],"curies":[{"name":"wp","href":"https:\/\/api.w.org\/{rel}","templated":true}]}}