{"id":154,"date":"2017-02-15T07:55:54","date_gmt":"2017-02-15T06:55:54","guid":{"rendered":"http:\/\/ecole.ac-nice.fr\/valbonne\/matgarbejaire\/?p=154"},"modified":"2017-02-25T08:59:49","modified_gmt":"2017-02-25T07:59:49","slug":"bilan-periode-3","status":"publish","type":"post","link":"https:\/\/ecole.ac-nice.fr\/valbonne\/matgarbejaire\/blog\/2017\/02\/15\/bilan-periode-3\/","title":{"rendered":"Bilan p\u00e9riode 3"},"content":{"rendered":"<h1 style=\"text-align: center\"><span style=\"color: #666699\">Bilan de la p\u00e9riode 3 en classe de GS6<\/span><\/h1>\n<p><span style=\"color: #666699\">Durant les 6 semaines de cette p\u00e9riode nous avons travaill\u00e9 sur 2 th\u00e8mes.<\/span><\/p>\n<p><span style=\"color: #666699\">Tout d&rsquo;abord sur &lsquo;la galette des rois&rsquo; avec l&rsquo;\u00e9tude approfondie de l&rsquo;album &lsquo;La galette du roi loup&rsquo; (voir <a href=\"https:\/\/ecole.ac-nice.fr\/valbonne\/matgarbejaire\/blog\/tag\/galette\/\">Dict\u00e9e \u00e0 l&rsquo;adulte<\/a>), suivie d&rsquo;une mise en r\u00e9seau avec des albums traitant de la galette ou du bonhomme de pain d&rsquo;\u00e9pice. Ce qui nous a conduit jusqu&rsquo;au 19 janvier, date de la journ\u00e9e de la galette \u00e0 l&rsquo;\u00e9cole maternelle Garbejaire. L&rsquo;occasion pour tous les \u00e9l\u00e8ves de la classe de rev\u00eatir leur couronne des rois confectionn\u00e9e avec Daisy.<\/span><\/p>\n<p><img loading=\"lazy\" decoding=\"async\" class=\"alignnone wp-image-155 size-full\" src=\"http:\/\/ecole.ac-nice.fr\/valbonne\/matgarbejaire\/wp-content\/uploads\/sites\/6\/2017\/02\/couronnes-e1487844601517.jpg\" width=\"692\" height=\"366\" srcset=\"https:\/\/ecole.ac-nice.fr\/valbonne\/matgarbejaire\/wp-content\/uploads\/sites\/6\/2017\/02\/couronnes-e1487844601517.jpg 692w, https:\/\/ecole.ac-nice.fr\/valbonne\/matgarbejaire\/wp-content\/uploads\/sites\/6\/2017\/02\/couronnes-e1487844601517-300x159.jpg 300w\" sizes=\"auto, (max-width: 692px) 100vw, 692px\" \/><\/p>\n<p><span style=\"color: #666699\">Ensuite nous avons commenc\u00e9 un projet plus ambitieux sur le th\u00e8me de &lsquo;l&rsquo;Afrique&rsquo;. Voici les albums \u00e9tudi\u00e9s au terme de la p\u00e9riode 3. Ce projet se poursuivra durant la premi\u00e8re semaine de la p\u00e9riode 4.<\/span><\/p>\n<p style=\"text-align: center\"><span style=\"color: #666699\">Projet Afrique (en l&rsquo;\u00e9tat au 10 f\u00e9vrier 2017)<\/span><\/p>\n<p style=\"text-align: center\"><span style=\"color: #666699\"><img loading=\"lazy\" decoding=\"async\" class=\"alignnone wp-image-156 size-full\" src=\"http:\/\/ecole.ac-nice.fr\/valbonne\/matgarbejaire\/wp-content\/uploads\/sites\/6\/2017\/02\/Projet5.jpg\" width=\"800\" height=\"600\" srcset=\"https:\/\/ecole.ac-nice.fr\/valbonne\/matgarbejaire\/wp-content\/uploads\/sites\/6\/2017\/02\/Projet5.jpg 800w, https:\/\/ecole.ac-nice.fr\/valbonne\/matgarbejaire\/wp-content\/uploads\/sites\/6\/2017\/02\/Projet5-300x225.jpg 300w, https:\/\/ecole.ac-nice.fr\/valbonne\/matgarbejaire\/wp-content\/uploads\/sites\/6\/2017\/02\/Projet5-768x576.jpg 768w\" sizes=\"auto, (max-width: 800px) 100vw, 800px\" \/><\/span><\/p>\n<p style=\"text-align: left\"><span style=\"color: #666699\">\u00a0\u00a0\u00a0\u00a0 Ce projet a donn\u00e9 naissance \u00e0 plusieurs oeuvres en art plastiques comme nos masques africains ou les paysages d&rsquo;Afrique au lever et au coucher du soleil.<\/span><\/p>\n<p style=\"text-align: center\">Galerie de masques africains (p\u00e2te \u00e0 dur + gouaches + vernis)<\/p>\n<p style=\"text-align: center\"><img loading=\"lazy\" decoding=\"async\" class=\"alignnone wp-image-170\" src=\"http:\/\/ecole.ac-nice.fr\/valbonne\/matgarbejaire\/wp-content\/uploads\/sites\/6\/2017\/02\/Masque5-300x85.jpg\" width=\"352\" height=\"100\" srcset=\"https:\/\/ecole.ac-nice.fr\/valbonne\/matgarbejaire\/wp-content\/uploads\/sites\/6\/2017\/02\/Masque5-300x85.jpg 300w, https:\/\/ecole.ac-nice.fr\/valbonne\/matgarbejaire\/wp-content\/uploads\/sites\/6\/2017\/02\/Masque5-768x218.jpg 768w, https:\/\/ecole.ac-nice.fr\/valbonne\/matgarbejaire\/wp-content\/uploads\/sites\/6\/2017\/02\/Masque5.jpg 935w\" sizes=\"auto, (max-width: 352px) 100vw, 352px\" \/> <img loading=\"lazy\" decoding=\"async\" class=\"alignnone wp-image-171\" src=\"http:\/\/ecole.ac-nice.fr\/valbonne\/matgarbejaire\/wp-content\/uploads\/sites\/6\/2017\/02\/Masque6-300x108.jpg\" width=\"279\" height=\"100\" srcset=\"https:\/\/ecole.ac-nice.fr\/valbonne\/matgarbejaire\/wp-content\/uploads\/sites\/6\/2017\/02\/Masque6-300x108.jpg 300w, https:\/\/ecole.ac-nice.fr\/valbonne\/matgarbejaire\/wp-content\/uploads\/sites\/6\/2017\/02\/Masque6-768x276.jpg 768w, https:\/\/ecole.ac-nice.fr\/valbonne\/matgarbejaire\/wp-content\/uploads\/sites\/6\/2017\/02\/Masque6.jpg 900w\" sizes=\"auto, (max-width: 279px) 100vw, 279px\" \/> <img loading=\"lazy\" decoding=\"async\" class=\"alignnone wp-image-172\" src=\"http:\/\/ecole.ac-nice.fr\/valbonne\/matgarbejaire\/wp-content\/uploads\/sites\/6\/2017\/02\/Masque7-300x132.jpg\" width=\"226\" height=\"100\" srcset=\"https:\/\/ecole.ac-nice.fr\/valbonne\/matgarbejaire\/wp-content\/uploads\/sites\/6\/2017\/02\/Masque7-300x132.jpg 300w, https:\/\/ecole.ac-nice.fr\/valbonne\/matgarbejaire\/wp-content\/uploads\/sites\/6\/2017\/02\/Masque7-768x339.jpg 768w, https:\/\/ecole.ac-nice.fr\/valbonne\/matgarbejaire\/wp-content\/uploads\/sites\/6\/2017\/02\/Masque7-604x270.jpg 604w, https:\/\/ecole.ac-nice.fr\/valbonne\/matgarbejaire\/wp-content\/uploads\/sites\/6\/2017\/02\/Masque7.jpg 899w\" sizes=\"auto, (max-width: 226px) 100vw, 226px\" \/> <img loading=\"lazy\" decoding=\"async\" class=\"alignnone wp-image-173\" src=\"http:\/\/ecole.ac-nice.fr\/valbonne\/matgarbejaire\/wp-content\/uploads\/sites\/6\/2017\/02\/Masque8-300x76.jpg\" width=\"396\" height=\"100\" srcset=\"https:\/\/ecole.ac-nice.fr\/valbonne\/matgarbejaire\/wp-content\/uploads\/sites\/6\/2017\/02\/Masque8-300x76.jpg 300w, https:\/\/ecole.ac-nice.fr\/valbonne\/matgarbejaire\/wp-content\/uploads\/sites\/6\/2017\/02\/Masque8-768x194.jpg 768w, https:\/\/ecole.ac-nice.fr\/valbonne\/matgarbejaire\/wp-content\/uploads\/sites\/6\/2017\/02\/Masque8.jpg 926w\" sizes=\"auto, (max-width: 396px) 100vw, 396px\" \/><\/p>\n<p style=\"text-align: center\"><img loading=\"lazy\" decoding=\"async\" class=\"alignnone size-medium wp-image-167\" src=\"http:\/\/ecole.ac-nice.fr\/valbonne\/matgarbejaire\/wp-content\/uploads\/sites\/6\/2017\/02\/Masque2-225x300.jpg\" alt=\"\" width=\"225\" height=\"300\" srcset=\"https:\/\/ecole.ac-nice.fr\/valbonne\/matgarbejaire\/wp-content\/uploads\/sites\/6\/2017\/02\/Masque2-225x300.jpg 225w, https:\/\/ecole.ac-nice.fr\/valbonne\/matgarbejaire\/wp-content\/uploads\/sites\/6\/2017\/02\/Masque2.jpg 245w\" sizes=\"auto, (max-width: 225px) 100vw, 225px\" \/> <img loading=\"lazy\" decoding=\"async\" class=\"alignnone size-medium wp-image-166\" src=\"http:\/\/ecole.ac-nice.fr\/valbonne\/matgarbejaire\/wp-content\/uploads\/sites\/6\/2017\/02\/Masque1-225x300.jpg\" alt=\"\" width=\"225\" height=\"300\" srcset=\"https:\/\/ecole.ac-nice.fr\/valbonne\/matgarbejaire\/wp-content\/uploads\/sites\/6\/2017\/02\/Masque1-225x300.jpg 225w, https:\/\/ecole.ac-nice.fr\/valbonne\/matgarbejaire\/wp-content\/uploads\/sites\/6\/2017\/02\/Masque1.jpg 245w\" sizes=\"auto, (max-width: 225px) 100vw, 225px\" \/> <img loading=\"lazy\" decoding=\"async\" class=\"alignnone size-medium wp-image-169\" src=\"http:\/\/ecole.ac-nice.fr\/valbonne\/matgarbejaire\/wp-content\/uploads\/sites\/6\/2017\/02\/Masque4-202x300.jpg\" alt=\"\" width=\"202\" height=\"300\" srcset=\"https:\/\/ecole.ac-nice.fr\/valbonne\/matgarbejaire\/wp-content\/uploads\/sites\/6\/2017\/02\/Masque4-202x300.jpg 202w, https:\/\/ecole.ac-nice.fr\/valbonne\/matgarbejaire\/wp-content\/uploads\/sites\/6\/2017\/02\/Masque4.jpg 214w\" sizes=\"auto, (max-width: 202px) 100vw, 202px\" \/> <img loading=\"lazy\" decoding=\"async\" class=\"alignnone size-medium wp-image-168\" src=\"http:\/\/ecole.ac-nice.fr\/valbonne\/matgarbejaire\/wp-content\/uploads\/sites\/6\/2017\/02\/Masque3-225x300.jpg\" alt=\"\" width=\"225\" height=\"300\" srcset=\"https:\/\/ecole.ac-nice.fr\/valbonne\/matgarbejaire\/wp-content\/uploads\/sites\/6\/2017\/02\/Masque3-225x300.jpg 225w, https:\/\/ecole.ac-nice.fr\/valbonne\/matgarbejaire\/wp-content\/uploads\/sites\/6\/2017\/02\/Masque3.jpg 245w\" sizes=\"auto, (max-width: 225px) 100vw, 225px\" \/><\/p>\n<p style=\"text-align: center\">Paysages africains (craies grasses + gouaches + vernnis) \u00e0 l&rsquo;aube et au cr\u00e9puscule<\/p>\n<p style=\"text-align: center\"><img loading=\"lazy\" decoding=\"async\" class=\"aligncenter wp-image-174 size-full\" src=\"http:\/\/ecole.ac-nice.fr\/valbonne\/matgarbejaire\/wp-content\/uploads\/sites\/6\/2017\/02\/Paysage1.jpg\" width=\"969\" height=\"473\" srcset=\"https:\/\/ecole.ac-nice.fr\/valbonne\/matgarbejaire\/wp-content\/uploads\/sites\/6\/2017\/02\/Paysage1.jpg 969w, https:\/\/ecole.ac-nice.fr\/valbonne\/matgarbejaire\/wp-content\/uploads\/sites\/6\/2017\/02\/Paysage1-300x146.jpg 300w, https:\/\/ecole.ac-nice.fr\/valbonne\/matgarbejaire\/wp-content\/uploads\/sites\/6\/2017\/02\/Paysage1-768x375.jpg 768w\" sizes=\"auto, (max-width: 969px) 100vw, 969px\" \/><\/p>\n<p style=\"text-align: center\"><img loading=\"lazy\" decoding=\"async\" class=\"alignnone wp-image-175\" src=\"http:\/\/ecole.ac-nice.fr\/valbonne\/matgarbejaire\/wp-content\/uploads\/sites\/6\/2017\/02\/Paysage2-300x229.jpg\" width=\"288\" height=\"220\" srcset=\"https:\/\/ecole.ac-nice.fr\/valbonne\/matgarbejaire\/wp-content\/uploads\/sites\/6\/2017\/02\/Paysage2-300x229.jpg 300w, https:\/\/ecole.ac-nice.fr\/valbonne\/matgarbejaire\/wp-content\/uploads\/sites\/6\/2017\/02\/Paysage2-768x587.jpg 768w, https:\/\/ecole.ac-nice.fr\/valbonne\/matgarbejaire\/wp-content\/uploads\/sites\/6\/2017\/02\/Paysage2.jpg 859w\" sizes=\"auto, (max-width: 288px) 100vw, 288px\" \/> <img loading=\"lazy\" decoding=\"async\" class=\"alignnone wp-image-176\" src=\"http:\/\/ecole.ac-nice.fr\/valbonne\/matgarbejaire\/wp-content\/uploads\/sites\/6\/2017\/02\/Paysage3-300x221.jpg\" width=\"299\" height=\"220\" srcset=\"https:\/\/ecole.ac-nice.fr\/valbonne\/matgarbejaire\/wp-content\/uploads\/sites\/6\/2017\/02\/Paysage3-300x221.jpg 300w, https:\/\/ecole.ac-nice.fr\/valbonne\/matgarbejaire\/wp-content\/uploads\/sites\/6\/2017\/02\/Paysage3-768x565.jpg 768w, https:\/\/ecole.ac-nice.fr\/valbonne\/matgarbejaire\/wp-content\/uploads\/sites\/6\/2017\/02\/Paysage3.jpg 963w\" sizes=\"auto, (max-width: 299px) 100vw, 299px\" \/><\/p>\n<p style=\"text-align: left\"><span style=\"color: #666699\">En parall\u00e8le de ces 2 projets de classe, pour lesquels de nombreuses activit\u00e9s consultables dans les classeurs des \u00e9l\u00e8ves ont \u00e9t\u00e9 men\u00e9es, nous nous sommes investis \u00e9galement dans plusieurs autres manifestations comme le projet musique qui s&rsquo;est achev\u00e9 en cette fin de p\u00e9riode 3 par une chorale de l&rsquo;ensemble des classes pr\u00e9sent\u00e9e aux \u00e9l\u00e8ves de l&rsquo;\u00e9cole \u00e9l\u00e9mentaire.<\/span><\/p>\n<p style=\"text-align: center\"><span style=\"color: #666699\">S\u00e9ance de musique pour les classes de grands<\/span><\/p>\n<p style=\"text-align: center\"><img loading=\"lazy\" decoding=\"async\" class=\"alignnone wp-image-164\" src=\"http:\/\/ecole.ac-nice.fr\/valbonne\/matgarbejaire\/wp-content\/uploads\/sites\/6\/2017\/02\/Musique4-300x225.jpg\" width=\"600\" height=\"450\" srcset=\"https:\/\/ecole.ac-nice.fr\/valbonne\/matgarbejaire\/wp-content\/uploads\/sites\/6\/2017\/02\/Musique4-300x225.jpg 300w, https:\/\/ecole.ac-nice.fr\/valbonne\/matgarbejaire\/wp-content\/uploads\/sites\/6\/2017\/02\/Musique4-768x576.jpg 768w, https:\/\/ecole.ac-nice.fr\/valbonne\/matgarbejaire\/wp-content\/uploads\/sites\/6\/2017\/02\/Musique4.jpg 980w\" sizes=\"auto, (max-width: 600px) 100vw, 600px\" \/><\/p>\n<p style=\"text-align: center\"><span style=\"color: #666699\">Chorale du 8 f\u00e9vrier 2017 <\/span><\/p>\n<p style=\"text-align: center\"><img loading=\"lazy\" decoding=\"async\" class=\"alignnone wp-image-111 size-full\" src=\"http:\/\/ecole.ac-nice.fr\/valbonne\/matgarbejaire\/wp-content\/uploads\/sites\/6\/2017\/02\/Musique7-e1487146824716.jpg\" width=\"972\" height=\"597\" srcset=\"https:\/\/ecole.ac-nice.fr\/valbonne\/matgarbejaire\/wp-content\/uploads\/sites\/6\/2017\/02\/Musique7-e1487146824716.jpg 972w, https:\/\/ecole.ac-nice.fr\/valbonne\/matgarbejaire\/wp-content\/uploads\/sites\/6\/2017\/02\/Musique7-e1487146824716-300x184.jpg 300w, https:\/\/ecole.ac-nice.fr\/valbonne\/matgarbejaire\/wp-content\/uploads\/sites\/6\/2017\/02\/Musique7-e1487146824716-768x472.jpg 768w\" sizes=\"auto, (max-width: 972px) 100vw, 972px\" \/><\/p>\n<pre style=\"text-align: center\"><span style=\"color: #666699\">Voir l'article <a href=\"https:\/\/ecole.ac-nice.fr\/valbonne\/matgarbejaire\/blog\/tag\/chorale\/\">Chorale <\/a><\/span><\/pre>\n<p style=\"text-align: left\"><span style=\"color: #666699\">L&rsquo;initiation \u00e0 l&rsquo;italien accompagn\u00e9 par Betty et Mara s&rsquo;est \u00e9galement poursuivie durant la p\u00e9riode 3 et vient de se terminer. C&rsquo;est avec beaucoup de plaisir que nous avons retrouv\u00e9 Hocus et Lotus chaque semaine depuis le mois d&rsquo;octobre. Nous continuerons \u00e0 nous rem\u00e9morer leurs aventures pour ne pas perdre de vue les b\u00e9n\u00e9fices lexicaux de ces interventions.<\/span><\/p>\n<p style=\"text-align: center\"><span style=\"color: #666699\">S\u00e9ance d&rsquo;italien avec Betty et Mara<\/span><\/p>\n<p style=\"text-align: center\"><img loading=\"lazy\" decoding=\"async\" class=\"alignnone wp-image-165\" src=\"http:\/\/ecole.ac-nice.fr\/valbonne\/matgarbejaire\/wp-content\/uploads\/sites\/6\/2017\/02\/Italien5-225x300.jpg\" width=\"450\" height=\"600\" srcset=\"https:\/\/ecole.ac-nice.fr\/valbonne\/matgarbejaire\/wp-content\/uploads\/sites\/6\/2017\/02\/Italien5-225x300.jpg 225w, https:\/\/ecole.ac-nice.fr\/valbonne\/matgarbejaire\/wp-content\/uploads\/sites\/6\/2017\/02\/Italien5.jpg 735w\" sizes=\"auto, (max-width: 450px) 100vw, 450px\" \/><\/p>\n<p style=\"text-align: left\"><span style=\"color: #666699\">D\u00e9but janvier, nous avons particip\u00e9 \u00e0 un tr\u00e8s bon atelier de d\u00e9couverte des instruments autour du jeu \u00e0 la m\u00e9diath\u00e8que de Valbonne-Sophia Antipolis<\/span><\/p>\n<p style=\"text-align: center\"><span style=\"color: #666699\">Atelier &lsquo;Rencontre la musique&rsquo;<\/span><\/p>\n<p><img loading=\"lazy\" decoding=\"async\" class=\"wp-image-31\" src=\"http:\/\/ecole.ac-nice.fr\/valbonne\/matgarbejaire\/wp-content\/uploads\/sites\/6\/2017\/02\/mediatheque3.jpg\" width=\"600\" height=\"450\" srcset=\"https:\/\/ecole.ac-nice.fr\/valbonne\/matgarbejaire\/wp-content\/uploads\/sites\/6\/2017\/02\/mediatheque3.jpg 980w, https:\/\/ecole.ac-nice.fr\/valbonne\/matgarbejaire\/wp-content\/uploads\/sites\/6\/2017\/02\/mediatheque3-300x225.jpg 300w, https:\/\/ecole.ac-nice.fr\/valbonne\/matgarbejaire\/wp-content\/uploads\/sites\/6\/2017\/02\/mediatheque3-768x576.jpg 768w\" sizes=\"auto, (max-width: 600px) 100vw, 600px\" \/><\/p>\n<pre style=\"text-align: center\">Voir l'article <a href=\"https:\/\/ecole.ac-nice.fr\/valbonne\/matgarbejaire\/blog\/tag\/mediatheque\/\">'Rencontre la musique'<\/a><\/pre>\n<p><span style=\"color: #666699\">Cette p\u00e9riode 3 fut courte mais tr\u00e8s festive, puisque nous avons particip\u00e9 dans l&rsquo;ordre \u00e0 la galette des rois (le 19 janvier), \u00e0 l&rsquo;atelier p\u00e2tisserie et aux anniversaires de janvier (le 27 janvier), au Carnaval (le 8 f\u00e9vrier) et enfin \u00e0 l&rsquo;atelier p\u00e2tisserie et aux anniversaires de f\u00e9vrier (le 10 f\u00e9vrier). Voici quelques photos, <span style=\"color: #ff0000\">cliquer sur chaque photo pour voir l&rsquo;article consacr\u00e9 \u00e0 chaque manifestation.<\/span><\/span><\/p>\n<p style=\"text-align: center\"><a href=\"https:\/\/ecole.ac-nice.fr\/valbonne\/matgarbejaire\/blog\/tag\/anniversaires01\/\"><img loading=\"lazy\" decoding=\"async\" class=\"size-medium wp-image-159 aligncenter\" src=\"http:\/\/ecole.ac-nice.fr\/valbonne\/matgarbejaire\/wp-content\/uploads\/sites\/6\/2017\/02\/Anniversaires4-1-232x300.jpg\" alt=\"\" width=\"232\" height=\"300\" srcset=\"https:\/\/ecole.ac-nice.fr\/valbonne\/matgarbejaire\/wp-content\/uploads\/sites\/6\/2017\/02\/Anniversaires4-1-232x300.jpg 232w, https:\/\/ecole.ac-nice.fr\/valbonne\/matgarbejaire\/wp-content\/uploads\/sites\/6\/2017\/02\/Anniversaires4-1-768x994.jpg 768w, https:\/\/ecole.ac-nice.fr\/valbonne\/matgarbejaire\/wp-content\/uploads\/sites\/6\/2017\/02\/Anniversaires4-1.jpg 791w\" sizes=\"auto, (max-width: 232px) 100vw, 232px\" \/><\/a><a href=\"https:\/\/ecole.ac-nice.fr\/valbonne\/matgarbejaire\/blog\/tag\/carnaval\/\"><img loading=\"lazy\" decoding=\"async\" class=\"alignnone size-medium wp-image-95\" src=\"http:\/\/ecole.ac-nice.fr\/valbonne\/matgarbejaire\/wp-content\/uploads\/sites\/6\/2017\/02\/carnaval10-300x225.jpg\" alt=\"\" width=\"300\" height=\"225\" srcset=\"https:\/\/ecole.ac-nice.fr\/valbonne\/matgarbejaire\/wp-content\/uploads\/sites\/6\/2017\/02\/carnaval10-300x225.jpg 300w, https:\/\/ecole.ac-nice.fr\/valbonne\/matgarbejaire\/wp-content\/uploads\/sites\/6\/2017\/02\/carnaval10-768x576.jpg 768w, https:\/\/ecole.ac-nice.fr\/valbonne\/matgarbejaire\/wp-content\/uploads\/sites\/6\/2017\/02\/carnaval10-1024x768.jpg 1024w, https:\/\/ecole.ac-nice.fr\/valbonne\/matgarbejaire\/wp-content\/uploads\/sites\/6\/2017\/02\/carnaval10.jpg 1600w\" sizes=\"auto, (max-width: 300px) 100vw, 300px\" \/><\/a><\/p>\n<p style=\"text-align: center\"><a href=\"https:\/\/ecole.ac-nice.fr\/valbonne\/matgarbejaire\/blog\/tag\/anniversaires-02\/\"><img loading=\"lazy\" decoding=\"async\" class=\"alignnone size-medium wp-image-99\" src=\"http:\/\/ecole.ac-nice.fr\/valbonne\/matgarbejaire\/wp-content\/uploads\/sites\/6\/2017\/02\/Fevrier001-300x200.jpg\" alt=\"\" width=\"300\" height=\"200\" srcset=\"https:\/\/ecole.ac-nice.fr\/valbonne\/matgarbejaire\/wp-content\/uploads\/sites\/6\/2017\/02\/Fevrier001-300x200.jpg 300w, https:\/\/ecole.ac-nice.fr\/valbonne\/matgarbejaire\/wp-content\/uploads\/sites\/6\/2017\/02\/Fevrier001-768x512.jpg 768w, https:\/\/ecole.ac-nice.fr\/valbonne\/matgarbejaire\/wp-content\/uploads\/sites\/6\/2017\/02\/Fevrier001.jpg 1024w\" sizes=\"auto, (max-width: 300px) 100vw, 300px\" \/><\/a><\/p>\n<p style=\"text-align: left\">\u00a0\u00a0\u00a0\u00a0 <span style=\"color: #666699\">Enfin, la derni\u00e8re semaine de la p\u00e9riode, fut consacr\u00e9e \u00e0 notre projet d&rsquo;\u00e9cole sur l&rsquo;Osier. Ce projet, initi\u00e9 cette ann\u00e9e, permettra \u00e0 toutes les classes de l&rsquo;\u00e9cole s&rsquo;investir dans la d\u00e9couverte de l&rsquo;osier depuis le bouturage et les plantations jusqu&rsquo;\u00e0 son usage en vannerie. L&rsquo;association l&rsquo;Oseraie du possible nous accompagne dans toutes les \u00e9tapes de ce projet.<\/span><\/p>\n<p style=\"text-align: center\"><img loading=\"lazy\" decoding=\"async\" class=\"aligncenter wp-image-147\" src=\"http:\/\/ecole.ac-nice.fr\/valbonne\/matgarbejaire\/wp-content\/uploads\/sites\/6\/2017\/02\/Osier15-300x225.jpg\" width=\"600\" height=\"450\" srcset=\"https:\/\/ecole.ac-nice.fr\/valbonne\/matgarbejaire\/wp-content\/uploads\/sites\/6\/2017\/02\/Osier15-300x225.jpg 300w, https:\/\/ecole.ac-nice.fr\/valbonne\/matgarbejaire\/wp-content\/uploads\/sites\/6\/2017\/02\/Osier15-768x576.jpg 768w, https:\/\/ecole.ac-nice.fr\/valbonne\/matgarbejaire\/wp-content\/uploads\/sites\/6\/2017\/02\/Osier15.jpg 980w\" sizes=\"auto, (max-width: 600px) 100vw, 600px\" \/><\/p>\n<pre style=\"text-align: center\">Voir l'article <a href=\"http:\/\/ecole.ac-nice.fr\/valbonne\/matgarbejaire\/blog\/2017\/02\/10\/projet-osier-gs6\/\">Projet Osier<\/a><\/pre>\n<p>&nbsp;<\/p>\n<p>&nbsp;<\/p>\n","protected":false},"excerpt":{"rendered":"<p>Bilan de la p\u00e9riode 3 en classe de GS6 Durant les 6 semaines de cette p\u00e9riode nous avons travaill\u00e9 sur 2 th\u00e8mes. Tout d&rsquo;abord sur &lsquo;la galette des rois&rsquo; avec l&rsquo;\u00e9tude approfondie de l&rsquo;album &lsquo;La galette du roi loup&rsquo; (voir Dict\u00e9e \u00e0 l&rsquo;adulte), suivie d&rsquo;une mise en r\u00e9seau avec des albums traitant de la galette &hellip; <a href=\"https:\/\/ecole.ac-nice.fr\/valbonne\/matgarbejaire\/blog\/2017\/02\/15\/bilan-periode-3\/\" class=\"more-link\">Continuer la lecture de <span class=\"screen-reader-text\">Bilan p\u00e9riode 3<\/span> <span class=\"meta-nav\">&rarr;<\/span><\/a><\/p>\n","protected":false},"author":6,"featured_media":0,"comment_status":"open","ping_status":"open","sticky":false,"template":"","format":"standard","meta":{"footnotes":""},"categories":[3,9],"tags":[22],"class_list":["post-154","post","type-post","status-publish","format-standard","hentry","category-classes","category-gs6","tag-bilanp3"],"_links":{"self":[{"href":"https:\/\/ecole.ac-nice.fr\/valbonne\/matgarbejaire\/wp-json\/wp\/v2\/posts\/154","targetHints":{"allow":["GET"]}}],"collection":[{"href":"https:\/\/ecole.ac-nice.fr\/valbonne\/matgarbejaire\/wp-json\/wp\/v2\/posts"}],"about":[{"href":"https:\/\/ecole.ac-nice.fr\/valbonne\/matgarbejaire\/wp-json\/wp\/v2\/types\/post"}],"author":[{"embeddable":true,"href":"https:\/\/ecole.ac-nice.fr\/valbonne\/matgarbejaire\/wp-json\/wp\/v2\/users\/6"}],"replies":[{"embeddable":true,"href":"https:\/\/ecole.ac-nice.fr\/valbonne\/matgarbejaire\/wp-json\/wp\/v2\/comments?post=154"}],"version-history":[{"count":8,"href":"https:\/\/ecole.ac-nice.fr\/valbonne\/matgarbejaire\/wp-json\/wp\/v2\/posts\/154\/revisions"}],"predecessor-version":[{"id":178,"href":"https:\/\/ecole.ac-nice.fr\/valbonne\/matgarbejaire\/wp-json\/wp\/v2\/posts\/154\/revisions\/178"}],"wp:attachment":[{"href":"https:\/\/ecole.ac-nice.fr\/valbonne\/matgarbejaire\/wp-json\/wp\/v2\/media?parent=154"}],"wp:term":[{"taxonomy":"category","embeddable":true,"href":"https:\/\/ecole.ac-nice.fr\/valbonne\/matgarbejaire\/wp-json\/wp\/v2\/categories?post=154"},{"taxonomy":"post_tag","embeddable":true,"href":"https:\/\/ecole.ac-nice.fr\/valbonne\/matgarbejaire\/wp-json\/wp\/v2\/tags?post=154"}],"curies":[{"name":"wp","href":"https:\/\/api.w.org\/{rel}","templated":true}]}}