{"id":1539,"date":"2018-02-23T17:28:28","date_gmt":"2018-02-23T16:28:28","guid":{"rendered":"http:\/\/ecole.ac-nice.fr\/valbonne\/matgarbejaire\/?p=1539"},"modified":"2018-03-06T17:31:01","modified_gmt":"2018-03-06T16:31:01","slug":"carnaval-2018","status":"publish","type":"post","link":"https:\/\/ecole.ac-nice.fr\/valbonne\/matgarbejaire\/blog\/2018\/02\/23\/carnaval-2018\/","title":{"rendered":"Carnaval 2018"},"content":{"rendered":"<h1 style=\"text-align: center\"><span style=\"color: #800080\">Mercredi 21 f\u00e9vrier 2018<\/span><\/h1>\n<h1 style=\"text-align: center\"><span style=\"color: #800080\">C&rsquo;\u00e9tait CARNAVAL<\/span><\/h1>\n<h1 style=\"text-align: center\"><span style=\"color: #800080\"> \u00e0 la maternelle Garbejaire<\/span><\/h1>\n<h4 style=\"text-align: center\"><span style=\"color: #00ccff\">Toutes les classes ont d\u00e9fil\u00e9<\/span><\/h4>\n<p style=\"text-align: center\"><img loading=\"lazy\" decoding=\"async\" class=\"wp-image-1540 size-large aligncenter\" src=\"http:\/\/ecole.ac-nice.fr\/valbonne\/matgarbejaire\/wp-content\/uploads\/sites\/6\/2018\/03\/DSC_0039-1024x576.jpg\" alt=\"\" width=\"604\" height=\"340\" srcset=\"https:\/\/ecole.ac-nice.fr\/valbonne\/matgarbejaire\/wp-content\/uploads\/sites\/6\/2018\/03\/DSC_0039-1024x576.jpg 1024w, https:\/\/ecole.ac-nice.fr\/valbonne\/matgarbejaire\/wp-content\/uploads\/sites\/6\/2018\/03\/DSC_0039-300x169.jpg 300w, https:\/\/ecole.ac-nice.fr\/valbonne\/matgarbejaire\/wp-content\/uploads\/sites\/6\/2018\/03\/DSC_0039-768x432.jpg 768w\" sizes=\"auto, (max-width: 604px) 100vw, 604px\" \/><\/p>\n<h4 style=\"text-align: center\"><span style=\"color: #339966\">pour que chacun puisse montrer son beau costume<\/span><\/h4>\n<p style=\"text-align: center\"><img loading=\"lazy\" decoding=\"async\" class=\"wp-image-1541 size-large aligncenter\" src=\"http:\/\/ecole.ac-nice.fr\/valbonne\/matgarbejaire\/wp-content\/uploads\/sites\/6\/2018\/03\/DSC_0040-1024x576.jpg\" alt=\"\" width=\"604\" height=\"340\" srcset=\"https:\/\/ecole.ac-nice.fr\/valbonne\/matgarbejaire\/wp-content\/uploads\/sites\/6\/2018\/03\/DSC_0040-1024x576.jpg 1024w, https:\/\/ecole.ac-nice.fr\/valbonne\/matgarbejaire\/wp-content\/uploads\/sites\/6\/2018\/03\/DSC_0040-300x169.jpg 300w, https:\/\/ecole.ac-nice.fr\/valbonne\/matgarbejaire\/wp-content\/uploads\/sites\/6\/2018\/03\/DSC_0040-768x432.jpg 768w\" sizes=\"auto, (max-width: 604px) 100vw, 604px\" \/><\/p>\n<h4 style=\"text-align: center\"><span style=\"color: #ff6600\">Ensuite les \u00e9l\u00e8ves ont particip\u00e9 \u00e0 des danses et des rondes<\/span><\/h4>\n<p style=\"text-align: center\"><img loading=\"lazy\" decoding=\"async\" class=\"alignnone wp-image-1542\" src=\"http:\/\/ecole.ac-nice.fr\/valbonne\/matgarbejaire\/wp-content\/uploads\/sites\/6\/2018\/03\/DSC_0042-169x300.jpg\" alt=\"\" width=\"340\" height=\"604\" srcset=\"https:\/\/ecole.ac-nice.fr\/valbonne\/matgarbejaire\/wp-content\/uploads\/sites\/6\/2018\/03\/DSC_0042-169x300.jpg 169w, https:\/\/ecole.ac-nice.fr\/valbonne\/matgarbejaire\/wp-content\/uploads\/sites\/6\/2018\/03\/DSC_0042-768x1365.jpg 768w, https:\/\/ecole.ac-nice.fr\/valbonne\/matgarbejaire\/wp-content\/uploads\/sites\/6\/2018\/03\/DSC_0042-576x1024.jpg 576w, https:\/\/ecole.ac-nice.fr\/valbonne\/matgarbejaire\/wp-content\/uploads\/sites\/6\/2018\/03\/DSC_0042.jpg 1746w\" sizes=\"auto, (max-width: 340px) 100vw, 340px\" \/><\/p>\n<h4 style=\"text-align: center\"><span style=\"color: #ff00ff\">Et enfin la grande bataille de confettis<\/span><\/h4>\n<p style=\"text-align: center\"><img loading=\"lazy\" decoding=\"async\" class=\"wp-image-1543 size-large aligncenter\" src=\"http:\/\/ecole.ac-nice.fr\/valbonne\/matgarbejaire\/wp-content\/uploads\/sites\/6\/2018\/03\/DSC_0045-1024x576.jpg\" alt=\"\" width=\"604\" height=\"340\" srcset=\"https:\/\/ecole.ac-nice.fr\/valbonne\/matgarbejaire\/wp-content\/uploads\/sites\/6\/2018\/03\/DSC_0045-1024x576.jpg 1024w, https:\/\/ecole.ac-nice.fr\/valbonne\/matgarbejaire\/wp-content\/uploads\/sites\/6\/2018\/03\/DSC_0045-300x169.jpg 300w, https:\/\/ecole.ac-nice.fr\/valbonne\/matgarbejaire\/wp-content\/uploads\/sites\/6\/2018\/03\/DSC_0045-768x432.jpg 768w\" sizes=\"auto, (max-width: 604px) 100vw, 604px\" \/><\/p>\n<p><img loading=\"lazy\" decoding=\"async\" class=\"aligncenter wp-image-1544 size-large\" src=\"http:\/\/ecole.ac-nice.fr\/valbonne\/matgarbejaire\/wp-content\/uploads\/sites\/6\/2018\/03\/Carnaval2-1024x576.jpg\" alt=\"\" width=\"604\" height=\"340\" srcset=\"https:\/\/ecole.ac-nice.fr\/valbonne\/matgarbejaire\/wp-content\/uploads\/sites\/6\/2018\/03\/Carnaval2-1024x576.jpg 1024w, https:\/\/ecole.ac-nice.fr\/valbonne\/matgarbejaire\/wp-content\/uploads\/sites\/6\/2018\/03\/Carnaval2-300x169.jpg 300w, https:\/\/ecole.ac-nice.fr\/valbonne\/matgarbejaire\/wp-content\/uploads\/sites\/6\/2018\/03\/Carnaval2-768x432.jpg 768w\" sizes=\"auto, (max-width: 604px) 100vw, 604px\" \/><\/p>\n","protected":false},"excerpt":{"rendered":"<p>Mercredi 21 f\u00e9vrier 2018 C&rsquo;\u00e9tait CARNAVAL \u00e0 la maternelle Garbejaire Toutes les classes ont d\u00e9fil\u00e9 pour que chacun puisse montrer son beau costume Ensuite les \u00e9l\u00e8ves ont particip\u00e9 \u00e0 des danses et des rondes Et enfin la grande bataille de confettis<\/p>\n","protected":false},"author":6,"featured_media":0,"comment_status":"open","ping_status":"open","sticky":false,"template":"","format":"standard","meta":{"footnotes":""},"categories":[4],"tags":[],"class_list":["post-1539","post","type-post","status-publish","format-standard","hentry","category-manifestations"],"_links":{"self":[{"href":"https:\/\/ecole.ac-nice.fr\/valbonne\/matgarbejaire\/wp-json\/wp\/v2\/posts\/1539","targetHints":{"allow":["GET"]}}],"collection":[{"href":"https:\/\/ecole.ac-nice.fr\/valbonne\/matgarbejaire\/wp-json\/wp\/v2\/posts"}],"about":[{"href":"https:\/\/ecole.ac-nice.fr\/valbonne\/matgarbejaire\/wp-json\/wp\/v2\/types\/post"}],"author":[{"embeddable":true,"href":"https:\/\/ecole.ac-nice.fr\/valbonne\/matgarbejaire\/wp-json\/wp\/v2\/users\/6"}],"replies":[{"embeddable":true,"href":"https:\/\/ecole.ac-nice.fr\/valbonne\/matgarbejaire\/wp-json\/wp\/v2\/comments?post=1539"}],"version-history":[{"count":2,"href":"https:\/\/ecole.ac-nice.fr\/valbonne\/matgarbejaire\/wp-json\/wp\/v2\/posts\/1539\/revisions"}],"predecessor-version":[{"id":1547,"href":"https:\/\/ecole.ac-nice.fr\/valbonne\/matgarbejaire\/wp-json\/wp\/v2\/posts\/1539\/revisions\/1547"}],"wp:attachment":[{"href":"https:\/\/ecole.ac-nice.fr\/valbonne\/matgarbejaire\/wp-json\/wp\/v2\/media?parent=1539"}],"wp:term":[{"taxonomy":"category","embeddable":true,"href":"https:\/\/ecole.ac-nice.fr\/valbonne\/matgarbejaire\/wp-json\/wp\/v2\/categories?post=1539"},{"taxonomy":"post_tag","embeddable":true,"href":"https:\/\/ecole.ac-nice.fr\/valbonne\/matgarbejaire\/wp-json\/wp\/v2\/tags?post=1539"}],"curies":[{"name":"wp","href":"https:\/\/api.w.org\/{rel}","templated":true}]}}