{"id":1468,"date":"2018-02-23T15:27:43","date_gmt":"2018-02-23T14:27:43","guid":{"rendered":"http:\/\/ecole.ac-nice.fr\/valbonne\/matgarbejaire\/?p=1468"},"modified":"2018-05-12T16:50:07","modified_gmt":"2018-05-12T14:50:07","slug":"bilan-periode-3-2","status":"publish","type":"post","link":"https:\/\/ecole.ac-nice.fr\/valbonne\/matgarbejaire\/blog\/2018\/02\/23\/bilan-periode-3-2\/","title":{"rendered":"Bilan P\u00e9riode 3"},"content":{"rendered":"<h2><span style=\"color: #ff6600\">PERIODE 3 EN CLASSE DE GS6<\/span><\/h2>\n<p><strong>Cette troisi\u00e8me p\u00e9riode de l&rsquo;ann\u00e9e scolaire, du 8 janvier au 23 f\u00e9vrier 2018, se d\u00e9compose en 2 parties. <\/strong><\/p>\n<p><strong>Notre classe a d&rsquo;abord travaill\u00e9 sur le th\u00e8me de &lsquo;la galette des rois&rsquo; durant un peu plus de 2 semaines, voici quelques uns des albums \u00e9tudi\u00e9s:<\/strong><\/p>\n<p><img loading=\"lazy\" decoding=\"async\" class=\"alignnone wp-image-1474\" src=\"http:\/\/ecole.ac-nice.fr\/valbonne\/matgarbejaire\/wp-content\/uploads\/sites\/6\/2018\/02\/La-galette-du-roi-loup-240x300.jpg\" alt=\"\" width=\"192\" height=\"240\" srcset=\"https:\/\/ecole.ac-nice.fr\/valbonne\/matgarbejaire\/wp-content\/uploads\/sites\/6\/2018\/02\/La-galette-du-roi-loup-240x300.jpg 240w, https:\/\/ecole.ac-nice.fr\/valbonne\/matgarbejaire\/wp-content\/uploads\/sites\/6\/2018\/02\/La-galette-du-roi-loup.jpg 260w\" sizes=\"auto, (max-width: 192px) 100vw, 192px\" \/>\u00a0 <img loading=\"lazy\" decoding=\"async\" class=\"alignnone wp-image-1479\" src=\"http:\/\/ecole.ac-nice.fr\/valbonne\/matgarbejaire\/wp-content\/uploads\/sites\/6\/2018\/02\/Roule-galette-300x252.jpg\" alt=\"\" width=\"243\" height=\"204\" srcset=\"https:\/\/ecole.ac-nice.fr\/valbonne\/matgarbejaire\/wp-content\/uploads\/sites\/6\/2018\/02\/Roule-galette-300x252.jpg 300w, https:\/\/ecole.ac-nice.fr\/valbonne\/matgarbejaire\/wp-content\/uploads\/sites\/6\/2018\/02\/Roule-galette.jpg 303w\" sizes=\"auto, (max-width: 243px) 100vw, 243px\" \/><\/p>\n<p><img loading=\"lazy\" decoding=\"async\" class=\"alignnone wp-image-1476\" src=\"http:\/\/ecole.ac-nice.fr\/valbonne\/matgarbejaire\/wp-content\/uploads\/sites\/6\/2018\/02\/Le-petit-bonhomme-de-pain-d\u00e9pice-300x300.jpg\" alt=\"\" width=\"231\" height=\"231\" srcset=\"https:\/\/ecole.ac-nice.fr\/valbonne\/matgarbejaire\/wp-content\/uploads\/sites\/6\/2018\/02\/Le-petit-bonhomme-de-pain-d\u00e9pice-300x300.jpg 300w, https:\/\/ecole.ac-nice.fr\/valbonne\/matgarbejaire\/wp-content\/uploads\/sites\/6\/2018\/02\/Le-petit-bonhomme-de-pain-d\u00e9pice-150x150.jpg 150w, https:\/\/ecole.ac-nice.fr\/valbonne\/matgarbejaire\/wp-content\/uploads\/sites\/6\/2018\/02\/Le-petit-bonhomme-de-pain-d\u00e9pice.jpg 340w\" sizes=\"auto, (max-width: 231px) 100vw, 231px\" \/>\u00a0 <img loading=\"lazy\" decoding=\"async\" class=\"alignnone wp-image-1475\" src=\"http:\/\/ecole.ac-nice.fr\/valbonne\/matgarbejaire\/wp-content\/uploads\/sites\/6\/2018\/02\/Le-bonhomme-de-pain-d\u00e9pices-228x300.jpg\" alt=\"\" width=\"200\" height=\"263\" srcset=\"https:\/\/ecole.ac-nice.fr\/valbonne\/matgarbejaire\/wp-content\/uploads\/sites\/6\/2018\/02\/Le-bonhomme-de-pain-d\u00e9pices-228x300.jpg 228w, https:\/\/ecole.ac-nice.fr\/valbonne\/matgarbejaire\/wp-content\/uploads\/sites\/6\/2018\/02\/Le-bonhomme-de-pain-d\u00e9pices.jpg 255w\" sizes=\"auto, (max-width: 200px) 100vw, 200px\" \/><\/p>\n<p><img loading=\"lazy\" decoding=\"async\" class=\"alignnone wp-image-1478\" src=\"http:\/\/ecole.ac-nice.fr\/valbonne\/matgarbejaire\/wp-content\/uploads\/sites\/6\/2018\/02\/Mademoiselle-Galette-211x300.jpg\" alt=\"\" width=\"154\" height=\"219\" srcset=\"https:\/\/ecole.ac-nice.fr\/valbonne\/matgarbejaire\/wp-content\/uploads\/sites\/6\/2018\/02\/Mademoiselle-Galette-211x300.jpg 211w, https:\/\/ecole.ac-nice.fr\/valbonne\/matgarbejaire\/wp-content\/uploads\/sites\/6\/2018\/02\/Mademoiselle-Galette.jpg 239w\" sizes=\"auto, (max-width: 154px) 100vw, 154px\" \/> <img loading=\"lazy\" decoding=\"async\" class=\"alignnone wp-image-1473\" src=\"http:\/\/ecole.ac-nice.fr\/valbonne\/matgarbejaire\/wp-content\/uploads\/sites\/6\/2018\/02\/Jaime-la-galette.jpg\" alt=\"\" width=\"172\" height=\"175\" \/> <img loading=\"lazy\" decoding=\"async\" class=\"alignnone wp-image-1477\" src=\"http:\/\/ecole.ac-nice.fr\/valbonne\/matgarbejaire\/wp-content\/uploads\/sites\/6\/2018\/02\/Le-probl\u00e8me-quand-on-est-un-renard-217x300.jpg\" alt=\"\" width=\"189\" height=\"261\" srcset=\"https:\/\/ecole.ac-nice.fr\/valbonne\/matgarbejaire\/wp-content\/uploads\/sites\/6\/2018\/02\/Le-probl\u00e8me-quand-on-est-un-renard-217x300.jpg 217w, https:\/\/ecole.ac-nice.fr\/valbonne\/matgarbejaire\/wp-content\/uploads\/sites\/6\/2018\/02\/Le-probl\u00e8me-quand-on-est-un-renard.jpg 244w\" sizes=\"auto, (max-width: 189px) 100vw, 189px\" \/><\/p>\n<p><strong>Puis nous nous sommes concentr\u00e9s sur un projet de classe de plus grande envergure sur le th\u00e8me de &lsquo;l&rsquo;Afrique&rsquo;. Parmi les albums les plus largement travaill\u00e9s nous trouvons &lsquo;Rafara&rsquo; et &lsquo;Baobonbon&rsquo;. Voici le projet dans son ensemble:<\/strong><\/p>\n<p><img loading=\"lazy\" decoding=\"async\" class=\"aligncenter wp-image-1480\" src=\"http:\/\/ecole.ac-nice.fr\/valbonne\/matgarbejaire\/wp-content\/uploads\/sites\/6\/2018\/02\/Projet5-300x225.jpg\" alt=\"\" width=\"600\" height=\"450\" srcset=\"https:\/\/ecole.ac-nice.fr\/valbonne\/matgarbejaire\/wp-content\/uploads\/sites\/6\/2018\/02\/Projet5-300x225.jpg 300w, https:\/\/ecole.ac-nice.fr\/valbonne\/matgarbejaire\/wp-content\/uploads\/sites\/6\/2018\/02\/Projet5.jpg 640w\" sizes=\"auto, (max-width: 600px) 100vw, 600px\" \/><\/p>\n<p><span style=\"color: #ff6600\"><strong>Toutes les activit\u00e9s de langage oral, \u00e9crit, de num\u00e9ration, d&rsquo;espace, de temps \u00e9taient bien s\u00fbr bas\u00e9es sur ces deux projets de classe. Les activit\u00e9s relatives aux arts plastiques \u00e9taient \u00e9galement en lien avec les th\u00e8mes \u00e9tudi\u00e9s.<\/strong><\/span><\/p>\n<p><strong><span style=\"color: #ff6600\">Les \u00e9l\u00e8ves ont fabriqu\u00e9s dans un premier temps leur couronne des rois, le mod\u00e8le 2018 \u00e9tait en feutrine:<\/span><\/strong><\/p>\n<p style=\"text-align: center\"><img loading=\"lazy\" decoding=\"async\" class=\"alignnone wp-image-1483\" src=\"http:\/\/ecole.ac-nice.fr\/valbonne\/matgarbejaire\/wp-content\/uploads\/sites\/6\/2018\/02\/Couronne-300x231.jpg\" alt=\"\" width=\"431\" height=\"332\" srcset=\"https:\/\/ecole.ac-nice.fr\/valbonne\/matgarbejaire\/wp-content\/uploads\/sites\/6\/2018\/02\/Couronne-300x231.jpg 300w, https:\/\/ecole.ac-nice.fr\/valbonne\/matgarbejaire\/wp-content\/uploads\/sites\/6\/2018\/02\/Couronne.jpg 425w\" sizes=\"auto, (max-width: 431px) 100vw, 431px\" \/><\/p>\n<p><span style=\"color: #ff6600\"><strong>Ensuite le th\u00e8me de l&rsquo;Afrique a permis un travail riche et vari\u00e9 autour du tissage, de la peinture et du collage en 2D et des r\u00e9alisations en 3D.<\/strong><\/span><\/p>\n<p style=\"text-align: center\"><span style=\"color: #ff6600\"><strong> Tissage \u00e0 la mani\u00e8re des tapis africains<\/strong><\/span><\/p>\n<p style=\"text-align: center\"><img loading=\"lazy\" decoding=\"async\" class=\"alignnone wp-image-1670\" src=\"http:\/\/ecole.ac-nice.fr\/valbonne\/matgarbejaire\/wp-content\/uploads\/sites\/6\/2018\/02\/Tissage1-300x225.jpg\" alt=\"\" width=\"550\" height=\"413\" srcset=\"https:\/\/ecole.ac-nice.fr\/valbonne\/matgarbejaire\/wp-content\/uploads\/sites\/6\/2018\/02\/Tissage1-300x225.jpg 300w, https:\/\/ecole.ac-nice.fr\/valbonne\/matgarbejaire\/wp-content\/uploads\/sites\/6\/2018\/02\/Tissage1.jpg 640w\" sizes=\"auto, (max-width: 550px) 100vw, 550px\" \/><\/p>\n<p style=\"text-align: center\"><span style=\"color: #ff6600\"><strong>Nos Rafaras<\/strong><\/span><\/p>\n<p><img loading=\"lazy\" decoding=\"async\" class=\"aligncenter wp-image-1485 size-full\" src=\"http:\/\/ecole.ac-nice.fr\/valbonne\/matgarbejaire\/wp-content\/uploads\/sites\/6\/2018\/02\/Rafaras.jpg\" alt=\"\" width=\"607\" height=\"326\" srcset=\"https:\/\/ecole.ac-nice.fr\/valbonne\/matgarbejaire\/wp-content\/uploads\/sites\/6\/2018\/02\/Rafaras.jpg 607w, https:\/\/ecole.ac-nice.fr\/valbonne\/matgarbejaire\/wp-content\/uploads\/sites\/6\/2018\/02\/Rafaras-300x161.jpg 300w\" sizes=\"auto, (max-width: 607px) 100vw, 607px\" \/><\/p>\n<p><img loading=\"lazy\" decoding=\"async\" class=\"alignnone wp-image-1486\" src=\"http:\/\/ecole.ac-nice.fr\/valbonne\/matgarbejaire\/wp-content\/uploads\/sites\/6\/2018\/02\/Rafara5-225x300.jpg\" alt=\"\" width=\"180\" height=\"240\" srcset=\"https:\/\/ecole.ac-nice.fr\/valbonne\/matgarbejaire\/wp-content\/uploads\/sites\/6\/2018\/02\/Rafara5-225x300.jpg 225w, https:\/\/ecole.ac-nice.fr\/valbonne\/matgarbejaire\/wp-content\/uploads\/sites\/6\/2018\/02\/Rafara5.jpg 480w\" sizes=\"auto, (max-width: 180px) 100vw, 180px\" \/> <img loading=\"lazy\" decoding=\"async\" class=\"alignnone wp-image-1487\" src=\"http:\/\/ecole.ac-nice.fr\/valbonne\/matgarbejaire\/wp-content\/uploads\/sites\/6\/2018\/02\/Rafara6-225x300.jpg\" alt=\"\" width=\"180\" height=\"240\" srcset=\"https:\/\/ecole.ac-nice.fr\/valbonne\/matgarbejaire\/wp-content\/uploads\/sites\/6\/2018\/02\/Rafara6-225x300.jpg 225w, https:\/\/ecole.ac-nice.fr\/valbonne\/matgarbejaire\/wp-content\/uploads\/sites\/6\/2018\/02\/Rafara6.jpg 480w\" sizes=\"auto, (max-width: 180px) 100vw, 180px\" \/> <img loading=\"lazy\" decoding=\"async\" class=\"alignnone wp-image-1488\" src=\"http:\/\/ecole.ac-nice.fr\/valbonne\/matgarbejaire\/wp-content\/uploads\/sites\/6\/2018\/02\/Rafara7-225x300.jpg\" alt=\"\" width=\"180\" height=\"240\" srcset=\"https:\/\/ecole.ac-nice.fr\/valbonne\/matgarbejaire\/wp-content\/uploads\/sites\/6\/2018\/02\/Rafara7-225x300.jpg 225w, https:\/\/ecole.ac-nice.fr\/valbonne\/matgarbejaire\/wp-content\/uploads\/sites\/6\/2018\/02\/Rafara7.jpg 480w\" sizes=\"auto, (max-width: 180px) 100vw, 180px\" \/><\/p>\n<p style=\"text-align: center\"><span style=\"color: #ff6600\"><strong>Masques africains r\u00e9cup&rsquo;<\/strong><\/span><\/p>\n<p style=\"text-align: center\"><img loading=\"lazy\" decoding=\"async\" class=\"alignnone size-medium wp-image-1672\" src=\"http:\/\/ecole.ac-nice.fr\/valbonne\/matgarbejaire\/wp-content\/uploads\/sites\/6\/2018\/02\/Masques1-225x300.jpg\" alt=\"\" width=\"225\" height=\"300\" srcset=\"https:\/\/ecole.ac-nice.fr\/valbonne\/matgarbejaire\/wp-content\/uploads\/sites\/6\/2018\/02\/Masques1-225x300.jpg 225w, https:\/\/ecole.ac-nice.fr\/valbonne\/matgarbejaire\/wp-content\/uploads\/sites\/6\/2018\/02\/Masques1.jpg 480w\" sizes=\"auto, (max-width: 225px) 100vw, 225px\" \/> <img loading=\"lazy\" decoding=\"async\" class=\"alignnone size-medium wp-image-1673\" src=\"http:\/\/ecole.ac-nice.fr\/valbonne\/matgarbejaire\/wp-content\/uploads\/sites\/6\/2018\/02\/Masques2-225x300.jpg\" alt=\"\" width=\"225\" height=\"300\" srcset=\"https:\/\/ecole.ac-nice.fr\/valbonne\/matgarbejaire\/wp-content\/uploads\/sites\/6\/2018\/02\/Masques2-225x300.jpg 225w, https:\/\/ecole.ac-nice.fr\/valbonne\/matgarbejaire\/wp-content\/uploads\/sites\/6\/2018\/02\/Masques2.jpg 480w\" sizes=\"auto, (max-width: 225px) 100vw, 225px\" \/> <img loading=\"lazy\" decoding=\"async\" class=\"alignnone size-medium wp-image-1674\" src=\"http:\/\/ecole.ac-nice.fr\/valbonne\/matgarbejaire\/wp-content\/uploads\/sites\/6\/2018\/02\/Masques3-225x300.jpg\" alt=\"\" width=\"225\" height=\"300\" srcset=\"https:\/\/ecole.ac-nice.fr\/valbonne\/matgarbejaire\/wp-content\/uploads\/sites\/6\/2018\/02\/Masques3-225x300.jpg 225w, https:\/\/ecole.ac-nice.fr\/valbonne\/matgarbejaire\/wp-content\/uploads\/sites\/6\/2018\/02\/Masques3.jpg 480w\" sizes=\"auto, (max-width: 225px) 100vw, 225px\" \/> <img loading=\"lazy\" decoding=\"async\" class=\"alignnone size-medium wp-image-1675\" src=\"http:\/\/ecole.ac-nice.fr\/valbonne\/matgarbejaire\/wp-content\/uploads\/sites\/6\/2018\/02\/Masques4-225x300.jpg\" alt=\"\" width=\"225\" height=\"300\" srcset=\"https:\/\/ecole.ac-nice.fr\/valbonne\/matgarbejaire\/wp-content\/uploads\/sites\/6\/2018\/02\/Masques4-225x300.jpg 225w, https:\/\/ecole.ac-nice.fr\/valbonne\/matgarbejaire\/wp-content\/uploads\/sites\/6\/2018\/02\/Masques4.jpg 480w\" sizes=\"auto, (max-width: 225px) 100vw, 225px\" \/><\/p>\n<p><span style=\"color: #8c3008\"><strong>Du c\u00f4t\u00e9 des activit\u00e9s de motricit\u00e9, physiques et sportives, nous avons poursuivi notre progression sur les parcours les lundis et mardis. Quant aux jeudis ils \u00e9taient consacr\u00e9s plus sp\u00e9cifiquement aux activit\u00e9s relatives \u00e0 l&rsquo;\u00e9quilibre et \u00e0 l&rsquo;action de rouler. <\/strong><\/span><\/p>\n<p style=\"text-align: center\"><span style=\"color: #8c3008\"><strong>Les ateliers du jeudi (poutres, bascules, \u00e9chasses, planches \u00e0 roulettes)<\/strong><\/span><\/p>\n<p><img loading=\"lazy\" decoding=\"async\" class=\"wp-image-1491 aligncenter\" src=\"http:\/\/ecole.ac-nice.fr\/valbonne\/matgarbejaire\/wp-content\/uploads\/sites\/6\/2018\/02\/Equilibres2-300x225.jpg\" alt=\"\" width=\"600\" height=\"450\" srcset=\"https:\/\/ecole.ac-nice.fr\/valbonne\/matgarbejaire\/wp-content\/uploads\/sites\/6\/2018\/02\/Equilibres2-300x225.jpg 300w, https:\/\/ecole.ac-nice.fr\/valbonne\/matgarbejaire\/wp-content\/uploads\/sites\/6\/2018\/02\/Equilibres2.jpg 640w\" sizes=\"auto, (max-width: 600px) 100vw, 600px\" \/><\/p>\n<p><strong><span style=\"color: #8c3008\"> <img loading=\"lazy\" decoding=\"async\" class=\"wp-image-1492 aligncenter\" src=\"http:\/\/ecole.ac-nice.fr\/valbonne\/matgarbejaire\/wp-content\/uploads\/sites\/6\/2018\/02\/Equilibres3-300x225.jpg\" alt=\"\" width=\"600\" height=\"450\" srcset=\"https:\/\/ecole.ac-nice.fr\/valbonne\/matgarbejaire\/wp-content\/uploads\/sites\/6\/2018\/02\/Equilibres3-300x225.jpg 300w, https:\/\/ecole.ac-nice.fr\/valbonne\/matgarbejaire\/wp-content\/uploads\/sites\/6\/2018\/02\/Equilibres3.jpg 640w\" sizes=\"auto, (max-width: 600px) 100vw, 600px\" \/><\/span><\/strong><\/p>\n<p><strong><span style=\"color: #8c3008\">Les vendredis \u00e9taient r\u00e9serv\u00e9s aux activit\u00e9s d&rsquo;ordre artistiques avec Nicolas Marfeuil. Le projet &lsquo;Musique et rythmes&rsquo; avec Nicolas s&rsquo;ach\u00e8ve cette fin de p\u00e9riode, ce fut un r\u00e9el plaisir cette ann\u00e9e encore d&rsquo;y participer avec les \u00e9l\u00e8ves.<\/span><\/strong><\/p>\n<p style=\"text-align: center\"><strong><span style=\"color: #8c3008\">D\u00e9couverte de la contrebasse lors de la derni\u00e8re s\u00e9ance du projet<\/span><\/strong><\/p>\n<p style=\"text-align: center\"><img loading=\"lazy\" decoding=\"async\" class=\"alignnone wp-image-1493\" src=\"http:\/\/ecole.ac-nice.fr\/valbonne\/matgarbejaire\/wp-content\/uploads\/sites\/6\/2018\/02\/IMG_20180126_095725-300x225.jpg\" alt=\"\" width=\"600\" height=\"450\" srcset=\"https:\/\/ecole.ac-nice.fr\/valbonne\/matgarbejaire\/wp-content\/uploads\/sites\/6\/2018\/02\/IMG_20180126_095725-300x225.jpg 300w, https:\/\/ecole.ac-nice.fr\/valbonne\/matgarbejaire\/wp-content\/uploads\/sites\/6\/2018\/02\/IMG_20180126_095725.jpg 640w\" sizes=\"auto, (max-width: 600px) 100vw, 600px\" \/><\/p>\n<p><span style=\"color: #c7a82e\"><strong>Avec cette troisi\u00e8me p\u00e9riode s&rsquo;ach\u00e8ve \u00e9galement les s\u00e9ances de sensibilisation \u00e0 la langue italienne avec Mara Di Prospero. N\u00e9anmoins nous continuerons \u00e0 apporter de petites piq\u00fbres de rappel, pour rester dans le bain de langue italienne, jusqu&rsquo;\u00e0 la passation des \u00e9preuves d&rsquo;entr\u00e9e en section internationale pour les \u00e9l\u00e8ves inscrits.<\/strong><\/span><\/p>\n<p style=\"text-align: center\"><span style=\"color: #c7a82e\"><strong>En pleine lecture de l&rsquo;un des albums d&rsquo;Hocus et Lotus<\/strong><\/span><\/p>\n<p><img loading=\"lazy\" decoding=\"async\" class=\"aligncenter wp-image-1494\" src=\"http:\/\/ecole.ac-nice.fr\/valbonne\/matgarbejaire\/wp-content\/uploads\/sites\/6\/2018\/02\/Italien6-300x225.jpg\" alt=\"\" width=\"600\" height=\"450\" srcset=\"https:\/\/ecole.ac-nice.fr\/valbonne\/matgarbejaire\/wp-content\/uploads\/sites\/6\/2018\/02\/Italien6-300x225.jpg 300w, https:\/\/ecole.ac-nice.fr\/valbonne\/matgarbejaire\/wp-content\/uploads\/sites\/6\/2018\/02\/Italien6.jpg 640w\" sizes=\"auto, (max-width: 600px) 100vw, 600px\" \/><\/p>\n<p><img loading=\"lazy\" decoding=\"async\" class=\" wp-image-1495 aligncenter\" src=\"http:\/\/ecole.ac-nice.fr\/valbonne\/matgarbejaire\/wp-content\/uploads\/sites\/6\/2018\/02\/Italien7-300x225.jpg\" alt=\"\" width=\"341\" height=\"256\" srcset=\"https:\/\/ecole.ac-nice.fr\/valbonne\/matgarbejaire\/wp-content\/uploads\/sites\/6\/2018\/02\/Italien7-300x225.jpg 300w, https:\/\/ecole.ac-nice.fr\/valbonne\/matgarbejaire\/wp-content\/uploads\/sites\/6\/2018\/02\/Italien7.jpg 640w\" sizes=\"auto, (max-width: 341px) 100vw, 341px\" \/><\/p>\n<p><strong><span style=\"color: #ff9900\">Les mois de janvier et f\u00e9vrier ont \u00e9galement \u00e9t\u00e9 marqu\u00e9s par des manifestations communes \u00e0 toutes les classes de l&rsquo;\u00e9cole, comme:<\/span><\/strong><\/p>\n<ul>\n<li><strong><span style=\"color: #ff9900\"> la journ\u00e9e de la galette des rois, voir l&rsquo;article en cliquant sur:<em><a style=\"color: #ff9900\" href=\"https:\/\/ecole.ac-nice.fr\/valbonne\/matgarbejaire\/blog\/2018\/01\/23\/journee-galette\/\"><span style=\"color: #800000\"> &lsquo;Journ\u00e9e galette&rsquo;<\/span><\/a><\/em><\/span><\/strong><\/li>\n<\/ul>\n<p><img loading=\"lazy\" decoding=\"async\" class=\"wp-image-1499 aligncenter\" src=\"http:\/\/ecole.ac-nice.fr\/valbonne\/matgarbejaire\/wp-content\/uploads\/sites\/6\/2018\/02\/GS6_3-300x225.jpg\" alt=\"\" width=\"413\" height=\"310\" srcset=\"https:\/\/ecole.ac-nice.fr\/valbonne\/matgarbejaire\/wp-content\/uploads\/sites\/6\/2018\/02\/GS6_3-300x225.jpg 300w, https:\/\/ecole.ac-nice.fr\/valbonne\/matgarbejaire\/wp-content\/uploads\/sites\/6\/2018\/02\/GS6_3.jpg 640w\" sizes=\"auto, (max-width: 413px) 100vw, 413px\" \/><\/p>\n<p style=\"text-align: center\"><img loading=\"lazy\" decoding=\"async\" class=\"aligncenter wp-image-1498\" src=\"http:\/\/ecole.ac-nice.fr\/valbonne\/matgarbejaire\/wp-content\/uploads\/sites\/6\/2018\/02\/GS6_2-300x225.jpg\" alt=\"\" width=\"500\" height=\"375\" srcset=\"https:\/\/ecole.ac-nice.fr\/valbonne\/matgarbejaire\/wp-content\/uploads\/sites\/6\/2018\/02\/GS6_2-300x225.jpg 300w, https:\/\/ecole.ac-nice.fr\/valbonne\/matgarbejaire\/wp-content\/uploads\/sites\/6\/2018\/02\/GS6_2.jpg 640w\" sizes=\"auto, (max-width: 500px) 100vw, 500px\" \/><\/p>\n<ul>\n<li><strong><span style=\"color: #ff9900\">La journ\u00e9e de la galette \u00e9tait aussi l&rsquo;occasion d&rsquo;un atelier p\u00e2tisserie pour f\u00eater les anniversaires de janvier, voir l&rsquo;article en cliquant sur :<em><span style=\"color: #800000\"> <a style=\"color: #800000\" href=\"https:\/\/ecole.ac-nice.fr\/valbonne\/matgarbejaire\/blog\/2018\/01\/23\/anniversaires-01-18\/\">&lsquo;Anniversaires 01\/18&rsquo;<\/a><\/span><\/em><\/span><\/strong><\/li>\n<\/ul>\n<p style=\"text-align: center\"><img loading=\"lazy\" decoding=\"async\" class=\"alignnone size-medium wp-image-1290\" src=\"http:\/\/ecole.ac-nice.fr\/valbonne\/matgarbejaire\/wp-content\/uploads\/sites\/6\/2018\/01\/Janvier1-300x185.jpg\" alt=\"\" width=\"300\" height=\"185\" srcset=\"https:\/\/ecole.ac-nice.fr\/valbonne\/matgarbejaire\/wp-content\/uploads\/sites\/6\/2018\/01\/Janvier1-300x185.jpg 300w, https:\/\/ecole.ac-nice.fr\/valbonne\/matgarbejaire\/wp-content\/uploads\/sites\/6\/2018\/01\/Janvier1.jpg 583w\" sizes=\"auto, (max-width: 300px) 100vw, 300px\" \/><\/p>\n<ul>\n<li><strong><span style=\"color: #ff9900\">les journ\u00e9es de l&rsquo;osier, voir l&rsquo;article en cliquant sur :<em><span style=\"color: #800000\"> <a style=\"color: #800000\" href=\"https:\/\/ecole.ac-nice.fr\/valbonne\/matgarbejaire\/blog\/2018\/02\/12\/semaine-osier\/\">&lsquo;Semaine osier&rsquo;<\/a><\/span><\/em><\/span><\/strong><\/li>\n<\/ul>\n<p style=\"text-align: center\"><strong><span style=\"color: #ff9900\">Les \u00e9l\u00e8ves tr\u00e8s concentr\u00e9s en \u00e9coutant Florian<\/span><\/strong><\/p>\n<p style=\"text-align: center\"><img loading=\"lazy\" decoding=\"async\" class=\"alignnone wp-image-1501\" src=\"http:\/\/ecole.ac-nice.fr\/valbonne\/matgarbejaire\/wp-content\/uploads\/sites\/6\/2018\/02\/Osier1GS6-300x225.jpg\" alt=\"\" width=\"600\" height=\"450\" srcset=\"https:\/\/ecole.ac-nice.fr\/valbonne\/matgarbejaire\/wp-content\/uploads\/sites\/6\/2018\/02\/Osier1GS6-300x225.jpg 300w, https:\/\/ecole.ac-nice.fr\/valbonne\/matgarbejaire\/wp-content\/uploads\/sites\/6\/2018\/02\/Osier1GS6.jpg 640w\" sizes=\"auto, (max-width: 600px) 100vw, 600px\" \/><\/p>\n<p style=\"text-align: center\"><span style=\"color: #ff9900\"><strong>Quelques poissons en osier tress\u00e9s par les \u00e9l\u00e8ves<\/strong><\/span><\/p>\n<p style=\"text-align: center\"><img loading=\"lazy\" decoding=\"async\" class=\"alignnone wp-image-1502\" src=\"http:\/\/ecole.ac-nice.fr\/valbonne\/matgarbejaire\/wp-content\/uploads\/sites\/6\/2018\/02\/Osier4GS6-225x300.jpg\" alt=\"\" width=\"250\" height=\"333\" srcset=\"https:\/\/ecole.ac-nice.fr\/valbonne\/matgarbejaire\/wp-content\/uploads\/sites\/6\/2018\/02\/Osier4GS6-225x300.jpg 225w, https:\/\/ecole.ac-nice.fr\/valbonne\/matgarbejaire\/wp-content\/uploads\/sites\/6\/2018\/02\/Osier4GS6.jpg 480w\" sizes=\"auto, (max-width: 250px) 100vw, 250px\" \/>\u00a0\u00a0 <img loading=\"lazy\" decoding=\"async\" class=\"alignnone wp-image-1503\" src=\"http:\/\/ecole.ac-nice.fr\/valbonne\/matgarbejaire\/wp-content\/uploads\/sites\/6\/2018\/02\/Osier5GS6-225x300.jpg\" alt=\"\" width=\"250\" height=\"333\" srcset=\"https:\/\/ecole.ac-nice.fr\/valbonne\/matgarbejaire\/wp-content\/uploads\/sites\/6\/2018\/02\/Osier5GS6-225x300.jpg 225w, https:\/\/ecole.ac-nice.fr\/valbonne\/matgarbejaire\/wp-content\/uploads\/sites\/6\/2018\/02\/Osier5GS6.jpg 480w\" sizes=\"auto, (max-width: 250px) 100vw, 250px\" \/> <img loading=\"lazy\" decoding=\"async\" class=\"alignnone wp-image-1504\" src=\"http:\/\/ecole.ac-nice.fr\/valbonne\/matgarbejaire\/wp-content\/uploads\/sites\/6\/2018\/02\/Osier6GS6-300x225.jpg\" alt=\"\" width=\"250\" height=\"188\" srcset=\"https:\/\/ecole.ac-nice.fr\/valbonne\/matgarbejaire\/wp-content\/uploads\/sites\/6\/2018\/02\/Osier6GS6-300x225.jpg 300w, https:\/\/ecole.ac-nice.fr\/valbonne\/matgarbejaire\/wp-content\/uploads\/sites\/6\/2018\/02\/Osier6GS6.jpg 640w\" sizes=\"auto, (max-width: 250px) 100vw, 250px\" \/>\u00a0 <img loading=\"lazy\" decoding=\"async\" class=\"alignnone wp-image-1505\" src=\"http:\/\/ecole.ac-nice.fr\/valbonne\/matgarbejaire\/wp-content\/uploads\/sites\/6\/2018\/02\/Osier7GS6-300x225.jpg\" alt=\"\" width=\"250\" height=\"188\" srcset=\"https:\/\/ecole.ac-nice.fr\/valbonne\/matgarbejaire\/wp-content\/uploads\/sites\/6\/2018\/02\/Osier7GS6-300x225.jpg 300w, https:\/\/ecole.ac-nice.fr\/valbonne\/matgarbejaire\/wp-content\/uploads\/sites\/6\/2018\/02\/Osier7GS6.jpg 640w\" sizes=\"auto, (max-width: 250px) 100vw, 250px\" \/> <img loading=\"lazy\" decoding=\"async\" class=\"alignnone wp-image-1506 size-medium\" src=\"http:\/\/ecole.ac-nice.fr\/valbonne\/matgarbejaire\/wp-content\/uploads\/sites\/6\/2018\/02\/Osier8GS6-300x225.jpg\" alt=\"\" width=\"300\" height=\"225\" srcset=\"https:\/\/ecole.ac-nice.fr\/valbonne\/matgarbejaire\/wp-content\/uploads\/sites\/6\/2018\/02\/Osier8GS6-300x225.jpg 300w, https:\/\/ecole.ac-nice.fr\/valbonne\/matgarbejaire\/wp-content\/uploads\/sites\/6\/2018\/02\/Osier8GS6.jpg 640w\" sizes=\"auto, (max-width: 300px) 100vw, 300px\" \/><\/p>\n<ul>\n<li style=\"text-align: left\"><span style=\"color: #ff9900\"><strong>Et pour finir la p\u00e9riode en beaut\u00e9, le carnaval<\/strong><\/span><\/li>\n<\/ul>\n<p style=\"text-align: center\"><img loading=\"lazy\" decoding=\"async\" class=\"alignnone wp-image-1535 size-large\" src=\"http:\/\/ecole.ac-nice.fr\/valbonne\/matgarbejaire\/wp-content\/uploads\/sites\/6\/2018\/02\/Carnaval1-1024x576.jpg\" alt=\"\" width=\"604\" height=\"340\" srcset=\"https:\/\/ecole.ac-nice.fr\/valbonne\/matgarbejaire\/wp-content\/uploads\/sites\/6\/2018\/02\/Carnaval1-1024x576.jpg 1024w, https:\/\/ecole.ac-nice.fr\/valbonne\/matgarbejaire\/wp-content\/uploads\/sites\/6\/2018\/02\/Carnaval1-300x169.jpg 300w, https:\/\/ecole.ac-nice.fr\/valbonne\/matgarbejaire\/wp-content\/uploads\/sites\/6\/2018\/02\/Carnaval1-768x432.jpg 768w\" sizes=\"auto, (max-width: 604px) 100vw, 604px\" \/><\/p>\n<p><img loading=\"lazy\" decoding=\"async\" class=\"alignnone wp-image-1536 size-large\" src=\"http:\/\/ecole.ac-nice.fr\/valbonne\/matgarbejaire\/wp-content\/uploads\/sites\/6\/2018\/02\/Carnaval2-1024x576.jpg\" alt=\"\" width=\"604\" height=\"340\" srcset=\"https:\/\/ecole.ac-nice.fr\/valbonne\/matgarbejaire\/wp-content\/uploads\/sites\/6\/2018\/02\/Carnaval2-1024x576.jpg 1024w, https:\/\/ecole.ac-nice.fr\/valbonne\/matgarbejaire\/wp-content\/uploads\/sites\/6\/2018\/02\/Carnaval2-300x169.jpg 300w, https:\/\/ecole.ac-nice.fr\/valbonne\/matgarbejaire\/wp-content\/uploads\/sites\/6\/2018\/02\/Carnaval2-768x432.jpg 768w\" sizes=\"auto, (max-width: 604px) 100vw, 604px\" \/><\/p>\n<p><strong>Bon repos \u00e0 tous durant les vacances d&rsquo;hiver, afin d&rsquo;attaquer la p\u00e9riode 4 en pleine forme&#8230;<\/strong><\/p>\n","protected":false},"excerpt":{"rendered":"<p>PERIODE 3 EN CLASSE DE GS6 Cette troisi\u00e8me p\u00e9riode de l&rsquo;ann\u00e9e scolaire, du 8 janvier au 23 f\u00e9vrier 2018, se d\u00e9compose en 2 parties. Notre classe a d&rsquo;abord travaill\u00e9 sur le th\u00e8me de &lsquo;la galette des rois&rsquo; durant un peu plus de 2 semaines, voici quelques uns des albums \u00e9tudi\u00e9s: \u00a0 \u00a0 Puis nous nous &hellip; <a href=\"https:\/\/ecole.ac-nice.fr\/valbonne\/matgarbejaire\/blog\/2018\/02\/23\/bilan-periode-3-2\/\" class=\"more-link\">Continuer la lecture de <span class=\"screen-reader-text\">Bilan P\u00e9riode 3<\/span> <span class=\"meta-nav\">&rarr;<\/span><\/a><\/p>\n","protected":false},"author":6,"featured_media":0,"comment_status":"open","ping_status":"open","sticky":false,"template":"","format":"standard","meta":{"footnotes":""},"categories":[37,9],"tags":[],"class_list":["post-1468","post","type-post","status-publish","format-standard","hentry","category-2017-2018","category-gs6"],"_links":{"self":[{"href":"https:\/\/ecole.ac-nice.fr\/valbonne\/matgarbejaire\/wp-json\/wp\/v2\/posts\/1468","targetHints":{"allow":["GET"]}}],"collection":[{"href":"https:\/\/ecole.ac-nice.fr\/valbonne\/matgarbejaire\/wp-json\/wp\/v2\/posts"}],"about":[{"href":"https:\/\/ecole.ac-nice.fr\/valbonne\/matgarbejaire\/wp-json\/wp\/v2\/types\/post"}],"author":[{"embeddable":true,"href":"https:\/\/ecole.ac-nice.fr\/valbonne\/matgarbejaire\/wp-json\/wp\/v2\/users\/6"}],"replies":[{"embeddable":true,"href":"https:\/\/ecole.ac-nice.fr\/valbonne\/matgarbejaire\/wp-json\/wp\/v2\/comments?post=1468"}],"version-history":[{"count":13,"href":"https:\/\/ecole.ac-nice.fr\/valbonne\/matgarbejaire\/wp-json\/wp\/v2\/posts\/1468\/revisions"}],"predecessor-version":[{"id":1676,"href":"https:\/\/ecole.ac-nice.fr\/valbonne\/matgarbejaire\/wp-json\/wp\/v2\/posts\/1468\/revisions\/1676"}],"wp:attachment":[{"href":"https:\/\/ecole.ac-nice.fr\/valbonne\/matgarbejaire\/wp-json\/wp\/v2\/media?parent=1468"}],"wp:term":[{"taxonomy":"category","embeddable":true,"href":"https:\/\/ecole.ac-nice.fr\/valbonne\/matgarbejaire\/wp-json\/wp\/v2\/categories?post=1468"},{"taxonomy":"post_tag","embeddable":true,"href":"https:\/\/ecole.ac-nice.fr\/valbonne\/matgarbejaire\/wp-json\/wp\/v2\/tags?post=1468"}],"curies":[{"name":"wp","href":"https:\/\/api.w.org\/{rel}","templated":true}]}}