{"id":138,"date":"2017-02-10T20:00:38","date_gmt":"2017-02-10T19:00:38","guid":{"rendered":"http:\/\/ecole.ac-nice.fr\/valbonne\/matgarbejaire\/?p=138"},"modified":"2017-04-17T16:48:36","modified_gmt":"2017-04-17T14:48:36","slug":"projet-osier-gs6","status":"publish","type":"post","link":"https:\/\/ecole.ac-nice.fr\/valbonne\/matgarbejaire\/blog\/2017\/02\/10\/projet-osier-gs6\/","title":{"rendered":"Projet Osier &#8211; GS6"},"content":{"rendered":"<h1 style=\"text-align: center\"><span style=\"color: #008000\">Projet Osier dans la classe de GS6<\/span><\/h1>\n<h4 style=\"text-align: center\"><span style=\"color: #339966\">Lundi 6 f\u00e9vrier la classe de GS participait au projet Osier<\/span><\/h4>\n<h6 style=\"text-align: center\"><span style=\"color: #339966\">La d\u00e9couverte du m\u00e9tier de vannier au fil des saisons avec Florian<\/span><\/h6>\n<h6><span style=\"color: #339966\"><img loading=\"lazy\" decoding=\"async\" class=\"size-medium wp-image-147 aligncenter\" src=\"http:\/\/ecole.ac-nice.fr\/valbonne\/matgarbejaire\/wp-content\/uploads\/sites\/6\/2017\/02\/Osier15-300x225.jpg\" alt=\"\" width=\"300\" height=\"225\" srcset=\"https:\/\/ecole.ac-nice.fr\/valbonne\/matgarbejaire\/wp-content\/uploads\/sites\/6\/2017\/02\/Osier15-300x225.jpg 300w, https:\/\/ecole.ac-nice.fr\/valbonne\/matgarbejaire\/wp-content\/uploads\/sites\/6\/2017\/02\/Osier15-768x576.jpg 768w, https:\/\/ecole.ac-nice.fr\/valbonne\/matgarbejaire\/wp-content\/uploads\/sites\/6\/2017\/02\/Osier15.jpg 980w\" sizes=\"auto, (max-width: 300px) 100vw, 300px\" \/><\/span><\/h6>\n<h6><span style=\"color: #339966\"><img loading=\"lazy\" decoding=\"async\" class=\"size-medium wp-image-148 aligncenter\" src=\"http:\/\/ecole.ac-nice.fr\/valbonne\/matgarbejaire\/wp-content\/uploads\/sites\/6\/2017\/02\/Osier16-300x225.jpg\" alt=\"\" width=\"300\" height=\"225\" srcset=\"https:\/\/ecole.ac-nice.fr\/valbonne\/matgarbejaire\/wp-content\/uploads\/sites\/6\/2017\/02\/Osier16-300x225.jpg 300w, https:\/\/ecole.ac-nice.fr\/valbonne\/matgarbejaire\/wp-content\/uploads\/sites\/6\/2017\/02\/Osier16-768x576.jpg 768w, https:\/\/ecole.ac-nice.fr\/valbonne\/matgarbejaire\/wp-content\/uploads\/sites\/6\/2017\/02\/Osier16.jpg 980w\" sizes=\"auto, (max-width: 300px) 100vw, 300px\" \/><\/span><\/h6>\n<h6 style=\"text-align: center\"><span style=\"color: #339966\">Les ateliers accompagn\u00e9s par les parents d&rsquo;\u00e9l\u00e8ves, Pierre et Florian<\/span><\/h6>\n<h6 style=\"text-align: center\"><span style=\"color: #339966\">Le tissage<\/span><\/h6>\n<h6><span style=\"color: #339966\"><img loading=\"lazy\" decoding=\"async\" class=\"size-medium wp-image-139 aligncenter\" src=\"http:\/\/ecole.ac-nice.fr\/valbonne\/matgarbejaire\/wp-content\/uploads\/sites\/6\/2017\/02\/Osier7-225x300.jpg\" alt=\"\" width=\"225\" height=\"300\" srcset=\"https:\/\/ecole.ac-nice.fr\/valbonne\/matgarbejaire\/wp-content\/uploads\/sites\/6\/2017\/02\/Osier7-225x300.jpg 225w, https:\/\/ecole.ac-nice.fr\/valbonne\/matgarbejaire\/wp-content\/uploads\/sites\/6\/2017\/02\/Osier7.jpg 735w\" sizes=\"auto, (max-width: 225px) 100vw, 225px\" \/><\/span><\/h6>\n<h6 style=\"text-align: center\"><span style=\"color: #339966\">Le bouturage<\/span><\/h6>\n<h6><span style=\"color: #339966\"><img loading=\"lazy\" decoding=\"async\" class=\"size-medium wp-image-140 aligncenter\" src=\"http:\/\/ecole.ac-nice.fr\/valbonne\/matgarbejaire\/wp-content\/uploads\/sites\/6\/2017\/02\/Osier8-300x225.jpg\" alt=\"\" width=\"300\" height=\"225\" srcset=\"https:\/\/ecole.ac-nice.fr\/valbonne\/matgarbejaire\/wp-content\/uploads\/sites\/6\/2017\/02\/Osier8-300x225.jpg 300w, https:\/\/ecole.ac-nice.fr\/valbonne\/matgarbejaire\/wp-content\/uploads\/sites\/6\/2017\/02\/Osier8-768x576.jpg 768w, https:\/\/ecole.ac-nice.fr\/valbonne\/matgarbejaire\/wp-content\/uploads\/sites\/6\/2017\/02\/Osier8.jpg 980w\" sizes=\"auto, (max-width: 300px) 100vw, 300px\" \/><\/span><\/h6>\n<h6 style=\"text-align: center\"><span style=\"color: #339966\">Reconnaissance des essences de bois<\/span><\/h6>\n<h6><span style=\"color: #339966\"><img loading=\"lazy\" decoding=\"async\" class=\"size-medium wp-image-141 aligncenter\" src=\"http:\/\/ecole.ac-nice.fr\/valbonne\/matgarbejaire\/wp-content\/uploads\/sites\/6\/2017\/02\/Osier9-225x300.jpg\" alt=\"\" width=\"225\" height=\"300\" srcset=\"https:\/\/ecole.ac-nice.fr\/valbonne\/matgarbejaire\/wp-content\/uploads\/sites\/6\/2017\/02\/Osier9-225x300.jpg 225w, https:\/\/ecole.ac-nice.fr\/valbonne\/matgarbejaire\/wp-content\/uploads\/sites\/6\/2017\/02\/Osier9.jpg 735w\" sizes=\"auto, (max-width: 225px) 100vw, 225px\" \/><\/span><\/h6>\n<h6 style=\"text-align: center\"><span style=\"color: #339966\">Les plantations avec Pierre<\/span><\/h6>\n<p><img loading=\"lazy\" decoding=\"async\" class=\"size-medium wp-image-142 aligncenter\" src=\"http:\/\/ecole.ac-nice.fr\/valbonne\/matgarbejaire\/wp-content\/uploads\/sites\/6\/2017\/02\/Osier10-300x225.jpg\" alt=\"\" width=\"300\" height=\"225\" srcset=\"https:\/\/ecole.ac-nice.fr\/valbonne\/matgarbejaire\/wp-content\/uploads\/sites\/6\/2017\/02\/Osier10-300x225.jpg 300w, https:\/\/ecole.ac-nice.fr\/valbonne\/matgarbejaire\/wp-content\/uploads\/sites\/6\/2017\/02\/Osier10-768x576.jpg 768w, https:\/\/ecole.ac-nice.fr\/valbonne\/matgarbejaire\/wp-content\/uploads\/sites\/6\/2017\/02\/Osier10.jpg 980w\" sizes=\"auto, (max-width: 300px) 100vw, 300px\" \/><\/p>\n<p><img loading=\"lazy\" decoding=\"async\" class=\"size-medium wp-image-143 aligncenter\" src=\"http:\/\/ecole.ac-nice.fr\/valbonne\/matgarbejaire\/wp-content\/uploads\/sites\/6\/2017\/02\/Osier11-225x300.jpg\" alt=\"\" width=\"225\" height=\"300\" srcset=\"https:\/\/ecole.ac-nice.fr\/valbonne\/matgarbejaire\/wp-content\/uploads\/sites\/6\/2017\/02\/Osier11-225x300.jpg 225w, https:\/\/ecole.ac-nice.fr\/valbonne\/matgarbejaire\/wp-content\/uploads\/sites\/6\/2017\/02\/Osier11.jpg 735w\" sizes=\"auto, (max-width: 225px) 100vw, 225px\" \/><\/p>\n<p><img loading=\"lazy\" decoding=\"async\" class=\"size-medium wp-image-144 aligncenter\" src=\"http:\/\/ecole.ac-nice.fr\/valbonne\/matgarbejaire\/wp-content\/uploads\/sites\/6\/2017\/02\/Osier12-225x300.jpg\" alt=\"\" width=\"225\" height=\"300\" srcset=\"https:\/\/ecole.ac-nice.fr\/valbonne\/matgarbejaire\/wp-content\/uploads\/sites\/6\/2017\/02\/Osier12-225x300.jpg 225w, https:\/\/ecole.ac-nice.fr\/valbonne\/matgarbejaire\/wp-content\/uploads\/sites\/6\/2017\/02\/Osier12.jpg 735w\" sizes=\"auto, (max-width: 225px) 100vw, 225px\" \/><\/p>\n<p><img loading=\"lazy\" decoding=\"async\" class=\"size-medium wp-image-145 aligncenter\" src=\"http:\/\/ecole.ac-nice.fr\/valbonne\/matgarbejaire\/wp-content\/uploads\/sites\/6\/2017\/02\/Osier13-225x300.jpg\" alt=\"\" width=\"225\" height=\"300\" srcset=\"https:\/\/ecole.ac-nice.fr\/valbonne\/matgarbejaire\/wp-content\/uploads\/sites\/6\/2017\/02\/Osier13-225x300.jpg 225w, https:\/\/ecole.ac-nice.fr\/valbonne\/matgarbejaire\/wp-content\/uploads\/sites\/6\/2017\/02\/Osier13.jpg 735w\" sizes=\"auto, (max-width: 225px) 100vw, 225px\" \/><\/p>\n<p><img loading=\"lazy\" decoding=\"async\" class=\"size-medium wp-image-146 aligncenter\" src=\"http:\/\/ecole.ac-nice.fr\/valbonne\/matgarbejaire\/wp-content\/uploads\/sites\/6\/2017\/02\/Osier14-225x300.jpg\" alt=\"\" width=\"225\" height=\"300\" srcset=\"https:\/\/ecole.ac-nice.fr\/valbonne\/matgarbejaire\/wp-content\/uploads\/sites\/6\/2017\/02\/Osier14-225x300.jpg 225w, https:\/\/ecole.ac-nice.fr\/valbonne\/matgarbejaire\/wp-content\/uploads\/sites\/6\/2017\/02\/Osier14.jpg 735w\" sizes=\"auto, (max-width: 225px) 100vw, 225px\" \/><\/p>\n<p><strong><em><span style=\"color: #99cc00\">Merci \u00e0 Pierre, Florian et aux parents d&rsquo;\u00e9l\u00e8ves qui nous ont accompagn\u00e9s durant cette journ\u00e9e.<\/span><\/em><\/strong><\/p>\n<p>&nbsp;<\/p>\n<p>&nbsp;<\/p>\n","protected":false},"excerpt":{"rendered":"<p>Projet Osier dans la classe de GS6 Lundi 6 f\u00e9vrier la classe de GS participait au projet Osier La d\u00e9couverte du m\u00e9tier de vannier au fil des saisons avec Florian Les ateliers accompagn\u00e9s par les parents d&rsquo;\u00e9l\u00e8ves, Pierre et Florian Le tissage Le bouturage Reconnaissance des essences de bois Les plantations avec Pierre Merci \u00e0 &hellip; <a href=\"https:\/\/ecole.ac-nice.fr\/valbonne\/matgarbejaire\/blog\/2017\/02\/10\/projet-osier-gs6\/\" class=\"more-link\">Continuer la lecture de <span class=\"screen-reader-text\">Projet Osier &#8211; GS6<\/span> <span class=\"meta-nav\">&rarr;<\/span><\/a><\/p>\n","protected":false},"author":6,"featured_media":0,"comment_status":"open","ping_status":"open","sticky":false,"template":"","format":"standard","meta":{"footnotes":""},"categories":[3,9],"tags":[16],"class_list":["post-138","post","type-post","status-publish","format-standard","hentry","category-classes","category-gs6","tag-osier"],"_links":{"self":[{"href":"https:\/\/ecole.ac-nice.fr\/valbonne\/matgarbejaire\/wp-json\/wp\/v2\/posts\/138","targetHints":{"allow":["GET"]}}],"collection":[{"href":"https:\/\/ecole.ac-nice.fr\/valbonne\/matgarbejaire\/wp-json\/wp\/v2\/posts"}],"about":[{"href":"https:\/\/ecole.ac-nice.fr\/valbonne\/matgarbejaire\/wp-json\/wp\/v2\/types\/post"}],"author":[{"embeddable":true,"href":"https:\/\/ecole.ac-nice.fr\/valbonne\/matgarbejaire\/wp-json\/wp\/v2\/users\/6"}],"replies":[{"embeddable":true,"href":"https:\/\/ecole.ac-nice.fr\/valbonne\/matgarbejaire\/wp-json\/wp\/v2\/comments?post=138"}],"version-history":[{"count":4,"href":"https:\/\/ecole.ac-nice.fr\/valbonne\/matgarbejaire\/wp-json\/wp\/v2\/posts\/138\/revisions"}],"predecessor-version":[{"id":153,"href":"https:\/\/ecole.ac-nice.fr\/valbonne\/matgarbejaire\/wp-json\/wp\/v2\/posts\/138\/revisions\/153"}],"wp:attachment":[{"href":"https:\/\/ecole.ac-nice.fr\/valbonne\/matgarbejaire\/wp-json\/wp\/v2\/media?parent=138"}],"wp:term":[{"taxonomy":"category","embeddable":true,"href":"https:\/\/ecole.ac-nice.fr\/valbonne\/matgarbejaire\/wp-json\/wp\/v2\/categories?post=138"},{"taxonomy":"post_tag","embeddable":true,"href":"https:\/\/ecole.ac-nice.fr\/valbonne\/matgarbejaire\/wp-json\/wp\/v2\/tags?post=138"}],"curies":[{"name":"wp","href":"https:\/\/api.w.org\/{rel}","templated":true}]}}