{"id":1325,"date":"2018-01-24T14:28:59","date_gmt":"2018-01-24T13:28:59","guid":{"rendered":"http:\/\/ecole.ac-nice.fr\/valbonne\/matgarbejaire\/?p=1325"},"modified":"2018-01-27T09:27:10","modified_gmt":"2018-01-27T08:27:10","slug":"semaine-du-22-janvier","status":"publish","type":"post","link":"https:\/\/ecole.ac-nice.fr\/valbonne\/matgarbejaire\/blog\/2018\/01\/24\/semaine-du-22-janvier\/","title":{"rendered":"Semaine du 22 janvier"},"content":{"rendered":"<p>Mardi matin, nous avons cuisin\u00e9 des <span style=\"color: #ffcc00\"><strong>galettes \u00e0 la frangipane<\/strong><\/span> .<\/p>\n<p>1- Nous avons d\u00e9roul\u00e9 une p\u00e2te feuillet\u00e9e et nous l&rsquo;avons piqu\u00e9e avec une fourchette.<\/p>\n<p>2- Nous avons m\u00e9lang\u00e9 dans le saladier la poudre d&rsquo;amande, l\u2019\u0153uf et le beurre.<\/p>\n<p>3- Nous avons \u00e9tal\u00e9 la cr\u00e8me \u00e0 la frangipane sur la p\u00e2te.<\/p>\n<p>4- Nous avons recouvert la cr\u00e8me \u00e0 la frangipane avec la deuxi\u00e8me p\u00e2te feuillet\u00e9e et nous avons coll\u00e9 les bords.<\/p>\n<p>5-Nous avons d\u00e9cor\u00e9 et dor\u00e9 la p\u00e2te feuillet\u00e9e<\/p>\n<p>6- Bernadette l&rsquo;a mise \u00e0 cuire dans le four.<\/p>\n<p>L&rsquo;apr\u00e8s-midi, nous avons mis les <strong><span style=\"color: #ffcc00\">jolies couronnes<\/span><\/strong> que nous avions fabriqu\u00e9es et nous avons mang\u00e9 les galettes dans la cour avec tous les enfants de l&rsquo;\u00e9cole.<\/p>\n<div style=\"width: 604px;\" class=\"wp-video\"><video class=\"wp-video-shortcode\" id=\"video-1325-1\" width=\"604\" height=\"340\" preload=\"metadata\" controls=\"controls\"><source type=\"video\/mp4\" src=\"http:\/\/ecole.ac-nice.fr\/valbonne\/matgarbejaire\/wp-content\/uploads\/sites\/6\/2018\/01\/Galette_Petite-taille.mp4?_=1\" \/><a href=\"http:\/\/ecole.ac-nice.fr\/valbonne\/matgarbejaire\/wp-content\/uploads\/sites\/6\/2018\/01\/Galette_Petite-taille.mp4\">http:\/\/ecole.ac-nice.fr\/valbonne\/matgarbejaire\/wp-content\/uploads\/sites\/6\/2018\/01\/Galette_Petite-taille.mp4<\/a><\/video><\/div>\n<p>Nous avons dessin\u00e9 des <strong><span style=\"color: #ff6600\">rois et des reines<\/span><\/strong>.<\/p>\n<p><img loading=\"lazy\" decoding=\"async\" class=\"alignnone size-medium wp-image-1336\" src=\"http:\/\/ecole.ac-nice.fr\/valbonne\/matgarbejaire\/wp-content\/uploads\/sites\/6\/2018\/01\/009-300x103.jpg\" alt=\"\" width=\"300\" height=\"103\" srcset=\"https:\/\/ecole.ac-nice.fr\/valbonne\/matgarbejaire\/wp-content\/uploads\/sites\/6\/2018\/01\/009-300x103.jpg 300w, https:\/\/ecole.ac-nice.fr\/valbonne\/matgarbejaire\/wp-content\/uploads\/sites\/6\/2018\/01\/009-768x263.jpg 768w, https:\/\/ecole.ac-nice.fr\/valbonne\/matgarbejaire\/wp-content\/uploads\/sites\/6\/2018\/01\/009-1024x350.jpg 1024w\" sizes=\"auto, (max-width: 300px) 100vw, 300px\" \/><\/p>\n<p><img loading=\"lazy\" decoding=\"async\" class=\"alignnone wp-image-1337\" src=\"http:\/\/ecole.ac-nice.fr\/valbonne\/matgarbejaire\/wp-content\/uploads\/sites\/6\/2018\/01\/007-300x153.jpg\" alt=\"\" width=\"428\" height=\"218\" srcset=\"https:\/\/ecole.ac-nice.fr\/valbonne\/matgarbejaire\/wp-content\/uploads\/sites\/6\/2018\/01\/007-300x153.jpg 300w, https:\/\/ecole.ac-nice.fr\/valbonne\/matgarbejaire\/wp-content\/uploads\/sites\/6\/2018\/01\/007-768x392.jpg 768w, https:\/\/ecole.ac-nice.fr\/valbonne\/matgarbejaire\/wp-content\/uploads\/sites\/6\/2018\/01\/007-1024x522.jpg 1024w, https:\/\/ecole.ac-nice.fr\/valbonne\/matgarbejaire\/wp-content\/uploads\/sites\/6\/2018\/01\/007.jpg 2000w\" sizes=\"auto, (max-width: 428px) 100vw, 428px\" \/><\/p>\n<p><img loading=\"lazy\" decoding=\"async\" class=\"alignnone wp-image-1338\" src=\"http:\/\/ecole.ac-nice.fr\/valbonne\/matgarbejaire\/wp-content\/uploads\/sites\/6\/2018\/01\/008-300x146.jpg\" alt=\"\" width=\"432\" height=\"209\" srcset=\"https:\/\/ecole.ac-nice.fr\/valbonne\/matgarbejaire\/wp-content\/uploads\/sites\/6\/2018\/01\/008-300x146.jpg 300w, https:\/\/ecole.ac-nice.fr\/valbonne\/matgarbejaire\/wp-content\/uploads\/sites\/6\/2018\/01\/008-768x374.jpg 768w\" sizes=\"auto, (max-width: 432px) 100vw, 432px\" \/><\/p>\n<p>Au mois de f\u00e9vrier, nous allons fabriquer un objet en osier. Pour nous entra\u00eener, nous avons <strong><span style=\"color: #0000ff\">tress\u00e9 du papier<\/span><\/strong> \u00e0 la mani\u00e8re d&rsquo;Alberto Cont.<\/p>\n<p><img loading=\"lazy\" decoding=\"async\" class=\"alignnone wp-image-1335\" src=\"http:\/\/ecole.ac-nice.fr\/valbonne\/matgarbejaire\/wp-content\/uploads\/sites\/6\/2018\/01\/006-300x169.jpg\" alt=\"\" width=\"407\" height=\"228\" srcset=\"https:\/\/ecole.ac-nice.fr\/valbonne\/matgarbejaire\/wp-content\/uploads\/sites\/6\/2018\/01\/006-300x169.jpg 300w, https:\/\/ecole.ac-nice.fr\/valbonne\/matgarbejaire\/wp-content\/uploads\/sites\/6\/2018\/01\/006-768x432.jpg 768w, https:\/\/ecole.ac-nice.fr\/valbonne\/matgarbejaire\/wp-content\/uploads\/sites\/6\/2018\/01\/006-1024x576.jpg 1024w\" sizes=\"auto, (max-width: 407px) 100vw, 407px\" \/><\/p>\n<p>Vendredi, Nicolas nous a montr\u00e9 sa <span style=\"color: #339966\"><strong>contrebasse et son archet.<\/strong><\/span><\/p>\n<p><img loading=\"lazy\" decoding=\"async\" class=\"alignnone wp-image-1348\" src=\"http:\/\/ecole.ac-nice.fr\/valbonne\/matgarbejaire\/wp-content\/uploads\/sites\/6\/2018\/01\/DSC_0006-4-169x300.jpg\" alt=\"\" width=\"209\" height=\"371\" \/><img loading=\"lazy\" decoding=\"async\" class=\"alignnone wp-image-1349\" src=\"http:\/\/ecole.ac-nice.fr\/valbonne\/matgarbejaire\/wp-content\/uploads\/sites\/6\/2018\/01\/DSC_0006-5-169x300.jpg\" alt=\"\" width=\"239\" height=\"424\" \/><\/p>\n<p><span style=\"color: #ff0000\"><strong>Vendredi apr\u00e8s-midi<\/strong><\/span>, nous avons<strong><span style=\"color: #ff0000\"> jou\u00e9<\/span> <\/strong>comme d&rsquo;habitue au train, \u00e0 la marchande, aux poup\u00e9es, \u00e0 la d\u00eenette, aux l\u00e9gos, aux kaplas,&#8230;.. Voici quelques photos de nos constructions.<\/p>\n<div style=\"width: 604px;\" class=\"wp-video\"><video class=\"wp-video-shortcode\" id=\"video-1325-2\" width=\"604\" height=\"340\" preload=\"metadata\" controls=\"controls\"><source type=\"video\/mp4\" src=\"http:\/\/ecole.ac-nice.fr\/valbonne\/matgarbejaire\/wp-content\/uploads\/sites\/6\/2018\/01\/Jeux-de-construction_Petite-taille.mp4?_=2\" \/><a href=\"http:\/\/ecole.ac-nice.fr\/valbonne\/matgarbejaire\/wp-content\/uploads\/sites\/6\/2018\/01\/Jeux-de-construction_Petite-taille.mp4\">http:\/\/ecole.ac-nice.fr\/valbonne\/matgarbejaire\/wp-content\/uploads\/sites\/6\/2018\/01\/Jeux-de-construction_Petite-taille.mp4<\/a><\/video><\/div>\n<p>Nous avons enregistr\u00e9 des <span style=\"color: #993366\"><strong>chants et des comptines<\/strong><\/span>. Vous pouvez les retrouv\u00e9 dans la rubrique: Dans les classes\/MS-GS5\/ 2017-2018\/Chants et comptines:<\/p>\n<p><a href=\"https:\/\/ecole.ac-nice.fr\/valbonne\/matgarbejaire\/blog\/2018\/01\/24\/atchoum\/\">https:\/\/ecole.ac-nice.fr\/valbonne\/matgarbejaire\/blog\/2018\/01\/24\/atchoum\/<\/a><\/p>\n<p><a href=\"https:\/\/ecole.ac-nice.fr\/valbonne\/matgarbejaire\/blog\/2018\/01\/24\/magique-moustique\/\">https:\/\/ecole.ac-nice.fr\/valbonne\/matgarbejaire\/blog\/2018\/01\/24\/magique-moustique\/<\/a><\/p>\n<p><a href=\"https:\/\/ecole.ac-nice.fr\/valbonne\/matgarbejaire\/blog\/2018\/01\/26\/la-varicelle\/\">https:\/\/ecole.ac-nice.fr\/valbonne\/matgarbejaire\/blog\/2018\/01\/26\/la-varicelle\/<\/a><\/p>\n<p><a href=\"https:\/\/ecole.ac-nice.fr\/valbonne\/matgarbejaire\/blog\/2018\/01\/26\/ma-main\/\">https:\/\/ecole.ac-nice.fr\/valbonne\/matgarbejaire\/blog\/2018\/01\/26\/ma-main\/<\/a><\/p>\n<p>&nbsp;<\/p>\n<p>&nbsp;<\/p>\n<p>&nbsp;<\/p>\n<p>&nbsp;<\/p>\n","protected":false},"excerpt":{"rendered":"<p>Mardi matin, nous avons cuisin\u00e9 des galettes \u00e0 la frangipane . 1- Nous avons d\u00e9roul\u00e9 une p\u00e2te feuillet\u00e9e et nous l&rsquo;avons piqu\u00e9e avec une fourchette. 2- Nous avons m\u00e9lang\u00e9 dans le saladier la poudre d&rsquo;amande, l\u2019\u0153uf et le beurre. 3- Nous avons \u00e9tal\u00e9 la cr\u00e8me \u00e0 la frangipane sur la p\u00e2te. 4- Nous avons recouvert &hellip; <a href=\"https:\/\/ecole.ac-nice.fr\/valbonne\/matgarbejaire\/blog\/2018\/01\/24\/semaine-du-22-janvier\/\" class=\"more-link\">Continuer la lecture de <span class=\"screen-reader-text\">Semaine du 22 janvier<\/span> <span class=\"meta-nav\">&rarr;<\/span><\/a><\/p>\n","protected":false},"author":6,"featured_media":0,"comment_status":"open","ping_status":"open","sticky":false,"template":"","format":"standard","meta":{"footnotes":""},"categories":[41,26,56],"tags":[],"class_list":["post-1325","post","type-post","status-publish","format-standard","hentry","category-2017-2018-ms-gs5","category-ms-gs5","category-troisieme-periode"],"_links":{"self":[{"href":"https:\/\/ecole.ac-nice.fr\/valbonne\/matgarbejaire\/wp-json\/wp\/v2\/posts\/1325","targetHints":{"allow":["GET"]}}],"collection":[{"href":"https:\/\/ecole.ac-nice.fr\/valbonne\/matgarbejaire\/wp-json\/wp\/v2\/posts"}],"about":[{"href":"https:\/\/ecole.ac-nice.fr\/valbonne\/matgarbejaire\/wp-json\/wp\/v2\/types\/post"}],"author":[{"embeddable":true,"href":"https:\/\/ecole.ac-nice.fr\/valbonne\/matgarbejaire\/wp-json\/wp\/v2\/users\/6"}],"replies":[{"embeddable":true,"href":"https:\/\/ecole.ac-nice.fr\/valbonne\/matgarbejaire\/wp-json\/wp\/v2\/comments?post=1325"}],"version-history":[{"count":7,"href":"https:\/\/ecole.ac-nice.fr\/valbonne\/matgarbejaire\/wp-json\/wp\/v2\/posts\/1325\/revisions"}],"predecessor-version":[{"id":1355,"href":"https:\/\/ecole.ac-nice.fr\/valbonne\/matgarbejaire\/wp-json\/wp\/v2\/posts\/1325\/revisions\/1355"}],"wp:attachment":[{"href":"https:\/\/ecole.ac-nice.fr\/valbonne\/matgarbejaire\/wp-json\/wp\/v2\/media?parent=1325"}],"wp:term":[{"taxonomy":"category","embeddable":true,"href":"https:\/\/ecole.ac-nice.fr\/valbonne\/matgarbejaire\/wp-json\/wp\/v2\/categories?post=1325"},{"taxonomy":"post_tag","embeddable":true,"href":"https:\/\/ecole.ac-nice.fr\/valbonne\/matgarbejaire\/wp-json\/wp\/v2\/tags?post=1325"}],"curies":[{"name":"wp","href":"https:\/\/api.w.org\/{rel}","templated":true}]}}