{"id":1221,"date":"2017-12-25T10:27:47","date_gmt":"2017-12-25T09:27:47","guid":{"rendered":"http:\/\/ecole.ac-nice.fr\/valbonne\/matgarbejaire\/?p=1221"},"modified":"2017-12-30T15:09:30","modified_gmt":"2017-12-30T14:09:30","slug":"bilan-periode-2","status":"publish","type":"post","link":"https:\/\/ecole.ac-nice.fr\/valbonne\/matgarbejaire\/blog\/2017\/12\/25\/bilan-periode-2\/","title":{"rendered":"Bilan P\u00e9riode 2"},"content":{"rendered":"<h2 style=\"text-align: center\">P\u00e9riode 2 en classe de GS6<\/h2>\n<p>Cette deuxi\u00e8me p\u00e9riode \u00e9tait d\u00e9coup\u00e9e en 2 parties. Durant les trois premi\u00e8res semaines, nous avons poursuivi notre projet sur l&rsquo;alphabet initi\u00e9 en p\u00e9riode 1.<\/p>\n<p style=\"text-align: center\"><strong><span style=\"color: #3366ff\">PROJET ALPHABET<\/span><\/strong><\/p>\n<p style=\"text-align: center\"><img loading=\"lazy\" decoding=\"async\" class=\"alignnone wp-image-1223\" src=\"http:\/\/ecole.ac-nice.fr\/valbonne\/matgarbejaire\/wp-content\/uploads\/sites\/6\/2017\/12\/Projet2-300x225.jpg\" alt=\"\" width=\"500\" height=\"375\" srcset=\"https:\/\/ecole.ac-nice.fr\/valbonne\/matgarbejaire\/wp-content\/uploads\/sites\/6\/2017\/12\/Projet2-300x225.jpg 300w, https:\/\/ecole.ac-nice.fr\/valbonne\/matgarbejaire\/wp-content\/uploads\/sites\/6\/2017\/12\/Projet2.jpg 640w\" sizes=\"auto, (max-width: 500px) 100vw, 500px\" \/><\/p>\n<p>Puis nous avons poursuivi par un projet sur le th\u00e8me de No\u00ebl, plus pr\u00e9cis\u00e9ment en rapport avec le sapin de No\u00ebl.<\/p>\n<p style=\"text-align: center\"><strong><span style=\"color: #ff0000\">Projet<\/span> <span style=\"color: #339966\">NOEL<\/span><\/strong><\/p>\n<p style=\"text-align: center\"><img loading=\"lazy\" decoding=\"async\" class=\"alignnone wp-image-1240\" src=\"http:\/\/ecole.ac-nice.fr\/valbonne\/matgarbejaire\/wp-content\/uploads\/sites\/6\/2017\/12\/Projet3-300x225.jpg\" alt=\"\" width=\"500\" height=\"375\" srcset=\"https:\/\/ecole.ac-nice.fr\/valbonne\/matgarbejaire\/wp-content\/uploads\/sites\/6\/2017\/12\/Projet3-300x225.jpg 300w, https:\/\/ecole.ac-nice.fr\/valbonne\/matgarbejaire\/wp-content\/uploads\/sites\/6\/2017\/12\/Projet3.jpg 640w\" sizes=\"auto, (max-width: 500px) 100vw, 500px\" \/><\/p>\n<p>Du c\u00f4t\u00e9 des arts plastiques, nous avons travaill\u00e9 autour du pr\u00e9nom, voir article <a href=\"https:\/\/ecole.ac-nice.fr\/valbonne\/matgarbejaire\/blog\/2017\/11\/23\/arts-plastiques-3\/\">Arts plastiques (3) <\/a><\/p>\n<p style=\"text-align: center\"><strong><span style=\"color: #ff6600\">Pr\u00e9noms vagues<\/span>\u00a0\u00a0<\/strong>\u00a0\u00a0\u00a0\u00a0\u00a0\u00a0\u00a0\u00a0\u00a0\u00a0\u00a0\u00a0\u00a0\u00a0\u00a0\u00a0 \u00a0 \u00a0 \u00a0 \u00a0 \u00a0 \u00a0\u00a0\u00a0\u00a0\u00a0\u00a0\u00a0\u00a0\u00a0\u00a0\u00a0\u00a0\u00a0\u00a0\u00a0\u00a0\u00a0\u00a0\u00a0\u00a0\u00a0 <strong><span style=\"color: #cc99ff\">Pr\u00e9noms contrast\u00e9s<\/span><\/strong><img loading=\"lazy\" decoding=\"async\" class=\"alignnone wp-image-1071\" src=\"http:\/\/ecole.ac-nice.fr\/valbonne\/matgarbejaire\/wp-content\/uploads\/sites\/6\/2017\/11\/Prenoms4-300x225.jpg\" alt=\"\" width=\"280\" height=\"210\" srcset=\"https:\/\/ecole.ac-nice.fr\/valbonne\/matgarbejaire\/wp-content\/uploads\/sites\/6\/2017\/11\/Prenoms4-300x225.jpg 300w, https:\/\/ecole.ac-nice.fr\/valbonne\/matgarbejaire\/wp-content\/uploads\/sites\/6\/2017\/11\/Prenoms4.jpg 640w\" sizes=\"auto, (max-width: 280px) 100vw, 280px\" \/> <img loading=\"lazy\" decoding=\"async\" class=\"alignnone wp-image-1069\" src=\"http:\/\/ecole.ac-nice.fr\/valbonne\/matgarbejaire\/wp-content\/uploads\/sites\/6\/2017\/11\/Prenoms2-300x225.jpg\" alt=\"\" width=\"280\" height=\"210\" srcset=\"https:\/\/ecole.ac-nice.fr\/valbonne\/matgarbejaire\/wp-content\/uploads\/sites\/6\/2017\/11\/Prenoms2-300x225.jpg 300w, https:\/\/ecole.ac-nice.fr\/valbonne\/matgarbejaire\/wp-content\/uploads\/sites\/6\/2017\/11\/Prenoms2.jpg 640w\" sizes=\"auto, (max-width: 280px) 100vw, 280px\" \/><\/p>\n<p>Le reste de la p\u00e9riode a \u00e9t\u00e9 consacr\u00e9 \u00e0 la cr\u00e9ation du calendrier de l&rsquo;avent, des cartes et des objets de No\u00ebl 2017, les voici en images:<\/p>\n<p style=\"text-align: center\"><strong><span style=\"color: #ff0000\">Calendrier de l&rsquo;Avent<\/span><\/strong><\/p>\n<p style=\"text-align: center\"><img loading=\"lazy\" decoding=\"async\" class=\"alignnone wp-image-1132 size-full\" src=\"http:\/\/ecole.ac-nice.fr\/valbonne\/matgarbejaire\/wp-content\/uploads\/sites\/6\/2017\/12\/Calendrier1.jpg\" alt=\"\" width=\"480\" height=\"640\" srcset=\"https:\/\/ecole.ac-nice.fr\/valbonne\/matgarbejaire\/wp-content\/uploads\/sites\/6\/2017\/12\/Calendrier1.jpg 480w, https:\/\/ecole.ac-nice.fr\/valbonne\/matgarbejaire\/wp-content\/uploads\/sites\/6\/2017\/12\/Calendrier1-225x300.jpg 225w\" sizes=\"auto, (max-width: 480px) 100vw, 480px\" \/><\/p>\n<p style=\"text-align: center\"><strong><span style=\"color: #ff0000\">Les cartes de voeux 2017<\/span><\/strong><\/p>\n<p style=\"text-align: center\"><span style=\"color: #418241\"><strong>Cartes bonhomme de neige en b\u00e2tonnets<\/strong><\/span><\/p>\n<p style=\"text-align: center\"><img loading=\"lazy\" decoding=\"async\" class=\"alignnone size-medium wp-image-1226\" src=\"http:\/\/ecole.ac-nice.fr\/valbonne\/matgarbejaire\/wp-content\/uploads\/sites\/6\/2017\/12\/Carte1_1-256x300.jpg\" alt=\"\" width=\"256\" height=\"300\" srcset=\"https:\/\/ecole.ac-nice.fr\/valbonne\/matgarbejaire\/wp-content\/uploads\/sites\/6\/2017\/12\/Carte1_1-256x300.jpg 256w, https:\/\/ecole.ac-nice.fr\/valbonne\/matgarbejaire\/wp-content\/uploads\/sites\/6\/2017\/12\/Carte1_1.jpg 411w\" sizes=\"auto, (max-width: 256px) 100vw, 256px\" \/> <img loading=\"lazy\" decoding=\"async\" class=\"alignnone size-medium wp-image-1227\" src=\"http:\/\/ecole.ac-nice.fr\/valbonne\/matgarbejaire\/wp-content\/uploads\/sites\/6\/2017\/12\/Carte1_2-225x300.jpg\" alt=\"\" width=\"225\" height=\"300\" srcset=\"https:\/\/ecole.ac-nice.fr\/valbonne\/matgarbejaire\/wp-content\/uploads\/sites\/6\/2017\/12\/Carte1_2-225x300.jpg 225w, https:\/\/ecole.ac-nice.fr\/valbonne\/matgarbejaire\/wp-content\/uploads\/sites\/6\/2017\/12\/Carte1_2.jpg 480w\" sizes=\"auto, (max-width: 225px) 100vw, 225px\" \/><\/p>\n<p style=\"text-align: center\"><strong><span style=\"color: #418241\">Cartes \u00e9toiles en carton ondul\u00e9<\/span><\/strong><\/p>\n<p style=\"text-align: center\"><img loading=\"lazy\" decoding=\"async\" class=\"alignnone size-medium wp-image-1228\" src=\"http:\/\/ecole.ac-nice.fr\/valbonne\/matgarbejaire\/wp-content\/uploads\/sites\/6\/2017\/12\/Carte2_1-225x300.jpg\" alt=\"\" width=\"225\" height=\"300\" srcset=\"https:\/\/ecole.ac-nice.fr\/valbonne\/matgarbejaire\/wp-content\/uploads\/sites\/6\/2017\/12\/Carte2_1-225x300.jpg 225w, https:\/\/ecole.ac-nice.fr\/valbonne\/matgarbejaire\/wp-content\/uploads\/sites\/6\/2017\/12\/Carte2_1.jpg 480w\" sizes=\"auto, (max-width: 225px) 100vw, 225px\" \/> <img loading=\"lazy\" decoding=\"async\" class=\"alignnone size-medium wp-image-1229\" src=\"http:\/\/ecole.ac-nice.fr\/valbonne\/matgarbejaire\/wp-content\/uploads\/sites\/6\/2017\/12\/Carte2_2-225x300.jpg\" alt=\"\" width=\"225\" height=\"300\" srcset=\"https:\/\/ecole.ac-nice.fr\/valbonne\/matgarbejaire\/wp-content\/uploads\/sites\/6\/2017\/12\/Carte2_2-225x300.jpg 225w, https:\/\/ecole.ac-nice.fr\/valbonne\/matgarbejaire\/wp-content\/uploads\/sites\/6\/2017\/12\/Carte2_2.jpg 480w\" sizes=\"auto, (max-width: 225px) 100vw, 225px\" \/><\/p>\n<p style=\"text-align: center\"><strong><span style=\"color: #418241\">Cartes sapin brod\u00e9<\/span><\/strong><\/p>\n<p style=\"text-align: center\"><img loading=\"lazy\" decoding=\"async\" class=\"alignnone wp-image-1230\" src=\"http:\/\/ecole.ac-nice.fr\/valbonne\/matgarbejaire\/wp-content\/uploads\/sites\/6\/2017\/12\/Carte3_1-300x232.jpg\" alt=\"\" width=\"388\" height=\"300\" srcset=\"https:\/\/ecole.ac-nice.fr\/valbonne\/matgarbejaire\/wp-content\/uploads\/sites\/6\/2017\/12\/Carte3_1-300x232.jpg 300w, https:\/\/ecole.ac-nice.fr\/valbonne\/matgarbejaire\/wp-content\/uploads\/sites\/6\/2017\/12\/Carte3_1.jpg 522w\" sizes=\"auto, (max-width: 388px) 100vw, 388px\" \/><\/p>\n<p style=\"text-align: center\"><img loading=\"lazy\" decoding=\"async\" class=\"alignnone size-medium wp-image-1231\" src=\"http:\/\/ecole.ac-nice.fr\/valbonne\/matgarbejaire\/wp-content\/uploads\/sites\/6\/2017\/12\/Carte3_2-208x300.jpg\" alt=\"\" width=\"208\" height=\"300\" srcset=\"https:\/\/ecole.ac-nice.fr\/valbonne\/matgarbejaire\/wp-content\/uploads\/sites\/6\/2017\/12\/Carte3_2-208x300.jpg 208w, https:\/\/ecole.ac-nice.fr\/valbonne\/matgarbejaire\/wp-content\/uploads\/sites\/6\/2017\/12\/Carte3_2.jpg 330w\" sizes=\"auto, (max-width: 208px) 100vw, 208px\" \/> <img loading=\"lazy\" decoding=\"async\" class=\"alignnone size-medium wp-image-1232\" src=\"http:\/\/ecole.ac-nice.fr\/valbonne\/matgarbejaire\/wp-content\/uploads\/sites\/6\/2017\/12\/Carte3_3-222x300.jpg\" alt=\"\" width=\"222\" height=\"300\" srcset=\"https:\/\/ecole.ac-nice.fr\/valbonne\/matgarbejaire\/wp-content\/uploads\/sites\/6\/2017\/12\/Carte3_3-222x300.jpg 222w, https:\/\/ecole.ac-nice.fr\/valbonne\/matgarbejaire\/wp-content\/uploads\/sites\/6\/2017\/12\/Carte3_3.jpg 344w\" sizes=\"auto, (max-width: 222px) 100vw, 222px\" \/><\/p>\n<p style=\"text-align: center\"><strong><span style=\"color: #ff0000\">Les objets de No\u00ebl<\/span><\/strong><\/p>\n<p style=\"text-align: center\"><strong><span style=\"color: #418241\">Le bougeoir de No\u00ebl<\/span><\/strong><\/p>\n<p style=\"text-align: center\"><img loading=\"lazy\" decoding=\"async\" class=\"alignnone wp-image-1236\" src=\"http:\/\/ecole.ac-nice.fr\/valbonne\/matgarbejaire\/wp-content\/uploads\/sites\/6\/2017\/12\/Bougeoirs-300x225.jpg\" alt=\"\" width=\"500\" height=\"375\" srcset=\"https:\/\/ecole.ac-nice.fr\/valbonne\/matgarbejaire\/wp-content\/uploads\/sites\/6\/2017\/12\/Bougeoirs-300x225.jpg 300w, https:\/\/ecole.ac-nice.fr\/valbonne\/matgarbejaire\/wp-content\/uploads\/sites\/6\/2017\/12\/Bougeoirs.jpg 640w\" sizes=\"auto, (max-width: 500px) 100vw, 500px\" \/><\/p>\n<p style=\"text-align: center\"><strong><span style=\"color: #418241\">Bonhomme de neige d\u00e9coration de table<\/span><\/strong><\/p>\n<p><img loading=\"lazy\" decoding=\"async\" class=\"alignnone wp-image-1238\" src=\"http:\/\/ecole.ac-nice.fr\/valbonne\/matgarbejaire\/wp-content\/uploads\/sites\/6\/2017\/12\/Bonhomme2-225x300.jpg\" alt=\"\" width=\"180\" height=\"240\" srcset=\"https:\/\/ecole.ac-nice.fr\/valbonne\/matgarbejaire\/wp-content\/uploads\/sites\/6\/2017\/12\/Bonhomme2-225x300.jpg 225w, https:\/\/ecole.ac-nice.fr\/valbonne\/matgarbejaire\/wp-content\/uploads\/sites\/6\/2017\/12\/Bonhomme2.jpg 480w\" sizes=\"auto, (max-width: 180px) 100vw, 180px\" \/><img loading=\"lazy\" decoding=\"async\" class=\"alignnone wp-image-1237\" src=\"http:\/\/ecole.ac-nice.fr\/valbonne\/matgarbejaire\/wp-content\/uploads\/sites\/6\/2017\/12\/Bonhomme1-225x300.jpg\" alt=\"\" width=\"180\" height=\"240\" srcset=\"https:\/\/ecole.ac-nice.fr\/valbonne\/matgarbejaire\/wp-content\/uploads\/sites\/6\/2017\/12\/Bonhomme1-225x300.jpg 225w, https:\/\/ecole.ac-nice.fr\/valbonne\/matgarbejaire\/wp-content\/uploads\/sites\/6\/2017\/12\/Bonhomme1.jpg 480w\" sizes=\"auto, (max-width: 180px) 100vw, 180px\" \/><img loading=\"lazy\" decoding=\"async\" class=\"alignnone wp-image-1239\" src=\"http:\/\/ecole.ac-nice.fr\/valbonne\/matgarbejaire\/wp-content\/uploads\/sites\/6\/2017\/12\/Bonhomme3-225x300.jpg\" alt=\"\" width=\"180\" height=\"240\" srcset=\"https:\/\/ecole.ac-nice.fr\/valbonne\/matgarbejaire\/wp-content\/uploads\/sites\/6\/2017\/12\/Bonhomme3-225x300.jpg 225w, https:\/\/ecole.ac-nice.fr\/valbonne\/matgarbejaire\/wp-content\/uploads\/sites\/6\/2017\/12\/Bonhomme3.jpg 480w\" sizes=\"auto, (max-width: 180px) 100vw, 180px\" \/><\/p>\n<p>Bien s\u00fbr nous avons poursuivi notre projet musique avec Nicolas, autour des rythmes et des mouvements.<\/p>\n<p style=\"text-align: center\"><strong>S\u00e9ance dans la salle polyvalente<\/strong><\/p>\n<p style=\"text-align: center\"><img loading=\"lazy\" decoding=\"async\" class=\"alignnone wp-image-1241\" src=\"http:\/\/ecole.ac-nice.fr\/valbonne\/matgarbejaire\/wp-content\/uploads\/sites\/6\/2017\/12\/Musique3-e1514641160864-300x224.jpg\" alt=\"\" width=\"500\" height=\"373\" srcset=\"https:\/\/ecole.ac-nice.fr\/valbonne\/matgarbejaire\/wp-content\/uploads\/sites\/6\/2017\/12\/Musique3-e1514641160864-300x224.jpg 300w, https:\/\/ecole.ac-nice.fr\/valbonne\/matgarbejaire\/wp-content\/uploads\/sites\/6\/2017\/12\/Musique3-e1514641160864-768x574.jpg 768w, https:\/\/ecole.ac-nice.fr\/valbonne\/matgarbejaire\/wp-content\/uploads\/sites\/6\/2017\/12\/Musique3-e1514641160864-1024x765.jpg 1024w\" sizes=\"auto, (max-width: 500px) 100vw, 500px\" \/><\/p>\n<p style=\"text-align: center\"><img loading=\"lazy\" decoding=\"async\" class=\"alignnone wp-image-1242\" src=\"http:\/\/ecole.ac-nice.fr\/valbonne\/matgarbejaire\/wp-content\/uploads\/sites\/6\/2017\/12\/Musique4-300x225.jpg\" alt=\"\" width=\"500\" height=\"375\" srcset=\"https:\/\/ecole.ac-nice.fr\/valbonne\/matgarbejaire\/wp-content\/uploads\/sites\/6\/2017\/12\/Musique4-300x225.jpg 300w, https:\/\/ecole.ac-nice.fr\/valbonne\/matgarbejaire\/wp-content\/uploads\/sites\/6\/2017\/12\/Musique4-768x576.jpg 768w, https:\/\/ecole.ac-nice.fr\/valbonne\/matgarbejaire\/wp-content\/uploads\/sites\/6\/2017\/12\/Musique4-1024x768.jpg 1024w, https:\/\/ecole.ac-nice.fr\/valbonne\/matgarbejaire\/wp-content\/uploads\/sites\/6\/2017\/12\/Musique4.jpg 1600w\" sizes=\"auto, (max-width: 500px) 100vw, 500px\" \/><\/p>\n<p>Comme pr\u00e9sent\u00e9 dans l&rsquo;article<a href=\"https:\/\/ecole.ac-nice.fr\/valbonne\/matgarbejaire\/blog\/2017\/11\/18\/initiation-italien\/\"> &lsquo;Initiation Italien&rsquo;<\/a> , nous avons \u00e9galement poursuivi notre nos s\u00e9ances d&rsquo;Italien avec Mara. Nous avons d\u00e9j\u00e0 \u00e9tudi\u00e9 deux aventures de Hocus et Lotus nos petits dinocrocs.<\/p>\n<p><img loading=\"lazy\" decoding=\"async\" class=\"alignnone wp-image-1225 size-full\" src=\"http:\/\/ecole.ac-nice.fr\/valbonne\/matgarbejaire\/wp-content\/uploads\/sites\/6\/2017\/12\/Albums1et2.jpg\" alt=\"\" width=\"637\" height=\"297\" srcset=\"https:\/\/ecole.ac-nice.fr\/valbonne\/matgarbejaire\/wp-content\/uploads\/sites\/6\/2017\/12\/Albums1et2.jpg 637w, https:\/\/ecole.ac-nice.fr\/valbonne\/matgarbejaire\/wp-content\/uploads\/sites\/6\/2017\/12\/Albums1et2-300x140.jpg 300w\" sizes=\"auto, (max-width: 637px) 100vw, 637px\" \/><\/p>\n<p style=\"text-align: center\"><strong>S\u00e9ance en classe avec Mara<\/strong><\/p>\n<p style=\"text-align: center\"><img loading=\"lazy\" decoding=\"async\" class=\"alignnone wp-image-1233\" src=\"http:\/\/ecole.ac-nice.fr\/valbonne\/matgarbejaire\/wp-content\/uploads\/sites\/6\/2017\/12\/Italien2-300x225.jpg\" alt=\"\" width=\"500\" height=\"375\" srcset=\"https:\/\/ecole.ac-nice.fr\/valbonne\/matgarbejaire\/wp-content\/uploads\/sites\/6\/2017\/12\/Italien2-300x225.jpg 300w, https:\/\/ecole.ac-nice.fr\/valbonne\/matgarbejaire\/wp-content\/uploads\/sites\/6\/2017\/12\/Italien2.jpg 640w\" sizes=\"auto, (max-width: 500px) 100vw, 500px\" \/><\/p>\n<p>Viendront s&rsquo;ajouter au moins deux nouvelles aventures durant la p\u00e9riode 3 d&rsquo;ici les vacances de f\u00e9vrier.<\/p>\n<p>Plusieurs sorties et spectacles \u00e9taient \u00e9galement \u00e0 l&rsquo;ordre du jour, nous avons d&rsquo;abord assist\u00e9 fin novembre \u00e0 un spectacle de marionnettes, d&rsquo;ombres et lumi\u00e8res dans le cadre du festival Enfantillages, organis\u00e9 par la mairie de Valbonne (voir article <a href=\"https:\/\/ecole.ac-nice.fr\/valbonne\/matgarbejaire\/blog\/2017\/12\/02\/festival-enfantillages\/\">&lsquo;Enfantillages&rsquo;<\/a>).<\/p>\n<p style=\"text-align: center\"><strong>\u00ab\u00a0Attends je joue\u00a0\u00bb, 29 novembre 2017<\/strong><\/p>\n<p style=\"text-align: center\"><img loading=\"lazy\" decoding=\"async\" class=\"alignnone size-medium wp-image-1141\" src=\"http:\/\/ecole.ac-nice.fr\/valbonne\/matgarbejaire\/wp-content\/uploads\/sites\/6\/2017\/12\/Enfantillages3-300x225.jpg\" alt=\"\" width=\"300\" height=\"225\" srcset=\"https:\/\/ecole.ac-nice.fr\/valbonne\/matgarbejaire\/wp-content\/uploads\/sites\/6\/2017\/12\/Enfantillages3-300x225.jpg 300w, https:\/\/ecole.ac-nice.fr\/valbonne\/matgarbejaire\/wp-content\/uploads\/sites\/6\/2017\/12\/Enfantillages3.jpg 640w\" sizes=\"auto, (max-width: 300px) 100vw, 300px\" \/><\/p>\n<p>Puis David Razon, conteur de la compagnie de La Hulotte, nous a pr\u00e9sent\u00e9 son spectacle &lsquo;S&rsquo;il suffisait d&rsquo;y croire&rsquo; le 11 d\u00e9cembre (voir article <a href=\"https:\/\/ecole.ac-nice.fr\/valbonne\/matgarbejaire\/blog\/2017\/12\/11\/spectacle-noel\/\">&lsquo;Spectacle No\u00ebl&rsquo;<\/a>).<\/p>\n<p style=\"text-align: center\"><img loading=\"lazy\" decoding=\"async\" class=\"alignnone wp-image-1177\" src=\"http:\/\/ecole.ac-nice.fr\/valbonne\/matgarbejaire\/wp-content\/uploads\/sites\/6\/2017\/12\/ConteurMSGS2-300x225.jpg\" alt=\"\" width=\"500\" height=\"375\" srcset=\"https:\/\/ecole.ac-nice.fr\/valbonne\/matgarbejaire\/wp-content\/uploads\/sites\/6\/2017\/12\/ConteurMSGS2-300x225.jpg 300w, https:\/\/ecole.ac-nice.fr\/valbonne\/matgarbejaire\/wp-content\/uploads\/sites\/6\/2017\/12\/ConteurMSGS2.jpg 640w\" sizes=\"auto, (max-width: 500px) 100vw, 500px\" \/><\/p>\n<p>Ensuite, le P\u00e8re No\u00ebl a commenc\u00e9 sa tourn\u00e9e le jeudi 21 d\u00e9cembre et en passant par l&rsquo;\u00e9cole il nous a d\u00e9pos\u00e9 des cadeaux. Voici notre sapin avec les cadeaux au pied:<\/p>\n<p style=\"text-align: center\"><img loading=\"lazy\" decoding=\"async\" class=\"alignnone wp-image-1243 size-full\" src=\"http:\/\/ecole.ac-nice.fr\/valbonne\/matgarbejaire\/wp-content\/uploads\/sites\/6\/2017\/12\/PereNoel1.jpg\" alt=\"\" width=\"480\" height=\"640\" srcset=\"https:\/\/ecole.ac-nice.fr\/valbonne\/matgarbejaire\/wp-content\/uploads\/sites\/6\/2017\/12\/PereNoel1.jpg 480w, https:\/\/ecole.ac-nice.fr\/valbonne\/matgarbejaire\/wp-content\/uploads\/sites\/6\/2017\/12\/PereNoel1-225x300.jpg 225w\" sizes=\"auto, (max-width: 480px) 100vw, 480px\" \/><\/p>\n<p style=\"text-align: center\"><strong><span style=\"color: #ff0000\">Apr\u00e8s la distribution des cadeaux<\/span><\/strong><\/p>\n<p style=\"text-align: center\"><img loading=\"lazy\" decoding=\"async\" class=\"alignnone size-medium wp-image-1244\" src=\"http:\/\/ecole.ac-nice.fr\/valbonne\/matgarbejaire\/wp-content\/uploads\/sites\/6\/2017\/12\/PereNoel3-225x300.jpg\" alt=\"\" width=\"225\" height=\"300\" srcset=\"https:\/\/ecole.ac-nice.fr\/valbonne\/matgarbejaire\/wp-content\/uploads\/sites\/6\/2017\/12\/PereNoel3-225x300.jpg 225w, https:\/\/ecole.ac-nice.fr\/valbonne\/matgarbejaire\/wp-content\/uploads\/sites\/6\/2017\/12\/PereNoel3.jpg 480w\" sizes=\"auto, (max-width: 225px) 100vw, 225px\" \/> <img loading=\"lazy\" decoding=\"async\" class=\"alignnone size-medium wp-image-1245\" src=\"http:\/\/ecole.ac-nice.fr\/valbonne\/matgarbejaire\/wp-content\/uploads\/sites\/6\/2017\/12\/PereNoel6-225x300.jpg\" alt=\"\" width=\"225\" height=\"300\" srcset=\"https:\/\/ecole.ac-nice.fr\/valbonne\/matgarbejaire\/wp-content\/uploads\/sites\/6\/2017\/12\/PereNoel6-225x300.jpg 225w, https:\/\/ecole.ac-nice.fr\/valbonne\/matgarbejaire\/wp-content\/uploads\/sites\/6\/2017\/12\/PereNoel6.jpg 480w\" sizes=\"auto, (max-width: 225px) 100vw, 225px\" \/> <img loading=\"lazy\" decoding=\"async\" class=\"alignnone size-medium wp-image-1246\" src=\"http:\/\/ecole.ac-nice.fr\/valbonne\/matgarbejaire\/wp-content\/uploads\/sites\/6\/2017\/12\/PereNo\u00ebl7-225x300.jpg\" alt=\"\" width=\"225\" height=\"300\" srcset=\"https:\/\/ecole.ac-nice.fr\/valbonne\/matgarbejaire\/wp-content\/uploads\/sites\/6\/2017\/12\/PereNo\u00ebl7-225x300.jpg 225w, https:\/\/ecole.ac-nice.fr\/valbonne\/matgarbejaire\/wp-content\/uploads\/sites\/6\/2017\/12\/PereNo\u00ebl7.jpg 480w\" sizes=\"auto, (max-width: 225px) 100vw, 225px\" \/> <img loading=\"lazy\" decoding=\"async\" class=\"alignnone size-medium wp-image-1247\" src=\"http:\/\/ecole.ac-nice.fr\/valbonne\/matgarbejaire\/wp-content\/uploads\/sites\/6\/2017\/12\/P\u00e8reNoel8-225x300.jpg\" alt=\"\" width=\"225\" height=\"300\" srcset=\"https:\/\/ecole.ac-nice.fr\/valbonne\/matgarbejaire\/wp-content\/uploads\/sites\/6\/2017\/12\/P\u00e8reNoel8-225x300.jpg 225w, https:\/\/ecole.ac-nice.fr\/valbonne\/matgarbejaire\/wp-content\/uploads\/sites\/6\/2017\/12\/P\u00e8reNoel8.jpg 480w\" sizes=\"auto, (max-width: 225px) 100vw, 225px\" \/><\/p>\n<p>Et finalement, vendredi 22 d\u00e9cembre nous avons conclut la p\u00e9riode en f\u00eatant l&rsquo;unique anniversaire de d\u00e9cembre, celui d&rsquo;Emilie, qui aura 5 ans pendant les vacances de No\u00ebl.<\/p>\n<p style=\"text-align: center\"><strong><span style=\"color: #ff00ff\">Emilie en train de souffler les bougies avec quelques \u00e9l\u00e8ves de son groupe<\/span><\/strong><\/p>\n<p style=\"text-align: center\"><img loading=\"lazy\" decoding=\"async\" class=\"alignnone wp-image-1248\" src=\"http:\/\/ecole.ac-nice.fr\/valbonne\/matgarbejaire\/wp-content\/uploads\/sites\/6\/2017\/12\/Emilie1-300x225.jpg\" alt=\"\" width=\"500\" height=\"375\" srcset=\"https:\/\/ecole.ac-nice.fr\/valbonne\/matgarbejaire\/wp-content\/uploads\/sites\/6\/2017\/12\/Emilie1-300x225.jpg 300w, https:\/\/ecole.ac-nice.fr\/valbonne\/matgarbejaire\/wp-content\/uploads\/sites\/6\/2017\/12\/Emilie1.jpg 640w\" sizes=\"auto, (max-width: 500px) 100vw, 500px\" \/><\/p>\n<h6><strong><span style=\"color: #ff0000\">BONNES VACANCES DE FIN D&rsquo;ANNEE <\/span><\/strong><strong><span style=\"color: #ff0000\">ET RENDEZ-VOUS L&rsquo;ANNEE PROCHAINE&#8230;<\/span><\/strong><\/h6>\n","protected":false},"excerpt":{"rendered":"<p>P\u00e9riode 2 en classe de GS6 Cette deuxi\u00e8me p\u00e9riode \u00e9tait d\u00e9coup\u00e9e en 2 parties. Durant les trois premi\u00e8res semaines, nous avons poursuivi notre projet sur l&rsquo;alphabet initi\u00e9 en p\u00e9riode 1. PROJET ALPHABET Puis nous avons poursuivi par un projet sur le th\u00e8me de No\u00ebl, plus pr\u00e9cis\u00e9ment en rapport avec le sapin de No\u00ebl. Projet NOEL &hellip; <a href=\"https:\/\/ecole.ac-nice.fr\/valbonne\/matgarbejaire\/blog\/2017\/12\/25\/bilan-periode-2\/\" class=\"more-link\">Continuer la lecture de <span class=\"screen-reader-text\">Bilan P\u00e9riode 2<\/span> <span class=\"meta-nav\">&rarr;<\/span><\/a><\/p>\n","protected":false},"author":6,"featured_media":0,"comment_status":"open","ping_status":"open","sticky":false,"template":"","format":"standard","meta":{"footnotes":""},"categories":[37,9],"tags":[],"class_list":["post-1221","post","type-post","status-publish","format-standard","hentry","category-2017-2018","category-gs6"],"_links":{"self":[{"href":"https:\/\/ecole.ac-nice.fr\/valbonne\/matgarbejaire\/wp-json\/wp\/v2\/posts\/1221","targetHints":{"allow":["GET"]}}],"collection":[{"href":"https:\/\/ecole.ac-nice.fr\/valbonne\/matgarbejaire\/wp-json\/wp\/v2\/posts"}],"about":[{"href":"https:\/\/ecole.ac-nice.fr\/valbonne\/matgarbejaire\/wp-json\/wp\/v2\/types\/post"}],"author":[{"embeddable":true,"href":"https:\/\/ecole.ac-nice.fr\/valbonne\/matgarbejaire\/wp-json\/wp\/v2\/users\/6"}],"replies":[{"embeddable":true,"href":"https:\/\/ecole.ac-nice.fr\/valbonne\/matgarbejaire\/wp-json\/wp\/v2\/comments?post=1221"}],"version-history":[{"count":7,"href":"https:\/\/ecole.ac-nice.fr\/valbonne\/matgarbejaire\/wp-json\/wp\/v2\/posts\/1221\/revisions"}],"predecessor-version":[{"id":1252,"href":"https:\/\/ecole.ac-nice.fr\/valbonne\/matgarbejaire\/wp-json\/wp\/v2\/posts\/1221\/revisions\/1252"}],"wp:attachment":[{"href":"https:\/\/ecole.ac-nice.fr\/valbonne\/matgarbejaire\/wp-json\/wp\/v2\/media?parent=1221"}],"wp:term":[{"taxonomy":"category","embeddable":true,"href":"https:\/\/ecole.ac-nice.fr\/valbonne\/matgarbejaire\/wp-json\/wp\/v2\/categories?post=1221"},{"taxonomy":"post_tag","embeddable":true,"href":"https:\/\/ecole.ac-nice.fr\/valbonne\/matgarbejaire\/wp-json\/wp\/v2\/tags?post=1221"}],"curies":[{"name":"wp","href":"https:\/\/api.w.org\/{rel}","templated":true}]}}