{"id":118,"date":"2017-02-10T20:00:34","date_gmt":"2017-02-10T19:00:34","guid":{"rendered":"http:\/\/ecole.ac-nice.fr\/valbonne\/matgarbejaire\/?p=118"},"modified":"2017-02-25T07:34:37","modified_gmt":"2017-02-25T06:34:37","slug":"projet-osier","status":"publish","type":"post","link":"https:\/\/ecole.ac-nice.fr\/valbonne\/matgarbejaire\/blog\/2017\/02\/10\/projet-osier\/","title":{"rendered":"Projet Osier"},"content":{"rendered":"<h1 style=\"text-align: center\"><span style=\"color: #339966\">La semaine de l&rsquo;osier \u00e0 la maternelle Garbejaire<\/span><\/h1>\n<p><span style=\"color: #339966\">\u00a0\u00a0\u00a0\u00a0 Lundi 6 f\u00e9vrier 2017, nous attaquons la semaine de l&rsquo;osier \u00e0 la maternelle Garbejaire, tout est pr\u00eat&#8230;<\/span><\/p>\n<p><span style=\"color: #339966\"><img loading=\"lazy\" decoding=\"async\" class=\"aligncenter wp-image-119 size-full\" src=\"http:\/\/ecole.ac-nice.fr\/valbonne\/matgarbejaire\/wp-content\/uploads\/sites\/6\/2017\/02\/Osier1.jpg\" width=\"980\" height=\"735\" srcset=\"https:\/\/ecole.ac-nice.fr\/valbonne\/matgarbejaire\/wp-content\/uploads\/sites\/6\/2017\/02\/Osier1.jpg 980w, https:\/\/ecole.ac-nice.fr\/valbonne\/matgarbejaire\/wp-content\/uploads\/sites\/6\/2017\/02\/Osier1-300x225.jpg 300w, https:\/\/ecole.ac-nice.fr\/valbonne\/matgarbejaire\/wp-content\/uploads\/sites\/6\/2017\/02\/Osier1-768x576.jpg 768w\" sizes=\"auto, (max-width: 980px) 100vw, 980px\" \/><\/span><\/p>\n<p><span style=\"color: #339966\">\u00a0\u00a0\u00a0\u00a0 Florian et Pierre, les intervenants de l&rsquo;association l&rsquo;Oseraie du possible, nous ont accompagn\u00e9s durant la semaine du 6 au 10 f\u00e9vrier 2017. Ils sont intervenus dans chacune des classes de l&rsquo;\u00e9cole pour pr\u00e9senter aux \u00e9l\u00e8ves de m\u00e9tier de vannier d&rsquo;une part et pour les faire participer \u00e0 une s\u00e9rie d&rsquo;ateliers en rapport avec l&rsquo;osier. Enfin, ils nous ont accompagn\u00e9s dans la plantation d&rsquo;une oseraie de pr\u00e8s de 300 boutures.<\/span><\/p>\n<p><span style=\"color: #339966\"><img loading=\"lazy\" decoding=\"async\" class=\"aligncenter wp-image-121\" src=\"http:\/\/ecole.ac-nice.fr\/valbonne\/matgarbejaire\/wp-content\/uploads\/sites\/6\/2017\/02\/Osier3-300x225.jpg\" width=\"400\" height=\"300\" srcset=\"https:\/\/ecole.ac-nice.fr\/valbonne\/matgarbejaire\/wp-content\/uploads\/sites\/6\/2017\/02\/Osier3-300x225.jpg 300w, https:\/\/ecole.ac-nice.fr\/valbonne\/matgarbejaire\/wp-content\/uploads\/sites\/6\/2017\/02\/Osier3-768x576.jpg 768w, https:\/\/ecole.ac-nice.fr\/valbonne\/matgarbejaire\/wp-content\/uploads\/sites\/6\/2017\/02\/Osier3.jpg 980w\" sizes=\"auto, (max-width: 400px) 100vw, 400px\" \/><\/span><\/p>\n<p style=\"text-align: center\"><span style=\"color: #339966\">Atelier de d\u00e9couverte et de reconnaissances des essences de bois<\/span><\/p>\n<p><span style=\"color: #339966\"><img loading=\"lazy\" decoding=\"async\" class=\"aligncenter wp-image-120\" src=\"http:\/\/ecole.ac-nice.fr\/valbonne\/matgarbejaire\/wp-content\/uploads\/sites\/6\/2017\/02\/Osier2-300x225.jpg\" width=\"400\" height=\"300\" srcset=\"https:\/\/ecole.ac-nice.fr\/valbonne\/matgarbejaire\/wp-content\/uploads\/sites\/6\/2017\/02\/Osier2-300x225.jpg 300w, https:\/\/ecole.ac-nice.fr\/valbonne\/matgarbejaire\/wp-content\/uploads\/sites\/6\/2017\/02\/Osier2-768x576.jpg 768w, https:\/\/ecole.ac-nice.fr\/valbonne\/matgarbejaire\/wp-content\/uploads\/sites\/6\/2017\/02\/Osier2.jpg 980w\" sizes=\"auto, (max-width: 400px) 100vw, 400px\" \/><\/span><\/p>\n<p style=\"text-align: center\"><span style=\"color: #339966\">Atelier de tissage<\/span><\/p>\n<p><span style=\"color: #339966\"><img loading=\"lazy\" decoding=\"async\" class=\"aligncenter wp-image-122\" src=\"http:\/\/ecole.ac-nice.fr\/valbonne\/matgarbejaire\/wp-content\/uploads\/sites\/6\/2017\/02\/Osier4-225x300.jpg\" width=\"300\" height=\"400\" srcset=\"https:\/\/ecole.ac-nice.fr\/valbonne\/matgarbejaire\/wp-content\/uploads\/sites\/6\/2017\/02\/Osier4-225x300.jpg 225w, https:\/\/ecole.ac-nice.fr\/valbonne\/matgarbejaire\/wp-content\/uploads\/sites\/6\/2017\/02\/Osier4.jpg 735w\" sizes=\"auto, (max-width: 300px) 100vw, 300px\" \/><\/span><\/p>\n<p style=\"text-align: center\"><span style=\"color: #339966\">Atelier de bouturage<\/span><\/p>\n<p><span style=\"color: #339966\"><img loading=\"lazy\" decoding=\"async\" class=\"aligncenter wp-image-123\" src=\"http:\/\/ecole.ac-nice.fr\/valbonne\/matgarbejaire\/wp-content\/uploads\/sites\/6\/2017\/02\/Osier5-225x300.jpg\" width=\"300\" height=\"400\" srcset=\"https:\/\/ecole.ac-nice.fr\/valbonne\/matgarbejaire\/wp-content\/uploads\/sites\/6\/2017\/02\/Osier5-225x300.jpg 225w, https:\/\/ecole.ac-nice.fr\/valbonne\/matgarbejaire\/wp-content\/uploads\/sites\/6\/2017\/02\/Osier5.jpg 735w\" sizes=\"auto, (max-width: 300px) 100vw, 300px\" \/><\/span><\/p>\n<p style=\"text-align: center\"><span style=\"color: #339966\">Et bien s\u00fbr les plantations&#8230;<\/span><\/p>\n<p><span style=\"color: #339966\"><img loading=\"lazy\" decoding=\"async\" class=\"aligncenter wp-image-124\" src=\"http:\/\/ecole.ac-nice.fr\/valbonne\/matgarbejaire\/wp-content\/uploads\/sites\/6\/2017\/02\/Osier6-300x225.jpg\" width=\"400\" height=\"300\" srcset=\"https:\/\/ecole.ac-nice.fr\/valbonne\/matgarbejaire\/wp-content\/uploads\/sites\/6\/2017\/02\/Osier6-300x225.jpg 300w, https:\/\/ecole.ac-nice.fr\/valbonne\/matgarbejaire\/wp-content\/uploads\/sites\/6\/2017\/02\/Osier6-768x576.jpg 768w, https:\/\/ecole.ac-nice.fr\/valbonne\/matgarbejaire\/wp-content\/uploads\/sites\/6\/2017\/02\/Osier6.jpg 980w\" sizes=\"auto, (max-width: 400px) 100vw, 400px\" \/><\/span><\/p>\n<p><span style=\"color: #339966\">Merci \u00e0 Florian et Pierre pour leur efficacit\u00e9, leur disponibilit\u00e9 et leur gentillesse. Merci \u00e9galement aux parents d&rsquo;\u00e9l\u00e8ves qui nous ont assist\u00e9s durant les ateliers avec les \u00e9l\u00e8ves.<\/span><\/p>\n","protected":false},"excerpt":{"rendered":"<p>La semaine de l&rsquo;osier \u00e0 la maternelle Garbejaire \u00a0\u00a0\u00a0\u00a0 Lundi 6 f\u00e9vrier 2017, nous attaquons la semaine de l&rsquo;osier \u00e0 la maternelle Garbejaire, tout est pr\u00eat&#8230; \u00a0\u00a0\u00a0\u00a0 Florian et Pierre, les intervenants de l&rsquo;association l&rsquo;Oseraie du possible, nous ont accompagn\u00e9s durant la semaine du 6 au 10 f\u00e9vrier 2017. Ils sont intervenus dans chacune des &hellip; <a href=\"https:\/\/ecole.ac-nice.fr\/valbonne\/matgarbejaire\/blog\/2017\/02\/10\/projet-osier\/\" class=\"more-link\">Continuer la lecture de <span class=\"screen-reader-text\">Projet Osier<\/span> <span class=\"meta-nav\">&rarr;<\/span><\/a><\/p>\n","protected":false},"author":6,"featured_media":0,"comment_status":"open","ping_status":"open","sticky":false,"template":"","format":"standard","meta":{"footnotes":""},"categories":[4],"tags":[16],"class_list":["post-118","post","type-post","status-publish","format-standard","hentry","category-manifestations","tag-osier"],"_links":{"self":[{"href":"https:\/\/ecole.ac-nice.fr\/valbonne\/matgarbejaire\/wp-json\/wp\/v2\/posts\/118","targetHints":{"allow":["GET"]}}],"collection":[{"href":"https:\/\/ecole.ac-nice.fr\/valbonne\/matgarbejaire\/wp-json\/wp\/v2\/posts"}],"about":[{"href":"https:\/\/ecole.ac-nice.fr\/valbonne\/matgarbejaire\/wp-json\/wp\/v2\/types\/post"}],"author":[{"embeddable":true,"href":"https:\/\/ecole.ac-nice.fr\/valbonne\/matgarbejaire\/wp-json\/wp\/v2\/users\/6"}],"replies":[{"embeddable":true,"href":"https:\/\/ecole.ac-nice.fr\/valbonne\/matgarbejaire\/wp-json\/wp\/v2\/comments?post=118"}],"version-history":[{"count":5,"href":"https:\/\/ecole.ac-nice.fr\/valbonne\/matgarbejaire\/wp-json\/wp\/v2\/posts\/118\/revisions"}],"predecessor-version":[{"id":129,"href":"https:\/\/ecole.ac-nice.fr\/valbonne\/matgarbejaire\/wp-json\/wp\/v2\/posts\/118\/revisions\/129"}],"wp:attachment":[{"href":"https:\/\/ecole.ac-nice.fr\/valbonne\/matgarbejaire\/wp-json\/wp\/v2\/media?parent=118"}],"wp:term":[{"taxonomy":"category","embeddable":true,"href":"https:\/\/ecole.ac-nice.fr\/valbonne\/matgarbejaire\/wp-json\/wp\/v2\/categories?post=118"},{"taxonomy":"post_tag","embeddable":true,"href":"https:\/\/ecole.ac-nice.fr\/valbonne\/matgarbejaire\/wp-json\/wp\/v2\/tags?post=118"}],"curies":[{"name":"wp","href":"https:\/\/api.w.org\/{rel}","templated":true}]}}