{"id":108,"date":"2017-02-06T20:00:55","date_gmt":"2017-02-06T19:00:55","guid":{"rendered":"http:\/\/ecole.ac-nice.fr\/valbonne\/matgarbejaire\/?p=108"},"modified":"2017-02-25T07:53:39","modified_gmt":"2017-02-25T06:53:39","slug":"chorale","status":"publish","type":"post","link":"https:\/\/ecole.ac-nice.fr\/valbonne\/matgarbejaire\/blog\/2017\/02\/06\/chorale\/","title":{"rendered":"Chorale"},"content":{"rendered":"<h1 style=\"text-align: center\"><span style=\"color: #008000\">CHORALE DE LA MATERNELLE<\/span><\/h1>\n<h6><span style=\"color: #339966\">\u00a0\u00a0\u00a0\u00a0\u00a0\u00a0\u00a0\u00a0\u00a0 Mardi 6 f\u00e9vrier 2017, pour cl\u00f4turer le projet musique de l&rsquo;\u00e9cole en partenariat avec le conservatoire de Valbonne, la chorale constitu\u00e9e de tous les \u00e9l\u00e8ves de l&rsquo;\u00e9cole maternelle s&rsquo;est produite devant 3 classes de l&rsquo;\u00e9cole \u00e9l\u00e9mentaire. L&rsquo;occasion d&rsquo;un joli r\u00e9cital constitu\u00e9 de 7 chansons du patrimoine, qui permettait de mesurer la qualit\u00e9 du travail effectu\u00e9 par Dominique depuis le mois d&rsquo;octobre. Voici quelques photos (d\u00e9lib\u00e9r\u00e9ment flout\u00e9es) de cette manifestation.<\/span><\/h6>\n<h6 style=\"text-align: center\"><span style=\"color: #125412\">Le groupe dirig\u00e9 par Dominique<\/span><\/h6>\n<p style=\"text-align: center\"><img loading=\"lazy\" decoding=\"async\" class=\"alignnone wp-image-111 size-medium\" src=\"http:\/\/ecole.ac-nice.fr\/valbonne\/matgarbejaire\/wp-content\/uploads\/sites\/6\/2017\/02\/Musique7-e1487146824716-300x184.jpg\" width=\"300\" height=\"184\" srcset=\"https:\/\/ecole.ac-nice.fr\/valbonne\/matgarbejaire\/wp-content\/uploads\/sites\/6\/2017\/02\/Musique7-e1487146824716-300x184.jpg 300w, https:\/\/ecole.ac-nice.fr\/valbonne\/matgarbejaire\/wp-content\/uploads\/sites\/6\/2017\/02\/Musique7-e1487146824716-768x472.jpg 768w, https:\/\/ecole.ac-nice.fr\/valbonne\/matgarbejaire\/wp-content\/uploads\/sites\/6\/2017\/02\/Musique7-e1487146824716.jpg 972w\" sizes=\"auto, (max-width: 300px) 100vw, 300px\" \/><img loading=\"lazy\" decoding=\"async\" class=\"alignnone wp-image-110\" src=\"http:\/\/ecole.ac-nice.fr\/valbonne\/matgarbejaire\/wp-content\/uploads\/sites\/6\/2017\/02\/Musique6-e1487146901601-300x218.jpg\" alt=\"\" width=\"213\" height=\"155\" srcset=\"https:\/\/ecole.ac-nice.fr\/valbonne\/matgarbejaire\/wp-content\/uploads\/sites\/6\/2017\/02\/Musique6-e1487146901601-300x218.jpg 300w, https:\/\/ecole.ac-nice.fr\/valbonne\/matgarbejaire\/wp-content\/uploads\/sites\/6\/2017\/02\/Musique6-e1487146901601.jpg 665w\" sizes=\"auto, (max-width: 213px) 100vw, 213px\" \/><\/p>\n<p style=\"text-align: center\"><img loading=\"lazy\" decoding=\"async\" class=\"alignnone size-medium wp-image-112\" src=\"http:\/\/ecole.ac-nice.fr\/valbonne\/matgarbejaire\/wp-content\/uploads\/sites\/6\/2017\/02\/Musique8-300x225.jpg\" alt=\"\" width=\"300\" height=\"225\" srcset=\"https:\/\/ecole.ac-nice.fr\/valbonne\/matgarbejaire\/wp-content\/uploads\/sites\/6\/2017\/02\/Musique8-300x225.jpg 300w, https:\/\/ecole.ac-nice.fr\/valbonne\/matgarbejaire\/wp-content\/uploads\/sites\/6\/2017\/02\/Musique8-768x576.jpg 768w, https:\/\/ecole.ac-nice.fr\/valbonne\/matgarbejaire\/wp-content\/uploads\/sites\/6\/2017\/02\/Musique8.jpg 980w\" sizes=\"auto, (max-width: 300px) 100vw, 300px\" \/>\u00a0\u00a0\u00a0\u00a0\u00a0\u00a0\u00a0\u00a0 <img loading=\"lazy\" decoding=\"async\" class=\"alignnone size-medium wp-image-114\" src=\"http:\/\/ecole.ac-nice.fr\/valbonne\/matgarbejaire\/wp-content\/uploads\/sites\/6\/2017\/02\/Musique10-225x300.jpg\" alt=\"\" width=\"225\" height=\"300\" srcset=\"https:\/\/ecole.ac-nice.fr\/valbonne\/matgarbejaire\/wp-content\/uploads\/sites\/6\/2017\/02\/Musique10-225x300.jpg 225w, https:\/\/ecole.ac-nice.fr\/valbonne\/matgarbejaire\/wp-content\/uploads\/sites\/6\/2017\/02\/Musique10.jpg 735w\" sizes=\"auto, (max-width: 225px) 100vw, 225px\" \/><\/p>\n","protected":false},"excerpt":{"rendered":"<p>CHORALE DE LA MATERNELLE \u00a0\u00a0\u00a0\u00a0\u00a0\u00a0\u00a0\u00a0\u00a0 Mardi 6 f\u00e9vrier 2017, pour cl\u00f4turer le projet musique de l&rsquo;\u00e9cole en partenariat avec le conservatoire de Valbonne, la chorale constitu\u00e9e de tous les \u00e9l\u00e8ves de l&rsquo;\u00e9cole maternelle s&rsquo;est produite devant 3 classes de l&rsquo;\u00e9cole \u00e9l\u00e9mentaire. L&rsquo;occasion d&rsquo;un joli r\u00e9cital constitu\u00e9 de 7 chansons du patrimoine, qui permettait de mesurer &hellip; <a href=\"https:\/\/ecole.ac-nice.fr\/valbonne\/matgarbejaire\/blog\/2017\/02\/06\/chorale\/\" class=\"more-link\">Continuer la lecture de <span class=\"screen-reader-text\">Chorale<\/span> <span class=\"meta-nav\">&rarr;<\/span><\/a><\/p>\n","protected":false},"author":6,"featured_media":0,"comment_status":"open","ping_status":"open","sticky":false,"template":"","format":"standard","meta":{"footnotes":""},"categories":[4],"tags":[18],"class_list":["post-108","post","type-post","status-publish","format-standard","hentry","category-manifestations","tag-chorale"],"_links":{"self":[{"href":"https:\/\/ecole.ac-nice.fr\/valbonne\/matgarbejaire\/wp-json\/wp\/v2\/posts\/108","targetHints":{"allow":["GET"]}}],"collection":[{"href":"https:\/\/ecole.ac-nice.fr\/valbonne\/matgarbejaire\/wp-json\/wp\/v2\/posts"}],"about":[{"href":"https:\/\/ecole.ac-nice.fr\/valbonne\/matgarbejaire\/wp-json\/wp\/v2\/types\/post"}],"author":[{"embeddable":true,"href":"https:\/\/ecole.ac-nice.fr\/valbonne\/matgarbejaire\/wp-json\/wp\/v2\/users\/6"}],"replies":[{"embeddable":true,"href":"https:\/\/ecole.ac-nice.fr\/valbonne\/matgarbejaire\/wp-json\/wp\/v2\/comments?post=108"}],"version-history":[{"count":4,"href":"https:\/\/ecole.ac-nice.fr\/valbonne\/matgarbejaire\/wp-json\/wp\/v2\/posts\/108\/revisions"}],"predecessor-version":[{"id":133,"href":"https:\/\/ecole.ac-nice.fr\/valbonne\/matgarbejaire\/wp-json\/wp\/v2\/posts\/108\/revisions\/133"}],"wp:attachment":[{"href":"https:\/\/ecole.ac-nice.fr\/valbonne\/matgarbejaire\/wp-json\/wp\/v2\/media?parent=108"}],"wp:term":[{"taxonomy":"category","embeddable":true,"href":"https:\/\/ecole.ac-nice.fr\/valbonne\/matgarbejaire\/wp-json\/wp\/v2\/categories?post=108"},{"taxonomy":"post_tag","embeddable":true,"href":"https:\/\/ecole.ac-nice.fr\/valbonne\/matgarbejaire\/wp-json\/wp\/v2\/tags?post=108"}],"curies":[{"name":"wp","href":"https:\/\/api.w.org\/{rel}","templated":true}]}}