{"id":1067,"date":"2017-11-23T17:12:35","date_gmt":"2017-11-23T16:12:35","guid":{"rendered":"http:\/\/ecole.ac-nice.fr\/valbonne\/matgarbejaire\/?p=1067"},"modified":"2017-11-23T17:12:58","modified_gmt":"2017-11-23T16:12:58","slug":"arts-plastiques-3","status":"publish","type":"post","link":"https:\/\/ecole.ac-nice.fr\/valbonne\/matgarbejaire\/blog\/2017\/11\/23\/arts-plastiques-3\/","title":{"rendered":"Arts plastiques (3)"},"content":{"rendered":"<h2 style=\"text-align: center\"><strong>AUTOUR DES PRENOMS<\/strong><\/h2>\n<p style=\"text-align: left\">\u00a0\u00a0\u00a0\u00a0 Le d\u00e9but de cette deuxi\u00e8me p\u00e9riode scolaire de l&rsquo;ann\u00e9e \u00e9tait consacr\u00e9 \u00e0 notre projet sur le th\u00e8me de l&rsquo;alphabet. C&rsquo;\u00e9tait aussi l&rsquo;occasion pour nous d&rsquo;utiliser les lettres comme supports pour les activit\u00e9s d&rsquo;arts plastiques. Nous avons donc travailler avec les lettres de notre pr\u00e9nom et nous avons r\u00e9alis\u00e9 deux oeuvres incluant tous les pr\u00e9noms de la classe, les voici en images:<\/p>\n<h4 style=\"text-align: center\"><span style=\"color: #333399\">PRENOMS CONTRASTES<\/span><\/h4>\n<p style=\"text-align: center\"><img loading=\"lazy\" decoding=\"async\" class=\"aligncenter wp-image-1068 size-full\" src=\"http:\/\/ecole.ac-nice.fr\/valbonne\/matgarbejaire\/wp-content\/uploads\/sites\/6\/2017\/11\/Prenoms1.jpg\" alt=\"\" width=\"640\" height=\"480\" srcset=\"https:\/\/ecole.ac-nice.fr\/valbonne\/matgarbejaire\/wp-content\/uploads\/sites\/6\/2017\/11\/Prenoms1.jpg 640w, https:\/\/ecole.ac-nice.fr\/valbonne\/matgarbejaire\/wp-content\/uploads\/sites\/6\/2017\/11\/Prenoms1-300x225.jpg 300w\" sizes=\"auto, (max-width: 640px) 100vw, 640px\" \/><\/p>\n<p style=\"text-align: center\"><img loading=\"lazy\" decoding=\"async\" class=\"aligncenter wp-image-1069 size-full\" src=\"http:\/\/ecole.ac-nice.fr\/valbonne\/matgarbejaire\/wp-content\/uploads\/sites\/6\/2017\/11\/Prenoms2.jpg\" alt=\"\" width=\"640\" height=\"480\" srcset=\"https:\/\/ecole.ac-nice.fr\/valbonne\/matgarbejaire\/wp-content\/uploads\/sites\/6\/2017\/11\/Prenoms2.jpg 640w, https:\/\/ecole.ac-nice.fr\/valbonne\/matgarbejaire\/wp-content\/uploads\/sites\/6\/2017\/11\/Prenoms2-300x225.jpg 300w\" sizes=\"auto, (max-width: 640px) 100vw, 640px\" \/><\/p>\n<h4 style=\"text-align: center\"><span style=\"color: #ff6600\">PRENOMS VAGUES<\/span><\/h4>\n<p style=\"text-align: center\"><img loading=\"lazy\" decoding=\"async\" class=\"aligncenter wp-image-1070 size-full\" src=\"http:\/\/ecole.ac-nice.fr\/valbonne\/matgarbejaire\/wp-content\/uploads\/sites\/6\/2017\/11\/Prenoms3.jpg\" alt=\"\" width=\"640\" height=\"480\" srcset=\"https:\/\/ecole.ac-nice.fr\/valbonne\/matgarbejaire\/wp-content\/uploads\/sites\/6\/2017\/11\/Prenoms3.jpg 640w, https:\/\/ecole.ac-nice.fr\/valbonne\/matgarbejaire\/wp-content\/uploads\/sites\/6\/2017\/11\/Prenoms3-300x225.jpg 300w\" sizes=\"auto, (max-width: 640px) 100vw, 640px\" \/><\/p>\n<p style=\"text-align: center\"><img loading=\"lazy\" decoding=\"async\" class=\"aligncenter wp-image-1071 size-full\" src=\"http:\/\/ecole.ac-nice.fr\/valbonne\/matgarbejaire\/wp-content\/uploads\/sites\/6\/2017\/11\/Prenoms4.jpg\" alt=\"\" width=\"640\" height=\"480\" srcset=\"https:\/\/ecole.ac-nice.fr\/valbonne\/matgarbejaire\/wp-content\/uploads\/sites\/6\/2017\/11\/Prenoms4.jpg 640w, https:\/\/ecole.ac-nice.fr\/valbonne\/matgarbejaire\/wp-content\/uploads\/sites\/6\/2017\/11\/Prenoms4-300x225.jpg 300w\" sizes=\"auto, (max-width: 640px) 100vw, 640px\" \/><\/p>\n<p>&nbsp;<\/p>\n<p>&nbsp;<\/p>\n","protected":false},"excerpt":{"rendered":"<p>AUTOUR DES PRENOMS \u00a0\u00a0\u00a0\u00a0 Le d\u00e9but de cette deuxi\u00e8me p\u00e9riode scolaire de l&rsquo;ann\u00e9e \u00e9tait consacr\u00e9 \u00e0 notre projet sur le th\u00e8me de l&rsquo;alphabet. C&rsquo;\u00e9tait aussi l&rsquo;occasion pour nous d&rsquo;utiliser les lettres comme supports pour les activit\u00e9s d&rsquo;arts plastiques. Nous avons donc travailler avec les lettres de notre pr\u00e9nom et nous avons r\u00e9alis\u00e9 deux oeuvres incluant &hellip; <a href=\"https:\/\/ecole.ac-nice.fr\/valbonne\/matgarbejaire\/blog\/2017\/11\/23\/arts-plastiques-3\/\" class=\"more-link\">Continuer la lecture de <span class=\"screen-reader-text\">Arts plastiques (3)<\/span> <span class=\"meta-nav\">&rarr;<\/span><\/a><\/p>\n","protected":false},"author":6,"featured_media":0,"comment_status":"open","ping_status":"open","sticky":false,"template":"","format":"standard","meta":{"footnotes":""},"categories":[37],"tags":[],"class_list":["post-1067","post","type-post","status-publish","format-standard","hentry","category-2017-2018"],"_links":{"self":[{"href":"https:\/\/ecole.ac-nice.fr\/valbonne\/matgarbejaire\/wp-json\/wp\/v2\/posts\/1067","targetHints":{"allow":["GET"]}}],"collection":[{"href":"https:\/\/ecole.ac-nice.fr\/valbonne\/matgarbejaire\/wp-json\/wp\/v2\/posts"}],"about":[{"href":"https:\/\/ecole.ac-nice.fr\/valbonne\/matgarbejaire\/wp-json\/wp\/v2\/types\/post"}],"author":[{"embeddable":true,"href":"https:\/\/ecole.ac-nice.fr\/valbonne\/matgarbejaire\/wp-json\/wp\/v2\/users\/6"}],"replies":[{"embeddable":true,"href":"https:\/\/ecole.ac-nice.fr\/valbonne\/matgarbejaire\/wp-json\/wp\/v2\/comments?post=1067"}],"version-history":[{"count":1,"href":"https:\/\/ecole.ac-nice.fr\/valbonne\/matgarbejaire\/wp-json\/wp\/v2\/posts\/1067\/revisions"}],"predecessor-version":[{"id":1072,"href":"https:\/\/ecole.ac-nice.fr\/valbonne\/matgarbejaire\/wp-json\/wp\/v2\/posts\/1067\/revisions\/1072"}],"wp:attachment":[{"href":"https:\/\/ecole.ac-nice.fr\/valbonne\/matgarbejaire\/wp-json\/wp\/v2\/media?parent=1067"}],"wp:term":[{"taxonomy":"category","embeddable":true,"href":"https:\/\/ecole.ac-nice.fr\/valbonne\/matgarbejaire\/wp-json\/wp\/v2\/categories?post=1067"},{"taxonomy":"post_tag","embeddable":true,"href":"https:\/\/ecole.ac-nice.fr\/valbonne\/matgarbejaire\/wp-json\/wp\/v2\/tags?post=1067"}],"curies":[{"name":"wp","href":"https:\/\/api.w.org\/{rel}","templated":true}]}}