{"id":234,"date":"2020-10-30T08:52:19","date_gmt":"2020-10-30T07:52:19","guid":{"rendered":"http:\/\/ecole.ac-nice.fr\/valbonne\/leplan\/?p=234"},"modified":"2020-10-31T12:25:46","modified_gmt":"2020-10-31T11:25:46","slug":"protocole-sanitaire-du-2-novembre-2020","status":"publish","type":"post","link":"https:\/\/ecole.ac-nice.fr\/valbonne\/leplan\/blog\/2020\/10\/30\/protocole-sanitaire-du-2-novembre-2020\/","title":{"rendered":"Protocole sanitaire du 2 novembre 2020"},"content":{"rendered":"<p>Ce nouveau protocole sanitaire est applicable \u00e0 partir du 2 novembre : <a href=\"https:\/\/www.education.gouv.fr\/media\/71258\/download\" target=\"_blank\" rel=\"noopener noreferrer\">https:\/\/www.education.gouv.fr\/media\/71258\/download<\/a><\/p>\n<p><a href=\"https:\/\/www.education.gouv.fr\/media\/71258\/download\" target=\"_blank\" rel=\"noopener noreferrer\"><img loading=\"lazy\" decoding=\"async\" class=\"size-full wp-image-235 aligncenter\" src=\"http:\/\/ecole.ac-nice.fr\/valbonne\/leplan\/wp-content\/uploads\/sites\/13\/2020\/10\/Capture-de\u0301cran-2020-10-30-a\u0300-08.50.50.jpg\" alt=\"protocole-2-nov\" width=\"514\" height=\"705\" srcset=\"https:\/\/ecole.ac-nice.fr\/valbonne\/leplan\/wp-content\/uploads\/sites\/13\/2020\/10\/Capture-de\u0301cran-2020-10-30-a\u0300-08.50.50.jpg 514w, https:\/\/ecole.ac-nice.fr\/valbonne\/leplan\/wp-content\/uploads\/sites\/13\/2020\/10\/Capture-de\u0301cran-2020-10-30-a\u0300-08.50.50-219x300.jpg 219w\" sizes=\"auto, (max-width: 514px) 100vw, 514px\" \/><\/a>Un document simplifi\u00e9 aimablement partag\u00e9 par la mission num\u00e9rique de Seine-Maritime \u00e0 destination des parents d&rsquo;\u00e9l\u00e8ves (cliquer pour t\u00e9l\u00e9charger).<a href=\"http:\/\/ecole.ac-nice.fr\/valbonne\/leplan\/wp-content\/uploads\/sites\/13\/2020\/10\/Protocole-sanitaire-Parents.pdf\" target=\"_blank\" rel=\"noopener noreferrer\"><img loading=\"lazy\" decoding=\"async\" class=\"size-full wp-image-250 aligncenter\" src=\"http:\/\/ecole.ac-nice.fr\/valbonne\/leplan\/wp-content\/uploads\/sites\/13\/2020\/10\/Capture-de\u0301cran-2020-10-31-a\u0300-12.18.04.png\" alt=\"\" width=\"796\" height=\"1122\" srcset=\"https:\/\/ecole.ac-nice.fr\/valbonne\/leplan\/wp-content\/uploads\/sites\/13\/2020\/10\/Capture-de\u0301cran-2020-10-31-a\u0300-12.18.04.png 796w, https:\/\/ecole.ac-nice.fr\/valbonne\/leplan\/wp-content\/uploads\/sites\/13\/2020\/10\/Capture-de\u0301cran-2020-10-31-a\u0300-12.18.04-213x300.png 213w, https:\/\/ecole.ac-nice.fr\/valbonne\/leplan\/wp-content\/uploads\/sites\/13\/2020\/10\/Capture-de\u0301cran-2020-10-31-a\u0300-12.18.04-726x1024.png 726w, https:\/\/ecole.ac-nice.fr\/valbonne\/leplan\/wp-content\/uploads\/sites\/13\/2020\/10\/Capture-de\u0301cran-2020-10-31-a\u0300-12.18.04-768x1083.png 768w\" sizes=\"auto, (max-width: 796px) 100vw, 796px\" \/><\/a><\/p>\n<p>&nbsp;<\/p>\n","protected":false},"excerpt":{"rendered":"<p>Ce nouveau protocole sanitaire est applicable \u00e0 partir du 2 novembre : https:\/\/www.education.gouv.fr\/media\/71258\/download Un document simplifi\u00e9 aimablement partag\u00e9 par la mission num\u00e9rique de Seine-Maritime \u00e0 destination des parents d&rsquo;\u00e9l\u00e8ves (cliquer pour t\u00e9l\u00e9charger). &nbsp;<\/p>\n","protected":false},"author":20,"featured_media":0,"comment_status":"closed","ping_status":"open","sticky":false,"template":"","format":"standard","meta":{"footnotes":""},"categories":[20],"tags":[],"class_list":["post-234","post","type-post","status-publish","format-standard","hentry","category-gestion-sanitaire"],"_links":{"self":[{"href":"https:\/\/ecole.ac-nice.fr\/valbonne\/leplan\/wp-json\/wp\/v2\/posts\/234","targetHints":{"allow":["GET"]}}],"collection":[{"href":"https:\/\/ecole.ac-nice.fr\/valbonne\/leplan\/wp-json\/wp\/v2\/posts"}],"about":[{"href":"https:\/\/ecole.ac-nice.fr\/valbonne\/leplan\/wp-json\/wp\/v2\/types\/post"}],"author":[{"embeddable":true,"href":"https:\/\/ecole.ac-nice.fr\/valbonne\/leplan\/wp-json\/wp\/v2\/users\/20"}],"replies":[{"embeddable":true,"href":"https:\/\/ecole.ac-nice.fr\/valbonne\/leplan\/wp-json\/wp\/v2\/comments?post=234"}],"version-history":[{"count":4,"href":"https:\/\/ecole.ac-nice.fr\/valbonne\/leplan\/wp-json\/wp\/v2\/posts\/234\/revisions"}],"predecessor-version":[{"id":252,"href":"https:\/\/ecole.ac-nice.fr\/valbonne\/leplan\/wp-json\/wp\/v2\/posts\/234\/revisions\/252"}],"wp:attachment":[{"href":"https:\/\/ecole.ac-nice.fr\/valbonne\/leplan\/wp-json\/wp\/v2\/media?parent=234"}],"wp:term":[{"taxonomy":"category","embeddable":true,"href":"https:\/\/ecole.ac-nice.fr\/valbonne\/leplan\/wp-json\/wp\/v2\/categories?post=234"},{"taxonomy":"post_tag","embeddable":true,"href":"https:\/\/ecole.ac-nice.fr\/valbonne\/leplan\/wp-json\/wp\/v2\/tags?post=234"}],"curies":[{"name":"wp","href":"https:\/\/api.w.org\/{rel}","templated":true}]}}