{"id":231,"date":"2020-10-13T09:29:00","date_gmt":"2020-10-13T07:29:00","guid":{"rendered":"http:\/\/ecole.ac-nice.fr\/valbonne\/leplan\/?p=231"},"modified":"2020-10-13T09:30:37","modified_gmt":"2020-10-13T07:30:37","slug":"reunion-du-1er-conseil-decole","status":"publish","type":"post","link":"https:\/\/ecole.ac-nice.fr\/valbonne\/leplan\/blog\/2020\/10\/13\/reunion-du-1er-conseil-decole\/","title":{"rendered":"R\u00e9union du 1er conseil d&rsquo;\u00e9cole"},"content":{"rendered":"<p>Le premier conseil d&rsquo;\u00e9cole de l&rsquo;ann\u00e9e scolaire aura lieu vendredi 16 octobre \u00e0 18h<\/p>\n","protected":false},"excerpt":{"rendered":"<p>Le premier conseil d&rsquo;\u00e9cole de l&rsquo;ann\u00e9e scolaire aura lieu vendredi 16 octobre \u00e0 18h<\/p>\n","protected":false},"author":20,"featured_media":0,"comment_status":"closed","ping_status":"open","sticky":false,"template":"","format":"standard","meta":{"footnotes":""},"categories":[9],"tags":[],"class_list":["post-231","post","type-post","status-publish","format-standard","hentry","category-crenduscecole"],"_links":{"self":[{"href":"https:\/\/ecole.ac-nice.fr\/valbonne\/leplan\/wp-json\/wp\/v2\/posts\/231","targetHints":{"allow":["GET"]}}],"collection":[{"href":"https:\/\/ecole.ac-nice.fr\/valbonne\/leplan\/wp-json\/wp\/v2\/posts"}],"about":[{"href":"https:\/\/ecole.ac-nice.fr\/valbonne\/leplan\/wp-json\/wp\/v2\/types\/post"}],"author":[{"embeddable":true,"href":"https:\/\/ecole.ac-nice.fr\/valbonne\/leplan\/wp-json\/wp\/v2\/users\/20"}],"replies":[{"embeddable":true,"href":"https:\/\/ecole.ac-nice.fr\/valbonne\/leplan\/wp-json\/wp\/v2\/comments?post=231"}],"version-history":[{"count":1,"href":"https:\/\/ecole.ac-nice.fr\/valbonne\/leplan\/wp-json\/wp\/v2\/posts\/231\/revisions"}],"predecessor-version":[{"id":232,"href":"https:\/\/ecole.ac-nice.fr\/valbonne\/leplan\/wp-json\/wp\/v2\/posts\/231\/revisions\/232"}],"wp:attachment":[{"href":"https:\/\/ecole.ac-nice.fr\/valbonne\/leplan\/wp-json\/wp\/v2\/media?parent=231"}],"wp:term":[{"taxonomy":"category","embeddable":true,"href":"https:\/\/ecole.ac-nice.fr\/valbonne\/leplan\/wp-json\/wp\/v2\/categories?post=231"},{"taxonomy":"post_tag","embeddable":true,"href":"https:\/\/ecole.ac-nice.fr\/valbonne\/leplan\/wp-json\/wp\/v2\/tags?post=231"}],"curies":[{"name":"wp","href":"https:\/\/api.w.org\/{rel}","templated":true}]}}