{"id":219,"date":"2020-09-16T18:06:53","date_gmt":"2020-09-16T16:06:53","guid":{"rendered":"http:\/\/ecole.ac-nice.fr\/valbonne\/leplan\/?p=219"},"modified":"2020-10-13T09:32:23","modified_gmt":"2020-10-13T07:32:23","slug":"election-des-representants-des-parents-deleves","status":"publish","type":"post","link":"https:\/\/ecole.ac-nice.fr\/valbonne\/leplan\/blog\/2020\/09\/16\/election-des-representants-des-parents-deleves\/","title":{"rendered":"\u00c9lections des repr\u00e9sentants des parents d&rsquo;\u00e9l\u00e8ves"},"content":{"rendered":"<p align=\"left\"><span style=\"font-size: 12pt\">Cette ann\u00e9e, il n&rsquo;y aura pas de bureau de vote. Tout se fera par l&rsquo;interm\u00e9diaire de votre enfant. <\/span><\/p>\n<p align=\"left\"><span style=\"font-size: 12pt\">Le 2 octobre 2020 chaque parent recevra une enveloppe avec le n\u00e9cessaire pour cette \u00e9lection. Vous nous retournerez votre vote au plus tard le VENDREDI 9 OCTOBRE 2020.<\/span><\/p>\n<p align=\"left\"><span style=\"font-size: 12pt\">Nous vous remercions de votre participation.<\/span><\/p>\n","protected":false},"excerpt":{"rendered":"<p>Cette ann\u00e9e, il n&rsquo;y aura pas de bureau de vote. Tout se fera par l&rsquo;interm\u00e9diaire de votre enfant. Le 2 octobre 2020 chaque parent recevra une enveloppe avec le n\u00e9cessaire pour cette \u00e9lection. Vous nous retournerez votre vote au plus &hellip; <a href=\"https:\/\/ecole.ac-nice.fr\/valbonne\/leplan\/blog\/2020\/09\/16\/election-des-representants-des-parents-deleves\/\">Continuer la lecture <span class=\"meta-nav\">&rarr;<\/span><\/a><\/p>\n","protected":false},"author":20,"featured_media":0,"comment_status":"closed","ping_status":"open","sticky":false,"template":"","format":"standard","meta":{"footnotes":""},"categories":[8],"tags":[],"class_list":["post-219","post","type-post","status-publish","format-standard","hentry","category-infoadm"],"_links":{"self":[{"href":"https:\/\/ecole.ac-nice.fr\/valbonne\/leplan\/wp-json\/wp\/v2\/posts\/219","targetHints":{"allow":["GET"]}}],"collection":[{"href":"https:\/\/ecole.ac-nice.fr\/valbonne\/leplan\/wp-json\/wp\/v2\/posts"}],"about":[{"href":"https:\/\/ecole.ac-nice.fr\/valbonne\/leplan\/wp-json\/wp\/v2\/types\/post"}],"author":[{"embeddable":true,"href":"https:\/\/ecole.ac-nice.fr\/valbonne\/leplan\/wp-json\/wp\/v2\/users\/20"}],"replies":[{"embeddable":true,"href":"https:\/\/ecole.ac-nice.fr\/valbonne\/leplan\/wp-json\/wp\/v2\/comments?post=219"}],"version-history":[{"count":3,"href":"https:\/\/ecole.ac-nice.fr\/valbonne\/leplan\/wp-json\/wp\/v2\/posts\/219\/revisions"}],"predecessor-version":[{"id":222,"href":"https:\/\/ecole.ac-nice.fr\/valbonne\/leplan\/wp-json\/wp\/v2\/posts\/219\/revisions\/222"}],"wp:attachment":[{"href":"https:\/\/ecole.ac-nice.fr\/valbonne\/leplan\/wp-json\/wp\/v2\/media?parent=219"}],"wp:term":[{"taxonomy":"category","embeddable":true,"href":"https:\/\/ecole.ac-nice.fr\/valbonne\/leplan\/wp-json\/wp\/v2\/categories?post=219"},{"taxonomy":"post_tag","embeddable":true,"href":"https:\/\/ecole.ac-nice.fr\/valbonne\/leplan\/wp-json\/wp\/v2\/tags?post=219"}],"curies":[{"name":"wp","href":"https:\/\/api.w.org\/{rel}","templated":true}]}}