{"id":190,"date":"2020-08-31T15:27:26","date_gmt":"2020-08-31T13:27:26","guid":{"rendered":"http:\/\/ecole.ac-nice.fr\/valbonne\/leplan\/?p=190"},"modified":"2020-10-13T09:34:06","modified_gmt":"2020-10-13T07:34:06","slug":"rentree-1er-septembre","status":"publish","type":"post","link":"https:\/\/ecole.ac-nice.fr\/valbonne\/leplan\/blog\/2020\/08\/31\/rentree-1er-septembre\/","title":{"rendered":"Rentr\u00e9e 1er septembre"},"content":{"rendered":"<div class=\"\">\n<div class=\"\">\n<div>\n<p>Madame, Monsieur,<\/p>\n<p>Afin d\u2019\u00e9viter les regroupements, des messages sont\u00a0<strong>en cours d\u2019envoi<\/strong>\u00a0aux parents pour leur donner le nom de l\u2019enseignant de leur(s) enfant(s) ainsi que l\u2019horaire et le lieu de rentr\u00e9e.<\/p>\n<p>Ces messages ne sont pas envoy\u00e9s \u00e0 tous les parents car les fiches de renseignements dont nous disposons\u00a0ne comportent parfois pas d\u2019adresse de messagerie.<\/p>\n<p>Je n\u2019ai actuellement pas la possibilit\u00e9 mat\u00e9rielle d\u2019envoyer un m\u00e9l\u00a0 individualis\u00e9 \u00e0 plus de mille parents.<\/p>\n<p>Veuillez trouver ci-dessous la liste des enseignants de l\u2019\u00e9cole ainsi que leur niveau de classe pour rapprocher cette information de celle(s) d\u00e9j\u00e0 en votre possession.<\/p>\n<p>Comme convenu initialement, il y aura quand m\u00eame un affichage en fin d\u2019apr\u00e8s-midi aujourd\u2019hui 31 ao\u00fbt pour les familles que je n\u2019aurai pas r\u00e9ussi \u00e0 joindre par m\u00e9l.<\/p>\n<p>Enfin, sauf n\u00e9cessit\u00e9, je vous remercie de ne pas m\u2019envoyer un m\u00e9l \u00a0qui demanderait de ma part une r\u00e9ponse rapide car je suis seule pour g\u00e9rer les 516 familles.<\/p>\n<p>&nbsp;<\/p>\n<p>Cordialement<\/p>\n<p>Yolaine Simonot<br \/>\nDirectrice<\/p>\n<p>&nbsp;<\/p>\n<p><strong>ORGANISATION JOUR DE RENTREE 1er SEPT 2020<\/strong><\/p>\n<p>Chaque \u00e9l\u00e8ve va se placer dans son rang en suivant les affichages.<\/p>\n<p><strong>\u00a0<\/strong><strong>LES CM2<\/strong><\/p>\n<p>8h20 \u2013 8H30\u00a0: C\u00d4TE CANTINE\u00a0 LES CM2<\/p>\n<p>Mme D\u00e9al<\/p>\n<p>Mme Farineau<\/p>\n<p>8h40 \u2013 8H50\u00a0: C\u00d4TE CANTINE\u00a0 LES CM2<\/p>\n<p>Mme Bonjean<\/p>\n<p>M. Pierron<\/p>\n<p><strong>\u00a0<\/strong><\/p>\n<p><strong>LES CM1<\/strong><\/p>\n<p>8h20 \u2013 8h30\u00a0: PORTAIL DU BAS LES CM1<\/p>\n<p>Mme Grattarola,<\/p>\n<p>Mmes Hue et Sonnati<\/p>\n<p>8h20 \u2013 8h30\u00a0: PORTAIL DU HAUT LES CM1<\/p>\n<p>Mmes Sonda et Marchand<\/p>\n<p><strong>\u00a0<\/strong><\/p>\n<p><strong>LES CE2<\/strong><\/p>\n<p>8h40 \u2013 8h50\u00a0: PORTAIL DU BAS LES CE2<\/p>\n<p>Mmes Giboire et Amouyal<\/p>\n<p>8h40 \u2013 8h50\u00a0: PORTAIL DU HAUT LES CE2<\/p>\n<p>Mmes Fran\u00e7ois et Aragon<\/p>\n<p><strong>\u00a0<\/strong><\/p>\n<p><strong>LES CE1<\/strong><\/p>\n<p>9h\u2013 9h10\u00a0: PORTAIL DU BAS LES CE1<\/p>\n<p>Mmes Barbe et Allard<\/p>\n<p>9h\u2013 9h10 : PORTAIL DU HAUT LES CE1<\/p>\n<p>Mmes Franco et Germain<\/p>\n<p>&nbsp;<\/p>\n<p><strong>LES CP<\/strong><\/p>\n<p>9h20 \u2013 9h30\u00a0: PORTAIL DU BAS LES CP<\/p>\n<p>Mmes Allard et Merle<\/p>\n<p>9h20 \u2013 9h30\u00a0: PORTAIL DU HAUT LES CP<\/p>\n<p>Mmes Wacongne et Giacalone<\/p>\n<p>&nbsp;<\/p>\n<\/div>\n<\/div>\n<\/div>\n","protected":false},"excerpt":{"rendered":"<p>Madame, Monsieur, Afin d\u2019\u00e9viter les regroupements, des messages sont\u00a0en cours d\u2019envoi\u00a0aux parents pour leur donner le nom de l\u2019enseignant de leur(s) enfant(s) ainsi que l\u2019horaire et le lieu de rentr\u00e9e. Ces messages ne sont pas envoy\u00e9s \u00e0 tous les parents &hellip; <a href=\"https:\/\/ecole.ac-nice.fr\/valbonne\/leplan\/blog\/2020\/08\/31\/rentree-1er-septembre\/\">Continuer la lecture <span class=\"meta-nav\">&rarr;<\/span><\/a><\/p>\n","protected":false},"author":20,"featured_media":0,"comment_status":"closed","ping_status":"open","sticky":false,"template":"","format":"standard","meta":{"footnotes":""},"categories":[2],"tags":[19],"class_list":["post-190","post","type-post","status-publish","format-standard","hentry","category-ecole","tag-rentree"],"_links":{"self":[{"href":"https:\/\/ecole.ac-nice.fr\/valbonne\/leplan\/wp-json\/wp\/v2\/posts\/190","targetHints":{"allow":["GET"]}}],"collection":[{"href":"https:\/\/ecole.ac-nice.fr\/valbonne\/leplan\/wp-json\/wp\/v2\/posts"}],"about":[{"href":"https:\/\/ecole.ac-nice.fr\/valbonne\/leplan\/wp-json\/wp\/v2\/types\/post"}],"author":[{"embeddable":true,"href":"https:\/\/ecole.ac-nice.fr\/valbonne\/leplan\/wp-json\/wp\/v2\/users\/20"}],"replies":[{"embeddable":true,"href":"https:\/\/ecole.ac-nice.fr\/valbonne\/leplan\/wp-json\/wp\/v2\/comments?post=190"}],"version-history":[{"count":14,"href":"https:\/\/ecole.ac-nice.fr\/valbonne\/leplan\/wp-json\/wp\/v2\/posts\/190\/revisions"}],"predecessor-version":[{"id":206,"href":"https:\/\/ecole.ac-nice.fr\/valbonne\/leplan\/wp-json\/wp\/v2\/posts\/190\/revisions\/206"}],"wp:attachment":[{"href":"https:\/\/ecole.ac-nice.fr\/valbonne\/leplan\/wp-json\/wp\/v2\/media?parent=190"}],"wp:term":[{"taxonomy":"category","embeddable":true,"href":"https:\/\/ecole.ac-nice.fr\/valbonne\/leplan\/wp-json\/wp\/v2\/categories?post=190"},{"taxonomy":"post_tag","embeddable":true,"href":"https:\/\/ecole.ac-nice.fr\/valbonne\/leplan\/wp-json\/wp\/v2\/tags?post=190"}],"curies":[{"name":"wp","href":"https:\/\/api.w.org\/{rel}","templated":true}]}}