{"id":57,"date":"2017-08-13T23:12:49","date_gmt":"2017-08-13T21:12:49","guid":{"rendered":"http:\/\/ecole.ac-nice.fr\/valbonne\/elemrouret\/?p=57"},"modified":"2021-06-28T21:52:57","modified_gmt":"2021-06-28T19:52:57","slug":"calendrier-scolaire-20172018-zone-b-academie-de-nice","status":"publish","type":"post","link":"https:\/\/ecole.ac-nice.fr\/valbonne\/elemrouret\/blog\/2017\/08\/13\/calendrier-scolaire-20172018-zone-b-academie-de-nice\/","title":{"rendered":"Calendrier scolaire 2021\/2022 zone B acad\u00e9mie de Nice"},"content":{"rendered":"<ul>\n<li><span style=\"color: #3366ff\"><strong>Rentr\u00e9e scolaire<\/strong><\/span>: jeudi 2 septembre 2021<\/li>\n<\/ul>\n<ul>\n<li><span style=\"color: #3366ff\"><strong>Vacances d&rsquo;automne:<br \/>\n<\/strong><\/span><em>Fin des cours<\/em>: samedi 23 octobre 2021<br \/>\n<em>Reprise des cours<\/em>: lundi 8 novembre 2021<\/li>\n<\/ul>\n<ul>\n<li><strong><span style=\"color: #3366ff\">Vacances de No\u00ebl:<br \/>\n<\/span><\/strong><em>Fin des cours<\/em>: samedi 18 d\u00e9cembre 2021<br \/>\n<em>Reprise des cours<\/em>: lundi 3 janvier 2022<\/li>\n<\/ul>\n<ul>\n<li><span style=\"color: #3366ff\"><strong>Vacances d&rsquo;hiver:<br \/>\n<\/strong><\/span><em>Fin des cours<\/em>: samedi 5 f\u00e9vrier 2022<br \/>\n<em>Reprise des cours:<\/em> lundi 21 f\u00e9vrier 2022<\/li>\n<\/ul>\n<ul>\n<li><span style=\"color: #3366ff\"><strong>Vacances de printemps:<\/strong><\/span><br \/>\n<em>Fin des cours:<\/em> samedi 9 avril 2022<br \/>\n<em>Reprise des cours:\u00a0<\/em> lundi 25 avril 2022<\/li>\n<\/ul>\n<ul>\n<li><strong><span style=\"color: #3366ff\">Vacances d&rsquo;\u00e9t\u00e9:<\/span><\/strong><br \/>\n<em>Fin des cours<\/em>: jeudi 7 juillet 2022<\/li>\n<\/ul>\n<p>&nbsp;<\/p>\n<p>&nbsp;<\/p>\n","protected":false},"excerpt":{"rendered":"<p>Rentr\u00e9e scolaire: jeudi 2 septembre 2021 Vacances d&rsquo;automne: Fin des cours: samedi 23 octobre 2021 Reprise des cours: lundi 8 novembre 2021 Vacances de No\u00ebl: Fin des cours: samedi 18 d\u00e9cembre 2021 Reprise des cours: lundi 3 janvier 2022 Vacances d&rsquo;hiver: Fin des cours: samedi 5 f\u00e9vrier 2022 Reprise des cours: lundi 21 f\u00e9vrier 2022 &hellip; <a href=\"https:\/\/ecole.ac-nice.fr\/valbonne\/elemrouret\/blog\/2017\/08\/13\/calendrier-scolaire-20172018-zone-b-academie-de-nice\/\" class=\"more-link\">Continuer la lecture de <span class=\"screen-reader-text\">Calendrier scolaire 2021\/2022 zone B acad\u00e9mie de Nice<\/span> <span class=\"meta-nav\">&rarr;<\/span><\/a><\/p>\n","protected":false},"author":11,"featured_media":0,"comment_status":"closed","ping_status":"open","sticky":false,"template":"","format":"standard","meta":{"footnotes":""},"categories":[19],"tags":[],"class_list":["post-57","post","type-post","status-publish","format-standard","hentry","category-calscolaire"],"_links":{"self":[{"href":"https:\/\/ecole.ac-nice.fr\/valbonne\/elemrouret\/wp-json\/wp\/v2\/posts\/57","targetHints":{"allow":["GET"]}}],"collection":[{"href":"https:\/\/ecole.ac-nice.fr\/valbonne\/elemrouret\/wp-json\/wp\/v2\/posts"}],"about":[{"href":"https:\/\/ecole.ac-nice.fr\/valbonne\/elemrouret\/wp-json\/wp\/v2\/types\/post"}],"author":[{"embeddable":true,"href":"https:\/\/ecole.ac-nice.fr\/valbonne\/elemrouret\/wp-json\/wp\/v2\/users\/11"}],"replies":[{"embeddable":true,"href":"https:\/\/ecole.ac-nice.fr\/valbonne\/elemrouret\/wp-json\/wp\/v2\/comments?post=57"}],"version-history":[{"count":14,"href":"https:\/\/ecole.ac-nice.fr\/valbonne\/elemrouret\/wp-json\/wp\/v2\/posts\/57\/revisions"}],"predecessor-version":[{"id":257,"href":"https:\/\/ecole.ac-nice.fr\/valbonne\/elemrouret\/wp-json\/wp\/v2\/posts\/57\/revisions\/257"}],"wp:attachment":[{"href":"https:\/\/ecole.ac-nice.fr\/valbonne\/elemrouret\/wp-json\/wp\/v2\/media?parent=57"}],"wp:term":[{"taxonomy":"category","embeddable":true,"href":"https:\/\/ecole.ac-nice.fr\/valbonne\/elemrouret\/wp-json\/wp\/v2\/categories?post=57"},{"taxonomy":"post_tag","embeddable":true,"href":"https:\/\/ecole.ac-nice.fr\/valbonne\/elemrouret\/wp-json\/wp\/v2\/tags?post=57"}],"curies":[{"name":"wp","href":"https:\/\/api.w.org\/{rel}","templated":true}]}}