{"id":303,"date":"2018-05-02T09:22:10","date_gmt":"2018-05-02T07:22:10","guid":{"rendered":"http:\/\/ecole.ac-nice.fr\/val-siagne\/rebuffel\/?p=303"},"modified":"2018-05-02T09:22:21","modified_gmt":"2018-05-02T07:22:21","slug":"exposition-lightpainting-cm2-et-ce2-cm1","status":"publish","type":"post","link":"https:\/\/ecole.ac-nice.fr\/val-siagne\/rebuffel\/2018\/05\/02\/exposition-lightpainting-cm2-et-ce2-cm1\/","title":{"rendered":"Exposition Lightpainting CM2 et CE2\/CM1"},"content":{"rendered":"<p style=\"text-align: center\"><span style=\"font-size: 18pt\"><img loading=\"lazy\" decoding=\"async\" class=\"size-medium wp-image-316 aligncenter\" src=\"http:\/\/ecole.ac-nice.fr\/val-siagne\/rebuffel\/wp-content\/uploads\/sites\/8\/2018\/05\/col\u00e8re-300x200.jpg\" alt=\"\" width=\"300\" height=\"200\" srcset=\"https:\/\/ecole.ac-nice.fr\/val-siagne\/rebuffel\/wp-content\/uploads\/sites\/8\/2018\/05\/col\u00e8re-300x200.jpg 300w, https:\/\/ecole.ac-nice.fr\/val-siagne\/rebuffel\/wp-content\/uploads\/sites\/8\/2018\/05\/col\u00e8re.jpg 640w\" sizes=\"auto, (max-width: 300px) 100vw, 300px\" \/><span style=\"color: #ff0000\">\u00ab\u00a0L&rsquo; art de la lumi\u00e8re\u00a0\u00bb<\/span>.<\/span><\/p>\n<p><strong>Les \u00e9l\u00e8ves de CE2\/CM1 et de CM2 de l&rsquo; \u00e9cole Rebuffel pr\u00e9sentent une exposition de LIGHTPAINTING intitul\u00e9e \u00ab\u00a0L&rsquo; art de la lumi\u00e8re\u00a0\u00bb. Venez nombreux d\u00e9couvrir la lumi\u00e8re comme vous ne l&rsquo;avez jamais vue.<\/strong><\/p>\n<p>Les \u00e9l\u00e8ves de l&rsquo;\u00e9cole Rebuffel, des classes de Mme Dibiaggio CE2\/CM1 et de Mme Desbuisson CM2 ont pr\u00e9par\u00e9 une exposition de LIGHTPAINTING (dessin dans le noir avec de la lumi\u00e8re) nomm\u00e9e \u00ab\u00a0L\u00a0\u00bbart de la lumi\u00e8re\u00a0\u00bb.<\/p>\n<p>Ils travaillent \u00e0 sa r\u00e9alisation depuis le d\u00e9but de l&rsquo;ann\u00e9e. Les \u00e9l\u00e8ves qui ont \u00e9t\u00e9 les principaux organisateurs de cette exposition se sont mis dans le noir afin de prendre les photos. Ils ont tout r\u00e9alis\u00e9 de la sc\u00e9nographie \u00e0 la m\u00e9diation en passant par la communication.<br \/>\n<strong>Le vernissage aura lieu le 11 juin 2018 \u00e0 18h00 et l&rsquo;exposition s&rsquo;ach\u00e8vera le 17 juin 2018.<\/strong><\/p>\n<p>Nous vous invitons \u00e0 d\u00e9couvrir notre projet la semaine du 11 au 17 juin de 14h \u00e0 19h \u00e0 la Galerie Sintitulo (10 rue du Commandeur, 06250 Mougins) o\u00f9 vous serez accueillis par Mme Albertini Cristina.<\/p>\n<p>Toutes nos \u00a0oeuvres y seront pr\u00e9sent\u00e9es.<\/p>\n<p>Si besoin de plus d&rsquo; informations contactez par mail\u00a0:<\/p>\n<p>Mme Albertini : cristina@jlalbertini.com<br \/>\nMme Desbuisson\u00a0: rebuffelsandra@gmail.com<br \/>\nMme Dibiaggio : g.dibiaggio@gmail.com<\/p>\n<p>&nbsp;<\/p>\n","protected":false},"excerpt":{"rendered":"<p>\u00ab\u00a0L&rsquo; art de la lumi\u00e8re\u00a0\u00bb. Les \u00e9l\u00e8ves de CE2\/CM1 et de CM2 de l&rsquo; \u00e9cole Rebuffel pr\u00e9sentent une exposition de LIGHTPAINTING intitul\u00e9e \u00ab\u00a0L&rsquo; art de la lumi\u00e8re\u00a0\u00bb. Venez nombreux d\u00e9couvrir la lumi\u00e8re comme vous ne l&rsquo;avez jamais vue. Les \u00e9l\u00e8ves de l&rsquo;\u00e9cole Rebuffel, des classes de Mme Dibiaggio CE2\/CM1 et de Mme Desbuisson CM2 ont &hellip; <a href=\"https:\/\/ecole.ac-nice.fr\/val-siagne\/rebuffel\/2018\/05\/02\/exposition-lightpainting-cm2-et-ce2-cm1\/\" class=\"more-link\">Continuer la lecture de <span class=\"screen-reader-text\">Exposition Lightpainting CM2 et CE2\/CM1<\/span>  <span class=\"meta-nav\">&rarr;<\/span><\/a><\/p>\n","protected":false},"author":51,"featured_media":0,"comment_status":"closed","ping_status":"open","sticky":false,"template":"","format":"standard","meta":{"footnotes":""},"categories":[29,31,1],"tags":[],"class_list":["post-303","post","type-post","status-publish","format-standard","hentry","category-ce2-cm1","category-cm2","category-non-classe"],"_links":{"self":[{"href":"https:\/\/ecole.ac-nice.fr\/val-siagne\/rebuffel\/wp-json\/wp\/v2\/posts\/303","targetHints":{"allow":["GET"]}}],"collection":[{"href":"https:\/\/ecole.ac-nice.fr\/val-siagne\/rebuffel\/wp-json\/wp\/v2\/posts"}],"about":[{"href":"https:\/\/ecole.ac-nice.fr\/val-siagne\/rebuffel\/wp-json\/wp\/v2\/types\/post"}],"author":[{"embeddable":true,"href":"https:\/\/ecole.ac-nice.fr\/val-siagne\/rebuffel\/wp-json\/wp\/v2\/users\/51"}],"replies":[{"embeddable":true,"href":"https:\/\/ecole.ac-nice.fr\/val-siagne\/rebuffel\/wp-json\/wp\/v2\/comments?post=303"}],"version-history":[{"count":4,"href":"https:\/\/ecole.ac-nice.fr\/val-siagne\/rebuffel\/wp-json\/wp\/v2\/posts\/303\/revisions"}],"predecessor-version":[{"id":312,"href":"https:\/\/ecole.ac-nice.fr\/val-siagne\/rebuffel\/wp-json\/wp\/v2\/posts\/303\/revisions\/312"}],"wp:attachment":[{"href":"https:\/\/ecole.ac-nice.fr\/val-siagne\/rebuffel\/wp-json\/wp\/v2\/media?parent=303"}],"wp:term":[{"taxonomy":"category","embeddable":true,"href":"https:\/\/ecole.ac-nice.fr\/val-siagne\/rebuffel\/wp-json\/wp\/v2\/categories?post=303"},{"taxonomy":"post_tag","embeddable":true,"href":"https:\/\/ecole.ac-nice.fr\/val-siagne\/rebuffel\/wp-json\/wp\/v2\/tags?post=303"}],"curies":[{"name":"wp","href":"https:\/\/api.w.org\/{rel}","templated":true}]}}