{"id":148,"date":"2018-02-19T14:28:08","date_gmt":"2018-02-19T13:28:08","guid":{"rendered":"http:\/\/ecole.ac-nice.fr\/val-siagne\/rebuffel\/?p=148"},"modified":"2018-04-27T15:14:27","modified_gmt":"2018-04-27T13:14:27","slug":"rencontre-avec-un-artiste","status":"publish","type":"post","link":"https:\/\/ecole.ac-nice.fr\/val-siagne\/rebuffel\/2018\/02\/19\/rencontre-avec-un-artiste\/","title":{"rendered":"Rencontre avec un artiste"},"content":{"rendered":"<p><strong>\u00a0\u00a0<\/strong><strong>Rencontre avec\u00a0<\/strong><strong>un artiste : Jean-Philippe Roubaud,<\/strong><\/p>\n<p>exposition Nature\/Culture, galerie Sintitulo, Mougins<\/p>\n<table>\n<tbody>\n<tr>\n<td><img loading=\"lazy\" decoding=\"async\" class=\"alignnone size-medium wp-image-159\" src=\"http:\/\/ecole.ac-nice.fr\/val-siagne\/rebuffel\/wp-content\/uploads\/sites\/8\/2018\/02\/IMG_1025-300x225.jpg\" alt=\"\" width=\"300\" height=\"225\" srcset=\"https:\/\/ecole.ac-nice.fr\/val-siagne\/rebuffel\/wp-content\/uploads\/sites\/8\/2018\/02\/IMG_1025-300x225.jpg 300w, https:\/\/ecole.ac-nice.fr\/val-siagne\/rebuffel\/wp-content\/uploads\/sites\/8\/2018\/02\/IMG_1025.jpg 640w\" sizes=\"auto, (max-width: 300px) 100vw, 300px\" \/><\/td>\n<td><img loading=\"lazy\" decoding=\"async\" class=\"alignnone size-medium wp-image-160\" src=\"http:\/\/ecole.ac-nice.fr\/val-siagne\/rebuffel\/wp-content\/uploads\/sites\/8\/2018\/02\/IMG_1027-e1519047630862-225x300.jpg\" alt=\"\" width=\"225\" height=\"300\" srcset=\"https:\/\/ecole.ac-nice.fr\/val-siagne\/rebuffel\/wp-content\/uploads\/sites\/8\/2018\/02\/IMG_1027-e1519047630862-225x300.jpg 225w, https:\/\/ecole.ac-nice.fr\/val-siagne\/rebuffel\/wp-content\/uploads\/sites\/8\/2018\/02\/IMG_1027-e1519047630862.jpg 480w\" sizes=\"auto, (max-width: 225px) 100vw, 225px\" \/><\/td>\n<\/tr>\n<\/tbody>\n<\/table>\n<p>L&rsquo;artiste est venu dans notre\u00a0classe vendredi 16 f\u00e9vrier.<\/p>\n<p>Ce que nous avons retenu\u00a0:<\/p>\n<p>Il est artiste depuis vingt ans et\u00a0dessine depuis l&rsquo;\u00e2ge de dix ans.<\/p>\n<p><span style=\"color: #ff0000\"><strong>Didascalie<\/strong><\/span>\u00a0: c&rsquo;est une petite note de l&rsquo;auteur (au th\u00e9\u00e2tre) pour pr\u00e9ciser le texte mais on ne le dit pas.<\/p>\n<p>L&rsquo;exposition c&rsquo;est une pr\u00e9cision.<\/p>\n<p>Il a choisi de faire du dessin car il n&rsquo;\u00e9tait pas dou\u00e9 pour raconter une BD.<\/p>\n<p>Il aime bien que l &lsquo;on pense qu&rsquo;il y a du bois dans un tableau alors que c&rsquo;est du dessin.<\/p>\n<p>Il adore tromper les gens (faire des effets visuels).<\/p>\n<p>Le fait de d\u00e9chirer cela donne un autre poster.<\/p>\n<p>Il note ses id\u00e9es sur un carnet sous forme de dessin.<\/p>\n<p>C &lsquo;est gentil qu&rsquo;il soit venu dans notre classe et surtout qu&rsquo;il nous ait fait une d\u00e9monstration de sa technique de dessin.<\/p>\n<p><img loading=\"lazy\" decoding=\"async\" class=\"alignnone size-medium wp-image-161\" src=\"http:\/\/ecole.ac-nice.fr\/val-siagne\/rebuffel\/wp-content\/uploads\/sites\/8\/2018\/02\/IMG_1028-e1519047784923-300x225.jpg\" alt=\"\" width=\"300\" height=\"225\" srcset=\"https:\/\/ecole.ac-nice.fr\/val-siagne\/rebuffel\/wp-content\/uploads\/sites\/8\/2018\/02\/IMG_1028-e1519047784923-300x225.jpg 300w, https:\/\/ecole.ac-nice.fr\/val-siagne\/rebuffel\/wp-content\/uploads\/sites\/8\/2018\/02\/IMG_1028-e1519047784923.jpg 640w\" sizes=\"auto, (max-width: 300px) 100vw, 300px\" \/><\/p>\n<p><strong>La classe de CM1 CM2<\/strong><\/p>\n","protected":false},"excerpt":{"rendered":"<p>\u00a0\u00a0Rencontre avec\u00a0un artiste : Jean-Philippe Roubaud, exposition Nature\/Culture, galerie Sintitulo, Mougins L&rsquo;artiste est venu dans notre\u00a0classe vendredi 16 f\u00e9vrier. Ce que nous avons retenu\u00a0: Il est artiste depuis vingt ans et\u00a0dessine depuis l&rsquo;\u00e2ge de dix ans. Didascalie\u00a0: c&rsquo;est une petite note de l&rsquo;auteur (au th\u00e9\u00e2tre) pour pr\u00e9ciser le texte mais on ne le dit pas. &hellip; <a href=\"https:\/\/ecole.ac-nice.fr\/val-siagne\/rebuffel\/2018\/02\/19\/rencontre-avec-un-artiste\/\" class=\"more-link\">Continuer la lecture de <span class=\"screen-reader-text\">Rencontre avec un artiste<\/span>  <span class=\"meta-nav\">&rarr;<\/span><\/a><\/p>\n","protected":false},"author":56,"featured_media":0,"comment_status":"closed","ping_status":"open","sticky":false,"template":"","format":"standard","meta":{"footnotes":""},"categories":[11,30,20],"tags":[],"class_list":["post-148","post","type-post","status-publish","format-standard","hentry","category-arts","category-cm1-cm2","category-production-decrits"],"_links":{"self":[{"href":"https:\/\/ecole.ac-nice.fr\/val-siagne\/rebuffel\/wp-json\/wp\/v2\/posts\/148","targetHints":{"allow":["GET"]}}],"collection":[{"href":"https:\/\/ecole.ac-nice.fr\/val-siagne\/rebuffel\/wp-json\/wp\/v2\/posts"}],"about":[{"href":"https:\/\/ecole.ac-nice.fr\/val-siagne\/rebuffel\/wp-json\/wp\/v2\/types\/post"}],"author":[{"embeddable":true,"href":"https:\/\/ecole.ac-nice.fr\/val-siagne\/rebuffel\/wp-json\/wp\/v2\/users\/56"}],"replies":[{"embeddable":true,"href":"https:\/\/ecole.ac-nice.fr\/val-siagne\/rebuffel\/wp-json\/wp\/v2\/comments?post=148"}],"version-history":[{"count":6,"href":"https:\/\/ecole.ac-nice.fr\/val-siagne\/rebuffel\/wp-json\/wp\/v2\/posts\/148\/revisions"}],"predecessor-version":[{"id":270,"href":"https:\/\/ecole.ac-nice.fr\/val-siagne\/rebuffel\/wp-json\/wp\/v2\/posts\/148\/revisions\/270"}],"wp:attachment":[{"href":"https:\/\/ecole.ac-nice.fr\/val-siagne\/rebuffel\/wp-json\/wp\/v2\/media?parent=148"}],"wp:term":[{"taxonomy":"category","embeddable":true,"href":"https:\/\/ecole.ac-nice.fr\/val-siagne\/rebuffel\/wp-json\/wp\/v2\/categories?post=148"},{"taxonomy":"post_tag","embeddable":true,"href":"https:\/\/ecole.ac-nice.fr\/val-siagne\/rebuffel\/wp-json\/wp\/v2\/tags?post=148"}],"curies":[{"name":"wp","href":"https:\/\/api.w.org\/{rel}","templated":true}]}}