{"id":101,"date":"2017-12-11T14:40:10","date_gmt":"2017-12-11T13:40:10","guid":{"rendered":"http:\/\/ecole.ac-nice.fr\/val-siagne\/rebuffel\/?p=101"},"modified":"2018-04-27T15:13:40","modified_gmt":"2018-04-27T13:13:40","slug":"notre-projet-marionnettes-avec-la-compagnie-arketal","status":"publish","type":"post","link":"https:\/\/ecole.ac-nice.fr\/val-siagne\/rebuffel\/2017\/12\/11\/notre-projet-marionnettes-avec-la-compagnie-arketal\/","title":{"rendered":"Notre projet Marionnettes avec la compagnie ARKETAL"},"content":{"rendered":"<p><span style=\"text-decoration: underline\"><strong>Voici les diff\u00e9rentes \u00e9tapes de notre projet marionnettes :<\/strong><\/span><\/p>\n<p><span style=\"text-decoration: underline\">\u00c9tape 1<\/span> : Lecture de l&rsquo;album\u00a0 \u00ab\u00a0L\u2019homme qui plantait des arbres\u00a0\u00bb de Jean Giono<\/p>\n<p><img loading=\"lazy\" decoding=\"async\" class=\"alignnone size-full wp-image-126 aligncenter\" src=\"http:\/\/ecole.ac-nice.fr\/val-siagne\/rebuffel\/wp-content\/uploads\/sites\/8\/2017\/12\/arbres.jpg\" alt=\"\" width=\"129\" height=\"191\" \/><\/p>\n<p><span style=\"text-decoration: underline\">\u00c9tape 2<\/span> : (avec Arketal) lundi 6\/11\/17 matin de 9 h 45 \u00e0 11 h 45<\/p>\n<p>Pr\u00e9sentation de la compagnie et \u00e9criture \u00e0 partir de la question :<\/p>\n<p><span style=\"font-size: 18pt\"> \u00ab\u00a0<b>Si tu pouvais faire une chose pour changer le monde,\u00a0 <\/b><\/span><span style=\"font-size: 18pt\"><b>que ferais-tu <\/b>?\u00a0\u00bb<\/span><\/p>\n<p>Inventer, imaginer un personnage qui ferait cette action.<\/p>\n<p><span style=\"text-decoration: underline\">\u00c9tape 3<\/span> : Production d\u2019\u00e9crits : les \u00e9motions, les actions et la description du personnage<\/p>\n<p><span style=\"text-decoration: underline\">\u00c9tape 4<\/span> : (avec Arketal) 3 x 2 h<\/p>\n<p>lundi 20\/11\/17 matin de 9 h 45 \u00e0 11 h 45<\/p>\n<p>+ Spectacle Sc\u00e8ne 55 le mardi 5\/12 apr\u00e8s-midi :<\/p>\n<p><strong>\u00a0 \u00a0 \u00a0 \u00a0 \u00a0 \u00a0 \u00a0 \u00a0 \u00a0 \u00a0 \u00a0 \u00a0 \u00a0 \u00a0 \u00a0 \u00a0 \u00a0 \u00a0 \u00a0 \u00a0Marionnettes sur eau du Vietnam<\/strong><\/p>\n<p><img loading=\"lazy\" decoding=\"async\" class=\"wp-image-121 aligncenter\" src=\"http:\/\/ecole.ac-nice.fr\/val-siagne\/rebuffel\/wp-content\/uploads\/sites\/8\/2017\/12\/vietnam-1-300x226.jpg\" alt=\"\" width=\"356\" height=\"268\" srcset=\"https:\/\/ecole.ac-nice.fr\/val-siagne\/rebuffel\/wp-content\/uploads\/sites\/8\/2017\/12\/vietnam-1-300x226.jpg 300w, https:\/\/ecole.ac-nice.fr\/val-siagne\/rebuffel\/wp-content\/uploads\/sites\/8\/2017\/12\/vietnam-1-768x578.jpg 768w, https:\/\/ecole.ac-nice.fr\/val-siagne\/rebuffel\/wp-content\/uploads\/sites\/8\/2017\/12\/vietnam-1-1024x771.jpg 1024w, https:\/\/ecole.ac-nice.fr\/val-siagne\/rebuffel\/wp-content\/uploads\/sites\/8\/2017\/12\/vietnam-1.jpg 1427w\" sizes=\"auto, (max-width: 356px) 100vw, 356px\" \/><\/p>\n<p>Jeudi 7\/12\/17 matin de 9 h 45 \u00e0 11 h 45<\/p>\n<p>Mardi 12\/12\/17 apr\u00e8s-midi de 13 h 50 \u00e0 15 h 50<\/p>\n<p>Fabrication des marionnettes<\/p>\n<p><span style=\"text-decoration: underline\">\u00c9tape 5<\/span> : (avec Arketal) mardi 23\/01\/18 matin de 9 h 45 \u00e0 11 h 45<\/p>\n<p>Apprentissage du jeu avec les marionnettes<\/p>\n<p><span style=\"text-decoration: underline\">\u00c9tape 6<\/span> : (avec Arketal) lundi 5\/02\/17 matin de 9 h \u00e0 11 h<\/p>\n<p>Spectacle devant les \u00e9l\u00e8ves des classes participant au projet marionnettes<\/p>\n<p>+ Spectacle Sc\u00e8ne 55 le mercredi 21\/02 matin<\/p>\n<p>+ Spectacle Sc\u00e8ne 55 le mardi 10\/04 matin<\/p>\n<p>&nbsp;<\/p>\n","protected":false},"excerpt":{"rendered":"<p>Voici les diff\u00e9rentes \u00e9tapes de notre projet marionnettes : \u00c9tape 1 : Lecture de l&rsquo;album\u00a0 \u00ab\u00a0L\u2019homme qui plantait des arbres\u00a0\u00bb de Jean Giono \u00c9tape 2 : (avec Arketal) lundi 6\/11\/17 matin de 9 h 45 \u00e0 11 h 45 Pr\u00e9sentation de la compagnie et \u00e9criture \u00e0 partir de la question : \u00ab\u00a0Si tu pouvais faire &hellip; <a href=\"https:\/\/ecole.ac-nice.fr\/val-siagne\/rebuffel\/2017\/12\/11\/notre-projet-marionnettes-avec-la-compagnie-arketal\/\" class=\"more-link\">Continuer la lecture de <span class=\"screen-reader-text\">Notre projet Marionnettes avec la compagnie ARKETAL<\/span>  <span class=\"meta-nav\">&rarr;<\/span><\/a><\/p>\n","protected":false},"author":55,"featured_media":0,"comment_status":"closed","ping_status":"open","sticky":false,"template":"","format":"standard","meta":{"footnotes":""},"categories":[11,21,15],"tags":[],"class_list":["post-101","post","type-post","status-publish","format-standard","hentry","category-arts","category-cm1","category-dans-les-classes"],"_links":{"self":[{"href":"https:\/\/ecole.ac-nice.fr\/val-siagne\/rebuffel\/wp-json\/wp\/v2\/posts\/101","targetHints":{"allow":["GET"]}}],"collection":[{"href":"https:\/\/ecole.ac-nice.fr\/val-siagne\/rebuffel\/wp-json\/wp\/v2\/posts"}],"about":[{"href":"https:\/\/ecole.ac-nice.fr\/val-siagne\/rebuffel\/wp-json\/wp\/v2\/types\/post"}],"author":[{"embeddable":true,"href":"https:\/\/ecole.ac-nice.fr\/val-siagne\/rebuffel\/wp-json\/wp\/v2\/users\/55"}],"replies":[{"embeddable":true,"href":"https:\/\/ecole.ac-nice.fr\/val-siagne\/rebuffel\/wp-json\/wp\/v2\/comments?post=101"}],"version-history":[{"count":8,"href":"https:\/\/ecole.ac-nice.fr\/val-siagne\/rebuffel\/wp-json\/wp\/v2\/posts\/101\/revisions"}],"predecessor-version":[{"id":115,"href":"https:\/\/ecole.ac-nice.fr\/val-siagne\/rebuffel\/wp-json\/wp\/v2\/posts\/101\/revisions\/115"}],"wp:attachment":[{"href":"https:\/\/ecole.ac-nice.fr\/val-siagne\/rebuffel\/wp-json\/wp\/v2\/media?parent=101"}],"wp:term":[{"taxonomy":"category","embeddable":true,"href":"https:\/\/ecole.ac-nice.fr\/val-siagne\/rebuffel\/wp-json\/wp\/v2\/categories?post=101"},{"taxonomy":"post_tag","embeddable":true,"href":"https:\/\/ecole.ac-nice.fr\/val-siagne\/rebuffel\/wp-json\/wp\/v2\/tags?post=101"}],"curies":[{"name":"wp","href":"https:\/\/api.w.org\/{rel}","templated":true}]}}