{"id":505,"date":"2018-05-03T12:50:00","date_gmt":"2018-05-03T10:50:00","guid":{"rendered":"http:\/\/ecole.ac-nice.fr\/val-siagne\/ecole3collines\/?p=505"},"modified":"2018-05-03T12:51:14","modified_gmt":"2018-05-03T10:51:14","slug":"505","status":"publish","type":"post","link":"https:\/\/ecole.ac-nice.fr\/val-siagne\/ecole3collines\/2018\/05\/03\/505\/","title":{"rendered":"Cr\u00e9ation vid\u00e9o des ce2 Si"},"content":{"rendered":"<p style=\"text-align: left\"><span style=\"font-family: 'comic sans ms', sans-serif;font-size: 18pt\">Cette ann\u00e9e, nous avons d\u00e9couvert les aventures d\u2019Ulysse, les h\u00e9ros et les divinit\u00e9s de la mythologie grecque. La ma\u00eetresse nous a lu l\u2019Iliade. Chacun de nous a pr\u00e9sent\u00e9 \u00e0 la classe un expos\u00e9 sur un livre parlant d\u2019un mythe grec. Toutes ces histoires nous ont passionn\u00e9s. Alors la ma\u00eetresse nous a propos\u00e9 d\u2019\u00e9crire une aventure d&rsquo;Ulysse \u00e0 l\u2019\u00e9poque moderne. Une maman de la classe est venue nous aider \u00e0 cr\u00e9er un dessin anim\u00e9 avec notre histoire. On a tout invent\u00e9 : les personnages, les dialogues, la mise en sc\u00e8ne ; on a enregistr\u00e9 les voix des personnages ; on a chant\u00e9 le g\u00e9n\u00e9rique. Quelle aventure cr\u00e9ative ! D\u00e9couvrez notre dessin anim\u00e9 \ud83d\ude0a<\/span><\/p>\n<p><iframe loading=\"lazy\" title=\"Ulysse \u00e0 l&#039;\u00e9cole CE2 SI 2017-2018\" width=\"474\" height=\"267\" src=\"https:\/\/www.youtube.com\/embed\/uPpfbZYkxKE?feature=oembed\" frameborder=\"0\" allow=\"accelerometer; autoplay; clipboard-write; encrypted-media; gyroscope; picture-in-picture; web-share\" referrerpolicy=\"strict-origin-when-cross-origin\" allowfullscreen><\/iframe><\/p>\n<p>&nbsp;<\/p>\n<p>&nbsp;<\/p>\n","protected":false},"excerpt":{"rendered":"<p>Cette ann\u00e9e, nous avons d\u00e9couvert les aventures d\u2019Ulysse, les h\u00e9ros et les divinit\u00e9s de la mythologie grecque. La ma\u00eetresse nous a lu l\u2019Iliade. Chacun de nous a pr\u00e9sent\u00e9 \u00e0 la classe un expos\u00e9 sur un livre parlant d\u2019un mythe grec. Toutes ces histoires nous ont passionn\u00e9s. Alors la ma\u00eetresse nous a propos\u00e9 d\u2019\u00e9crire une aventure &hellip; <a href=\"https:\/\/ecole.ac-nice.fr\/val-siagne\/ecole3collines\/2018\/05\/03\/505\/\" class=\"more-link\">Continuer la lecture de <span class=\"screen-reader-text\">Cr\u00e9ation vid\u00e9o des ce2 Si<\/span>  <span class=\"meta-nav\">&rarr;<\/span><\/a><\/p>\n","protected":false},"author":92,"featured_media":0,"comment_status":"closed","ping_status":"open","sticky":false,"template":"","format":"standard","meta":{"footnotes":""},"categories":[1,31],"tags":[],"class_list":["post-505","post","type-post","status-publish","format-standard","hentry","category-non-classe","category-numero-4"],"_links":{"self":[{"href":"https:\/\/ecole.ac-nice.fr\/val-siagne\/ecole3collines\/wp-json\/wp\/v2\/posts\/505","targetHints":{"allow":["GET"]}}],"collection":[{"href":"https:\/\/ecole.ac-nice.fr\/val-siagne\/ecole3collines\/wp-json\/wp\/v2\/posts"}],"about":[{"href":"https:\/\/ecole.ac-nice.fr\/val-siagne\/ecole3collines\/wp-json\/wp\/v2\/types\/post"}],"author":[{"embeddable":true,"href":"https:\/\/ecole.ac-nice.fr\/val-siagne\/ecole3collines\/wp-json\/wp\/v2\/users\/92"}],"replies":[{"embeddable":true,"href":"https:\/\/ecole.ac-nice.fr\/val-siagne\/ecole3collines\/wp-json\/wp\/v2\/comments?post=505"}],"version-history":[{"count":2,"href":"https:\/\/ecole.ac-nice.fr\/val-siagne\/ecole3collines\/wp-json\/wp\/v2\/posts\/505\/revisions"}],"predecessor-version":[{"id":507,"href":"https:\/\/ecole.ac-nice.fr\/val-siagne\/ecole3collines\/wp-json\/wp\/v2\/posts\/505\/revisions\/507"}],"wp:attachment":[{"href":"https:\/\/ecole.ac-nice.fr\/val-siagne\/ecole3collines\/wp-json\/wp\/v2\/media?parent=505"}],"wp:term":[{"taxonomy":"category","embeddable":true,"href":"https:\/\/ecole.ac-nice.fr\/val-siagne\/ecole3collines\/wp-json\/wp\/v2\/categories?post=505"},{"taxonomy":"post_tag","embeddable":true,"href":"https:\/\/ecole.ac-nice.fr\/val-siagne\/ecole3collines\/wp-json\/wp\/v2\/tags?post=505"}],"curies":[{"name":"wp","href":"https:\/\/api.w.org\/{rel}","templated":true}]}}