{"id":469,"date":"2018-04-22T15:25:20","date_gmt":"2018-04-22T13:25:20","guid":{"rendered":"http:\/\/ecole.ac-nice.fr\/val-siagne\/ecole3collines\/?p=469"},"modified":"2018-04-22T15:26:55","modified_gmt":"2018-04-22T13:26:55","slug":"carnaval-provencal-aux-3-collines","status":"publish","type":"post","link":"https:\/\/ecole.ac-nice.fr\/val-siagne\/ecole3collines\/2018\/04\/22\/carnaval-provencal-aux-3-collines\/","title":{"rendered":"Carnaval proven\u00e7al aux 3 collines"},"content":{"rendered":"<p>Le jeudi 29 mars, le temps nous a enfin permis de faire notre traditionnel carnaval. <!--more--><\/p>\n<p>Encore plus traditionnel que d\u2019habitude, puisque cette ann\u00e9e il \u00e9tait accompagn\u00e9 de musiques et danses proven\u00e7ales.<\/p>\n<p>D\u2019abord il a fallu s\u2019entra\u00eener pour conna\u00eetre les danses et faire sauter la paillasse. Patrick Rougeot, un professeur de musiques traditionnelles (conservatoire de Vence), est venu \u00e0 l\u2019\u00e9cole pour apprendre des danses proven\u00e7ales \u00e0 certaines classes.<\/p>\n<p><img loading=\"lazy\" decoding=\"async\" class=\"alignnone size-medium wp-image-474\" src=\"http:\/\/ecole.ac-nice.fr\/val-siagne\/ecole3collines\/wp-content\/uploads\/sites\/5\/2018\/04\/20180327_115032-300x169.jpg\" alt=\"\" width=\"300\" height=\"169\" srcset=\"https:\/\/ecole.ac-nice.fr\/val-siagne\/ecole3collines\/wp-content\/uploads\/sites\/5\/2018\/04\/20180327_115032-300x169.jpg 300w, https:\/\/ecole.ac-nice.fr\/val-siagne\/ecole3collines\/wp-content\/uploads\/sites\/5\/2018\/04\/20180327_115032-768x432.jpg 768w, https:\/\/ecole.ac-nice.fr\/val-siagne\/ecole3collines\/wp-content\/uploads\/sites\/5\/2018\/04\/20180327_115032-1024x576.jpg 1024w\" sizes=\"auto, (max-width: 300px) 100vw, 300px\" \/><\/p>\n<p>Puis le grand jour est arriv\u00e9\u00a0! Les enfants de MS\/GS vous racontent leur apr\u00e8s-midi\u00a0:<\/p>\n<p>On s\u2019est d\u00e9guis\u00e9 au carnaval. (Estelle)<\/p>\n<p>On a fait les photos avec le photographe. (Jos\u00e9phine)<\/p>\n<p>Au carnaval, au d\u00e9but on est descendu dans la cour des grands et apr\u00e8s la photo on a fait une farandole. (Tessa)<\/p>\n<p>On a appris une chanson pour le carnaval. On doit faire sauter la Paillasse. (Lisa)<\/p>\n<p>Voici les paroles\u00a0:<\/p>\n<p><em>Pimp\u00e9, Pimp\u00e9, Pimp\u00e9 s\u2019es roumpu la cambo, Pimp\u00e9, Pimp\u00e9, Pimp\u00e9 s\u2019es roumpu lou p\u00e8d.<\/em><\/p>\n<p><em>Oh\u00a0! Coumo danso b\u00e8n la saco de pa\u00efo, o<\/em><em>h\u00a0! coumo danso b\u00e8n la saco de f\u00e8n.<\/em><\/p>\n<p>Il y avait Patrick qui faisait de la musique avec un tambourin et une fl\u00fbte (un galoubet). (Marion)<\/p>\n<p>Patrick a jou\u00e9 de la musique et on a dans\u00e9. (Margaux)<\/p>\n<p>Au carnaval on a dans\u00e9 et on a mis les d\u00e9guisements. (Assia)<\/p>\n<p>J\u2019ai vu ma s\u0153ur au carnaval. (Martin)<\/p>\n<p>Sarah a dit qu\u2019on lance les confettis quand c\u2019\u00e9tait le carnaval. (Mathis)<\/p>\n<p>On a lanc\u00e9 les confettis et on a fait la farandole. (Manon)<\/p>\n<p>On a lanc\u00e9 des confettis au carnaval dans la cour d\u2019en bas. (Ethan)<\/p>\n<p>On a fait le go\u00fbter dans la cour du haut. (C\u00e9lia)<\/p>\n<p>&nbsp;<\/p>\n<p><img loading=\"lazy\" decoding=\"async\" class=\"alignnone size-medium wp-image-472\" src=\"http:\/\/ecole.ac-nice.fr\/val-siagne\/ecole3collines\/wp-content\/uploads\/sites\/5\/2018\/04\/20180329_151458-300x169.jpg\" alt=\"\" width=\"300\" height=\"169\" srcset=\"https:\/\/ecole.ac-nice.fr\/val-siagne\/ecole3collines\/wp-content\/uploads\/sites\/5\/2018\/04\/20180329_151458-300x169.jpg 300w, https:\/\/ecole.ac-nice.fr\/val-siagne\/ecole3collines\/wp-content\/uploads\/sites\/5\/2018\/04\/20180329_151458-768x432.jpg 768w, https:\/\/ecole.ac-nice.fr\/val-siagne\/ecole3collines\/wp-content\/uploads\/sites\/5\/2018\/04\/20180329_151458-1024x576.jpg 1024w\" sizes=\"auto, (max-width: 300px) 100vw, 300px\" \/>\u00a0\u00a0 <img loading=\"lazy\" decoding=\"async\" class=\"size-medium wp-image-473 aligncenter\" src=\"http:\/\/ecole.ac-nice.fr\/val-siagne\/ecole3collines\/wp-content\/uploads\/sites\/5\/2018\/04\/20180329_153357-300x169.jpg\" alt=\"\" width=\"300\" height=\"169\" srcset=\"https:\/\/ecole.ac-nice.fr\/val-siagne\/ecole3collines\/wp-content\/uploads\/sites\/5\/2018\/04\/20180329_153357-300x169.jpg 300w, https:\/\/ecole.ac-nice.fr\/val-siagne\/ecole3collines\/wp-content\/uploads\/sites\/5\/2018\/04\/20180329_153357-768x432.jpg 768w, https:\/\/ecole.ac-nice.fr\/val-siagne\/ecole3collines\/wp-content\/uploads\/sites\/5\/2018\/04\/20180329_153357-1024x576.jpg 1024w\" sizes=\"auto, (max-width: 300px) 100vw, 300px\" \/><\/p>\n<p>&nbsp;<\/p>\n","protected":false},"excerpt":{"rendered":"<p>Le jeudi 29 mars, le temps nous a enfin permis de faire notre traditionnel carnaval.<\/p>\n","protected":false},"author":91,"featured_media":0,"comment_status":"closed","ping_status":"open","sticky":false,"template":"","format":"standard","meta":{"footnotes":""},"categories":[15,21,31],"tags":[],"class_list":["post-469","post","type-post","status-publish","format-standard","hentry","category-dans-les-classes","category-journal","category-numero-4"],"_links":{"self":[{"href":"https:\/\/ecole.ac-nice.fr\/val-siagne\/ecole3collines\/wp-json\/wp\/v2\/posts\/469","targetHints":{"allow":["GET"]}}],"collection":[{"href":"https:\/\/ecole.ac-nice.fr\/val-siagne\/ecole3collines\/wp-json\/wp\/v2\/posts"}],"about":[{"href":"https:\/\/ecole.ac-nice.fr\/val-siagne\/ecole3collines\/wp-json\/wp\/v2\/types\/post"}],"author":[{"embeddable":true,"href":"https:\/\/ecole.ac-nice.fr\/val-siagne\/ecole3collines\/wp-json\/wp\/v2\/users\/91"}],"replies":[{"embeddable":true,"href":"https:\/\/ecole.ac-nice.fr\/val-siagne\/ecole3collines\/wp-json\/wp\/v2\/comments?post=469"}],"version-history":[{"count":4,"href":"https:\/\/ecole.ac-nice.fr\/val-siagne\/ecole3collines\/wp-json\/wp\/v2\/posts\/469\/revisions"}],"predecessor-version":[{"id":477,"href":"https:\/\/ecole.ac-nice.fr\/val-siagne\/ecole3collines\/wp-json\/wp\/v2\/posts\/469\/revisions\/477"}],"wp:attachment":[{"href":"https:\/\/ecole.ac-nice.fr\/val-siagne\/ecole3collines\/wp-json\/wp\/v2\/media?parent=469"}],"wp:term":[{"taxonomy":"category","embeddable":true,"href":"https:\/\/ecole.ac-nice.fr\/val-siagne\/ecole3collines\/wp-json\/wp\/v2\/categories?post=469"},{"taxonomy":"post_tag","embeddable":true,"href":"https:\/\/ecole.ac-nice.fr\/val-siagne\/ecole3collines\/wp-json\/wp\/v2\/tags?post=469"}],"curies":[{"name":"wp","href":"https:\/\/api.w.org\/{rel}","templated":true}]}}