{"id":4614,"date":"2020-04-29T23:20:22","date_gmt":"2020-04-29T21:20:22","guid":{"rendered":"http:\/\/ecole.ac-nice.fr\/toulon1\/eevalbertrand\/?p=4614"},"modified":"2020-04-29T23:20:22","modified_gmt":"2020-04-29T21:20:22","slug":"cm2-jeudi-30-avril-2020","status":"publish","type":"post","link":"https:\/\/ecole.ac-nice.fr\/toulon1\/eevalbertrand\/blog\/2020\/04\/29\/cm2-jeudi-30-avril-2020\/","title":{"rendered":"CM2 jeudi 30 avril 2020"},"content":{"rendered":"<p>Bonjour \u00e0 tous,<\/p>\n<p>Allez, on ne rel\u00e2che pas, il n&rsquo;y a qu&rsquo;un jour de travail mais on reste s\u00e9rieux \ud83d\ude09<\/p>\n<p>Je dis cela car j&rsquo;ai eu moins d&rsquo;envois de dict\u00e9es que d&rsquo;habitude&#8230; dure dure la reprise, je comprends&#8230;Il faut reprendre un rythme et ce n&rsquo;est pas facile, mais \u00e7a va revenir, j&rsquo;en suis s\u00fbre !<\/p>\n<p>POUR LES PARENTS : En ce qui concerne la LECTURE du roman \u00ab\u00a0<strong>Le monde d&rsquo;en haut<\/strong>\u00ab\u00a0, je vous propose de lire \u00ab\u00a0avec eux\u00a0\u00bb afin de les aider \u00e0 comprendre car c&rsquo;est un livre qui n&rsquo;est pas si \u00e9vident \u00e0 comprendre. Je vous fais parvenir un r\u00e9sum\u00e9 des chapitres, cela peut vous aider. En effet, vous pouvez demander \u00e0 votre enfant de vous r\u00e9sumer chaque chapitre pour v\u00e9rifier sa compr\u00e9hension MAIS je compte sur vous pour ne pas les leur montrer.<\/p>\n<p><a href=\"http:\/\/ecole.ac-nice.fr\/toulon1\/eevalbertrand\/wp-content\/uploads\/sites\/9\/2020\/04\/R\u00e9sum\u00e9s-par-chapitre.pdf\">R\u00e9sum\u00e9s par chapitre<\/a><\/p>\n<p>Voici la le\u00e7on compl\u00e8te d&rsquo;histoire sur la R\u00e9volution Fran\u00e7aise, que nous apprendrons, bien s\u00fbr,\u00a0 au fur et \u00e0 mesure.<\/p>\n<p><a href=\"http:\/\/ecole.ac-nice.fr\/toulon1\/eevalbertrand\/wp-content\/uploads\/sites\/9\/2020\/04\/TElaRevolutionFran\u00e7aise.pdf\">TElaRevolutionFran\u00e7aise<\/a><\/p>\n<p>Voici la correction de la fiche\u00a0 Semaine 21<\/p>\n<p><a href=\"http:\/\/ecole.ac-nice.fr\/toulon1\/eevalbertrand\/wp-content\/uploads\/sites\/9\/2020\/04\/Correction-Fiche-Semaine-21.pdf\">Correction Fiche Semaine 21<\/a><\/p>\n<p>Voici la fiche sur le Futur des verbes en -er pour ceux qui ne l&rsquo;ont pas eue. C&rsquo;est ma faute, je ne l&rsquo;avais pas encore pos\u00e9e au d\u00e9but de la distribution en classe&#8230; D\u00e9sol\u00e9e ;-(<\/p>\n<p><a href=\"http:\/\/ecole.ac-nice.fr\/toulon1\/eevalbertrand\/wp-content\/uploads\/sites\/9\/2020\/04\/Futur-Verbes-en-er.pdf\">Futur Verbes en -er<\/a><\/p>\n<p>Et pour finir, le travail de jeudi 30 avril 2020<\/p>\n<p><a href=\"http:\/\/ecole.ac-nice.fr\/toulon1\/eevalbertrand\/wp-content\/uploads\/sites\/9\/2020\/04\/Jeudi-30-avril-2020.pdf\">Jeudi 30 avril 2020<\/a><\/p>\n<p>avec l&rsquo;anglais<\/p>\n<p><a href=\"http:\/\/ecole.ac-nice.fr\/toulon1\/eevalbertrand\/wp-content\/uploads\/sites\/9\/2020\/04\/Mystery-at-the-museum-S5.pdf\">Mystery at the museum S5<\/a><\/p>\n<p>Bon courage \u00e0 tout le monde et passez un excellent weekend<\/p>\n<p>A tr\u00e8s bient\u00f4t :-))<\/p>\n","protected":false},"excerpt":{"rendered":"<p>Bonjour \u00e0 tous, Allez, on ne rel\u00e2che pas, il n&rsquo;y a qu&rsquo;un jour de travail mais on reste s\u00e9rieux \ud83d\ude09 Je dis cela car j&rsquo;ai eu moins d&rsquo;envois de dict\u00e9es que d&rsquo;habitude&#8230; dure dure la reprise, je comprends&#8230;Il faut reprendre un rythme et ce n&rsquo;est pas facile, mais \u00e7a va revenir, j&rsquo;en suis s\u00fbre ! &hellip; <a href=\"https:\/\/ecole.ac-nice.fr\/toulon1\/eevalbertrand\/blog\/2020\/04\/29\/cm2-jeudi-30-avril-2020\/\" class=\"more-link\">Continuer la lecture de <span class=\"screen-reader-text\">CM2 jeudi 30 avril 2020<\/span> <span class=\"meta-nav\">&rarr;<\/span><\/a><\/p>\n","protected":false},"author":18,"featured_media":0,"comment_status":"open","ping_status":"open","sticky":false,"template":"","format":"standard","meta":{"footnotes":""},"categories":[29],"tags":[],"class_list":["post-4614","post","type-post","status-publish","format-standard","hentry","category-cm2-mme-courmontagne"],"_links":{"self":[{"href":"https:\/\/ecole.ac-nice.fr\/toulon1\/eevalbertrand\/wp-json\/wp\/v2\/posts\/4614","targetHints":{"allow":["GET"]}}],"collection":[{"href":"https:\/\/ecole.ac-nice.fr\/toulon1\/eevalbertrand\/wp-json\/wp\/v2\/posts"}],"about":[{"href":"https:\/\/ecole.ac-nice.fr\/toulon1\/eevalbertrand\/wp-json\/wp\/v2\/types\/post"}],"author":[{"embeddable":true,"href":"https:\/\/ecole.ac-nice.fr\/toulon1\/eevalbertrand\/wp-json\/wp\/v2\/users\/18"}],"replies":[{"embeddable":true,"href":"https:\/\/ecole.ac-nice.fr\/toulon1\/eevalbertrand\/wp-json\/wp\/v2\/comments?post=4614"}],"version-history":[{"count":1,"href":"https:\/\/ecole.ac-nice.fr\/toulon1\/eevalbertrand\/wp-json\/wp\/v2\/posts\/4614\/revisions"}],"predecessor-version":[{"id":4628,"href":"https:\/\/ecole.ac-nice.fr\/toulon1\/eevalbertrand\/wp-json\/wp\/v2\/posts\/4614\/revisions\/4628"}],"wp:attachment":[{"href":"https:\/\/ecole.ac-nice.fr\/toulon1\/eevalbertrand\/wp-json\/wp\/v2\/media?parent=4614"}],"wp:term":[{"taxonomy":"category","embeddable":true,"href":"https:\/\/ecole.ac-nice.fr\/toulon1\/eevalbertrand\/wp-json\/wp\/v2\/categories?post=4614"},{"taxonomy":"post_tag","embeddable":true,"href":"https:\/\/ecole.ac-nice.fr\/toulon1\/eevalbertrand\/wp-json\/wp\/v2\/tags?post=4614"}],"curies":[{"name":"wp","href":"https:\/\/api.w.org\/{rel}","templated":true}]}}