{"id":4326,"date":"2020-04-27T02:05:54","date_gmt":"2020-04-27T00:05:54","guid":{"rendered":"http:\/\/ecole.ac-nice.fr\/toulon1\/eevalbertrand\/?p=4326"},"modified":"2020-04-27T02:05:54","modified_gmt":"2020-04-27T00:05:54","slug":"cm2-lundi-27-avril-et-mardi-28-avril-2020","status":"publish","type":"post","link":"https:\/\/ecole.ac-nice.fr\/toulon1\/eevalbertrand\/blog\/2020\/04\/27\/cm2-lundi-27-avril-et-mardi-28-avril-2020\/","title":{"rendered":"CM2 lundi 27 avril et mardi 28 avril 2020"},"content":{"rendered":"<p>Bonjour \u00e0 tous,<\/p>\n<p>C&rsquo;est la rentr\u00e9e pour vos enfants ! J&rsquo;esp\u00e8re que leurs vacances se sont bien pass\u00e9es&#8230;et les v\u00f4tres si vous en aviez \u00e9galement. Nous repartons pour du t\u00e9l\u00e9travail, soyons patients et courageux !<\/p>\n<p>Pour commencer, je souhaiterais recevoir les<strong> illustrations des expressions imag\u00e9es<\/strong> cr\u00e9\u00e9es par vos enfants. J&rsquo;en ai d\u00e9j\u00e0 re\u00e7u quelques-unes qui sont tr\u00e8s originales !<\/p>\n<p>Ensuite, je voudrais aussi recevoir <strong>au moins 1 des coloriages magiques<\/strong>, j&rsquo;enverrai en fin de semaine les corrections de tous les coloriages propos\u00e9s.<\/p>\n<p>Et n&rsquo;h\u00e9sitez pas \u00e0 m&rsquo;envoyer les dict\u00e9es et \u00e9valuations que vous n&rsquo;auriez pas d\u00e9j\u00e0 envoy\u00e9es ! Merci !<\/p>\n<p>Voici le travail pour les 2 prochains jours :<\/p>\n<p><a href=\"http:\/\/ecole.ac-nice.fr\/toulon1\/eevalbertrand\/wp-content\/uploads\/sites\/9\/2020\/04\/Lundi-27-avril-et-Mardi-28-avril.pdf\">Lundi 27 avril et Mardi 28 avril<\/a><\/p>\n<p><a href=\"http:\/\/ecole.ac-nice.fr\/toulon1\/eevalbertrand\/wp-content\/uploads\/sites\/9\/2020\/04\/Mystery-at-the-museum-S4.pdf\">Mystery at the museum S4<\/a><\/p>\n<p>Voici la correction de la fiche sur les calculs des dur\u00e9es en ligne.<\/p>\n<p><a href=\"http:\/\/ecole.ac-nice.fr\/toulon1\/eevalbertrand\/wp-content\/uploads\/sites\/9\/2020\/04\/Correction-Calculer-dur\u00e9es-en-ligne.pdf\">Correction Calculer dur\u00e9es (en ligne)<\/a><\/p>\n<p>POUR LES PARENTS !!!<\/p>\n<p><a href=\"http:\/\/ecole.ac-nice.fr\/toulon1\/eevalbertrand\/wp-content\/uploads\/sites\/9\/2020\/04\/Dict\u00e9e-Mots-S21-mots-invariables-71-\u00e0-80-DF1.pdf\">Dict\u00e9e Mots S21 + mots invariables 71 \u00e0 80 + DF1<\/a><\/p>\n<p>Et les liens pour l&rsquo;histoire<\/p>\n<p><a href=\"http:\/\/ecole.ac-nice.fr\/toulon1\/eevalbertrand\/wp-content\/uploads\/sites\/9\/2020\/04\/Hist-R\u00e9v-Liens.docx\">Hist R\u00e9v Liens<\/a><\/p>\n<p>Bon courage \u00e0 tous et encore BONNE REPRISE !!<\/p>\n<p>Des bises \u00e0 tous<\/p>\n<p>&nbsp;<\/p>\n<p>&nbsp;<\/p>\n<p>&nbsp;<\/p>\n","protected":false},"excerpt":{"rendered":"<p>Bonjour \u00e0 tous, C&rsquo;est la rentr\u00e9e pour vos enfants ! J&rsquo;esp\u00e8re que leurs vacances se sont bien pass\u00e9es&#8230;et les v\u00f4tres si vous en aviez \u00e9galement. Nous repartons pour du t\u00e9l\u00e9travail, soyons patients et courageux ! Pour commencer, je souhaiterais recevoir les illustrations des expressions imag\u00e9es cr\u00e9\u00e9es par vos enfants. J&rsquo;en ai d\u00e9j\u00e0 re\u00e7u quelques-unes qui &hellip; <a href=\"https:\/\/ecole.ac-nice.fr\/toulon1\/eevalbertrand\/blog\/2020\/04\/27\/cm2-lundi-27-avril-et-mardi-28-avril-2020\/\" class=\"more-link\">Continuer la lecture de <span class=\"screen-reader-text\">CM2 lundi 27 avril et mardi 28 avril 2020<\/span> <span class=\"meta-nav\">&rarr;<\/span><\/a><\/p>\n","protected":false},"author":18,"featured_media":0,"comment_status":"open","ping_status":"open","sticky":false,"template":"","format":"standard","meta":{"footnotes":""},"categories":[29],"tags":[],"class_list":["post-4326","post","type-post","status-publish","format-standard","hentry","category-cm2-mme-courmontagne"],"_links":{"self":[{"href":"https:\/\/ecole.ac-nice.fr\/toulon1\/eevalbertrand\/wp-json\/wp\/v2\/posts\/4326","targetHints":{"allow":["GET"]}}],"collection":[{"href":"https:\/\/ecole.ac-nice.fr\/toulon1\/eevalbertrand\/wp-json\/wp\/v2\/posts"}],"about":[{"href":"https:\/\/ecole.ac-nice.fr\/toulon1\/eevalbertrand\/wp-json\/wp\/v2\/types\/post"}],"author":[{"embeddable":true,"href":"https:\/\/ecole.ac-nice.fr\/toulon1\/eevalbertrand\/wp-json\/wp\/v2\/users\/18"}],"replies":[{"embeddable":true,"href":"https:\/\/ecole.ac-nice.fr\/toulon1\/eevalbertrand\/wp-json\/wp\/v2\/comments?post=4326"}],"version-history":[{"count":2,"href":"https:\/\/ecole.ac-nice.fr\/toulon1\/eevalbertrand\/wp-json\/wp\/v2\/posts\/4326\/revisions"}],"predecessor-version":[{"id":4334,"href":"https:\/\/ecole.ac-nice.fr\/toulon1\/eevalbertrand\/wp-json\/wp\/v2\/posts\/4326\/revisions\/4334"}],"wp:attachment":[{"href":"https:\/\/ecole.ac-nice.fr\/toulon1\/eevalbertrand\/wp-json\/wp\/v2\/media?parent=4326"}],"wp:term":[{"taxonomy":"category","embeddable":true,"href":"https:\/\/ecole.ac-nice.fr\/toulon1\/eevalbertrand\/wp-json\/wp\/v2\/categories?post=4326"},{"taxonomy":"post_tag","embeddable":true,"href":"https:\/\/ecole.ac-nice.fr\/toulon1\/eevalbertrand\/wp-json\/wp\/v2\/tags?post=4326"}],"curies":[{"name":"wp","href":"https:\/\/api.w.org\/{rel}","templated":true}]}}