{"id":495,"date":"2018-10-15T11:57:30","date_gmt":"2018-10-15T09:57:30","guid":{"rendered":"http:\/\/ecole.ac-nice.fr\/toulon1\/eepu-filippi\/?p=495"},"modified":"2018-10-15T11:57:30","modified_gmt":"2018-10-15T09:57:30","slug":"11-novembre","status":"publish","type":"post","link":"https:\/\/ecole.ac-nice.fr\/toulon1\/eepu-filippi\/blog\/2018\/10\/15\/11-novembre\/","title":{"rendered":"11 novembre"},"content":{"rendered":"<p>                                          Madame,  Monsieur,<\/p>\n<p>Toutes les classes de l&rsquo;\u00e9cole \u00e9tudient, sous une forme adapt\u00e9e \u00e0 l\u2019\u00e2ge des enfants,  les \u00e9v\u00e9nements qui marqu\u00e8rent la Premi\u00e8re Guerre Mondiale 1914 1918.<br \/>\nLes \u00e9l\u00e8ves participent ainsi \u00e0 l&rsquo;exposition organis\u00e9e par le Comit\u00e9 Int\u00e9r\u00eat Local dans la salle Victoria.<br \/>\nLa comm\u00e9moration du Centenaire de l&rsquo;armistice, le 11 novembre 2018, en r\u00e9unissant les enfants et les parents volontaires sur la Place Amiral Duperr\u00e9  \u00e0 10h30 pour interpr\u00e9ter la Marseillaise, en sera le point d\u2019orgue.<br \/>\nLa participation significative de la Communaut\u00e9 Educative constituera un temps fort de l&rsquo;engagement de notre \u00e9cole dans le travail de m\u00e9moire et dans la participation \u00e0 la vie du quartier.<br \/>\nNous savons pouvoir compter sur votre investissement pour r\u00e9alisation d&rsquo;un beau projet de comm\u00e9moration. <\/p>\n<p>                                           L&rsquo;\u00e9quipe enseignante<\/p>\n","protected":false},"excerpt":{"rendered":"<p>Madame, Monsieur, Toutes les classes de l&rsquo;\u00e9cole \u00e9tudient, sous une forme adapt\u00e9e \u00e0 l\u2019\u00e2ge des enfants, les \u00e9v\u00e9nements qui marqu\u00e8rent la Premi\u00e8re Guerre Mondiale 1914 1918. Les \u00e9l\u00e8ves participent ainsi \u00e0 l&rsquo;exposition organis\u00e9e par le Comit\u00e9 Int\u00e9r\u00eat Local dans la salle Victoria. La comm\u00e9moration du Centenaire de l&rsquo;armistice, le 11 novembre 2018, en r\u00e9unissant les &hellip; <a href=\"https:\/\/ecole.ac-nice.fr\/toulon1\/eepu-filippi\/blog\/2018\/10\/15\/11-novembre\/\" class=\"more-link\">Continuer la lecture de <span class=\"screen-reader-text\">11 novembre<\/span> <span class=\"meta-nav\">&rarr;<\/span><\/a><\/p>\n","protected":false},"author":9,"featured_media":0,"comment_status":"open","ping_status":"open","sticky":false,"template":"","format":"standard","meta":{"footnotes":""},"categories":[1],"tags":[],"class_list":["post-495","post","type-post","status-publish","format-standard","hentry","category-non-classe"],"_links":{"self":[{"href":"https:\/\/ecole.ac-nice.fr\/toulon1\/eepu-filippi\/wp-json\/wp\/v2\/posts\/495","targetHints":{"allow":["GET"]}}],"collection":[{"href":"https:\/\/ecole.ac-nice.fr\/toulon1\/eepu-filippi\/wp-json\/wp\/v2\/posts"}],"about":[{"href":"https:\/\/ecole.ac-nice.fr\/toulon1\/eepu-filippi\/wp-json\/wp\/v2\/types\/post"}],"author":[{"embeddable":true,"href":"https:\/\/ecole.ac-nice.fr\/toulon1\/eepu-filippi\/wp-json\/wp\/v2\/users\/9"}],"replies":[{"embeddable":true,"href":"https:\/\/ecole.ac-nice.fr\/toulon1\/eepu-filippi\/wp-json\/wp\/v2\/comments?post=495"}],"version-history":[{"count":1,"href":"https:\/\/ecole.ac-nice.fr\/toulon1\/eepu-filippi\/wp-json\/wp\/v2\/posts\/495\/revisions"}],"predecessor-version":[{"id":496,"href":"https:\/\/ecole.ac-nice.fr\/toulon1\/eepu-filippi\/wp-json\/wp\/v2\/posts\/495\/revisions\/496"}],"wp:attachment":[{"href":"https:\/\/ecole.ac-nice.fr\/toulon1\/eepu-filippi\/wp-json\/wp\/v2\/media?parent=495"}],"wp:term":[{"taxonomy":"category","embeddable":true,"href":"https:\/\/ecole.ac-nice.fr\/toulon1\/eepu-filippi\/wp-json\/wp\/v2\/categories?post=495"},{"taxonomy":"post_tag","embeddable":true,"href":"https:\/\/ecole.ac-nice.fr\/toulon1\/eepu-filippi\/wp-json\/wp\/v2\/tags?post=495"}],"curies":[{"name":"wp","href":"https:\/\/api.w.org\/{rel}","templated":true}]}}