{"id":452,"date":"2018-07-03T10:55:36","date_gmt":"2018-07-03T08:55:36","guid":{"rendered":"http:\/\/ecole.ac-nice.fr\/toulon1\/eepu-filippi\/?p=452"},"modified":"2018-07-03T11:45:16","modified_gmt":"2018-07-03T09:45:16","slug":"compte-rendu-du-conseil-decole-extraordianaire-autour-de-propos-diffamatoires-sur-les-reseaux-sociaux","status":"publish","type":"post","link":"https:\/\/ecole.ac-nice.fr\/toulon1\/eepu-filippi\/blog\/2018\/07\/03\/compte-rendu-du-conseil-decole-extraordianaire-autour-de-propos-diffamatoires-sur-les-reseaux-sociaux\/","title":{"rendered":"Compte-rendu du Conseil d&rsquo;Ecole extraordianaire autour de propos diffamatoires sur les r\u00e9seaux sociaux"},"content":{"rendered":"<p>Conseil d\u2019Ecole extraordinaire du 2\/07, pr\u00e9sid\u00e9 par M.Gentilini, Directeur<br \/>\nPr\u00e9sents :<br \/>\nEnseignants :<br \/>\nMme Malcor<br \/>\nMme Chazal<br \/>\nMme Cambreling<br \/>\nMme Goetz<br \/>\nMme B\u00e9lisson<br \/>\nMme Kiss, RASED<br \/>\nMme Brouquier, UP2A<\/p>\n<p>Municipalit\u00e9<br \/>\nMme F\u00e9lix-Faucher, Directrice du Service Education, repr\u00e9sentant M.Charriez<\/p>\n<p>Parents \u00e9lus :<br \/>\nMme Ben Othman<br \/>\nMme Jorda-S\u00e9gui<br \/>\nMme Noy\u00e9rie<br \/>\nMme Plane<br \/>\nMme Sa\u00cfdi<br \/>\nMme Santoro<br \/>\nM.Nemri<\/p>\n<p>Parent invit\u00e9 :<br \/>\nMme Darque<\/p>\n<p>Excus\u00e9s :<br \/>\nMadame l\u2019Inspectrice de l\u2019Education Nationale, Madame Bernard, en d\u00e9placement, suit le d\u00e9roulement de la probl\u00e9matique.<br \/>\nMme Mondone, Adjointe \u00e0 la Jeunesse ; M.Charriez, Adjoint \u00e0 l\u2019Education ; M. Lagaye, Conseiller municipal,  apportent leur soutien \u00e0 l\u2019\u00e9cole.<\/p>\n<p>Madame le Docteur Iahns, M\u00e9decin de l\u2019Education Nationale apporte ses comp\u00e9tences  techniques.<\/p>\n<p>Apr\u00e8s avoir remerci\u00e9 les membres de Conseil d\u2019Ecole de s\u2019\u00eatre si rapidement mobilis\u00e9s, M Gentilini rapporte la chronologie des faits et de ses actions.<br \/>\nJeudi 28 juin apr\u00e8s-midi : la famille de l\u2019enfant est appel\u00e9e pendant le temps scolaire, il souffre de maux de ventre.<br \/>\nVendredi 29 juin apr\u00e8s-midi : Mme XXXXXXX  informe t\u00e9l\u00e9phoniquement le Directeur que son fils T. souffre d\u2019une h\u00e9patite A.<br \/>\nVendredi 29 juin dans la soir\u00e9e : M. Gentilini prend connaissance de propos diffamatoires diffus\u00e9s par Mme XXXXXXX sur son profil  Facebook<br \/>\nLundi 2 juillet, d\u00e8s le matin :  M. Gentilini signale le probl\u00e8me au Responsable  restauration de la municipalit\u00e9, qui lui indique qu\u2019aucune enqu\u00eate ne sera diligent\u00e9e.<br \/>\nMme l\u2019Inspectrice de l\u2019Education Nationale est inform\u00e9e.<br \/>\nR\u00e9daction d\u2019un \u00ab Fait \u00e9tablissement \u00bb aupr\u00e8s de l\u2019Inspection Acad\u00e9mique pour atteintes aux valeurs de la R\u00e9publique et Cyber violences.<br \/>\nRencontre avec  Mme XXXXXX, qui s\u2019est pr\u00e9sent\u00e9e afin de r\u00e9cup\u00e9rer les affaires scolaires de son enfant.<br \/>\nM.Gentilini l\u2019informe de la proc\u00e9dure mise en place et de son intention  de d\u00e9poser une plainte pour diffamation sur les r\u00e9seaux sociaux ; il refuse de lui fournir tout document.<br \/>\nContact avec l\u2019Autonome de Solidarit\u00e9 qui lui conseille de sursoir au d\u00e9p\u00f4t de plainte afin de b\u00e9n\u00e9ficier des conseils d\u2019un avocat.<br \/>\nPuis M. Gentilini explicite les finalit\u00e9s de son action.<br \/>\nDe tels propos post\u00e9s sur les r\u00e9seaux sociaux nuisent \u00e0 l\u2019image et \u00e0 l\u2019action de l\u2019Ecole de la R\u00e9publique. Alt\u00e9rant son image, sa capacit\u00e9 \u00e0 instruire et \u00e9duquer sera amoindrie.<br \/>\nDe tels propos portent atteinte \u00e0 l\u2019image de l\u2019\u00e9cole Andr\u00e9 Filippi, alt\u00e9rant la confiance des familles en les capacit\u00e9s et comp\u00e9tences de l\u2019Equipe p\u00e9dagogique.<br \/>\nM. Gentilini insiste que, d\u00e9pass\u00e9 le cas de cette personne, habitu\u00e9e \u00e0 ces actions, l\u2019ensemble de la communaut\u00e9 doit appr\u00e9hender que la tenue de propos inexacts et diffamatoires sont interdits par la loi, qu\u2019il existe des moyens l\u00e9gaux et citoyens de s\u2019exprimer.<br \/>\nMme F\u00e9lix rappelle que les services municipaux \u0153uvrent aupr\u00e8s des vacataires, les plus jeunes notamment, afin qu\u2019ils soient tr\u00e8s vigilants quant \u00e0 leur utilisation des r\u00e9seaux sociaux. Elle rappelle que les normes d\u2019hygi\u00e8ne dans les centres scolaires ou de vacances, dont l\u2019ODEL, sont drastiques et que les classes transplant\u00e9es sont soumises \u00e0 l\u2019acceptation d\u2019un projet p\u00e9dagogique.<br \/>\nLes parents \u00e9voquent d\u2019autres messages aussi inexacts et calomnieux publi\u00e9s par Mme XXXXXXX.<br \/>\nIls interrogent le directeur pour savoir si le diagnostic est v\u00e9ritablement pos\u00e9, et si d\u2019autres cas ont \u00e9t\u00e9 signal\u00e9s.<br \/>\nA la premi\u00e8re question, le Directeur r\u00e9pond qu\u2019il n\u2019a pas acc\u00e8s aux dossiers m\u00e9dicaux.<br \/>\nA la deuxi\u00e8me question : \u00e0 ce jour, aucun autre cas n\u2019a \u00e9t\u00e9 signal\u00e9.<br \/>\nEn conclusion de ce Conseil d\u2019Ecole Extraordinaire, la Communaut\u00e9 Educative condamne fermement la tenue des propos diffamatoires publi\u00e9s sur les r\u00e9seaux sociaux par Mme XXXXX et soutient la d\u00e9marche du Directeur.<br \/>\nElle appelle les membres de la Communaut\u00e9 Educative \u00e0 s\u2019exprimer lors des instances institutionnelles : vote des parents d\u00e9l\u00e9gu\u00e9s, r\u00e9unions d\u2019\u00e9cole, de classe, des r\u00e9unions dites du \u00ab 3\u00e8me vendredi \u00bb, des rendez-vous individuels.<br \/>\nElle r\u00e9affirme sa confiance \u00e0 l\u2019Equipe P\u00e9dagogique \u00e0 mener des projets de classe transplant\u00e9e.<br \/>\nFin de s\u00e9ance. <\/p>\n<p>Addenda :<br \/>\nA 18h, je suis inform\u00e9 par le Docteur Iahns, que le diagnostic d\u2019h\u00e9patite A n\u2019est pas encore pos\u00e9.<\/p>\n<p>\t\t\t\t\t\t\tLe Directeur<\/p>\n","protected":false},"excerpt":{"rendered":"<p>Conseil d\u2019Ecole extraordinaire du 2\/07, pr\u00e9sid\u00e9 par M.Gentilini, Directeur Pr\u00e9sents : Enseignants : Mme Malcor Mme Chazal Mme Cambreling Mme Goetz Mme B\u00e9lisson Mme Kiss, RASED Mme Brouquier, UP2A Municipalit\u00e9 Mme F\u00e9lix-Faucher, Directrice du Service Education, repr\u00e9sentant M.Charriez Parents \u00e9lus : Mme Ben Othman Mme Jorda-S\u00e9gui Mme Noy\u00e9rie Mme Plane Mme Sa\u00cfdi Mme Santoro M.Nemri &hellip; <a href=\"https:\/\/ecole.ac-nice.fr\/toulon1\/eepu-filippi\/blog\/2018\/07\/03\/compte-rendu-du-conseil-decole-extraordianaire-autour-de-propos-diffamatoires-sur-les-reseaux-sociaux\/\" class=\"more-link\">Continuer la lecture de <span class=\"screen-reader-text\">Compte-rendu du Conseil d&rsquo;Ecole extraordianaire autour de propos diffamatoires sur les r\u00e9seaux sociaux<\/span> <span class=\"meta-nav\">&rarr;<\/span><\/a><\/p>\n","protected":false},"author":9,"featured_media":0,"comment_status":"open","ping_status":"open","sticky":false,"template":"","format":"standard","meta":{"footnotes":""},"categories":[2],"tags":[],"class_list":["post-452","post","type-post","status-publish","format-standard","hentry","category-actus"],"_links":{"self":[{"href":"https:\/\/ecole.ac-nice.fr\/toulon1\/eepu-filippi\/wp-json\/wp\/v2\/posts\/452","targetHints":{"allow":["GET"]}}],"collection":[{"href":"https:\/\/ecole.ac-nice.fr\/toulon1\/eepu-filippi\/wp-json\/wp\/v2\/posts"}],"about":[{"href":"https:\/\/ecole.ac-nice.fr\/toulon1\/eepu-filippi\/wp-json\/wp\/v2\/types\/post"}],"author":[{"embeddable":true,"href":"https:\/\/ecole.ac-nice.fr\/toulon1\/eepu-filippi\/wp-json\/wp\/v2\/users\/9"}],"replies":[{"embeddable":true,"href":"https:\/\/ecole.ac-nice.fr\/toulon1\/eepu-filippi\/wp-json\/wp\/v2\/comments?post=452"}],"version-history":[{"count":3,"href":"https:\/\/ecole.ac-nice.fr\/toulon1\/eepu-filippi\/wp-json\/wp\/v2\/posts\/452\/revisions"}],"predecessor-version":[{"id":456,"href":"https:\/\/ecole.ac-nice.fr\/toulon1\/eepu-filippi\/wp-json\/wp\/v2\/posts\/452\/revisions\/456"}],"wp:attachment":[{"href":"https:\/\/ecole.ac-nice.fr\/toulon1\/eepu-filippi\/wp-json\/wp\/v2\/media?parent=452"}],"wp:term":[{"taxonomy":"category","embeddable":true,"href":"https:\/\/ecole.ac-nice.fr\/toulon1\/eepu-filippi\/wp-json\/wp\/v2\/categories?post=452"},{"taxonomy":"post_tag","embeddable":true,"href":"https:\/\/ecole.ac-nice.fr\/toulon1\/eepu-filippi\/wp-json\/wp\/v2\/tags?post=452"}],"curies":[{"name":"wp","href":"https:\/\/api.w.org\/{rel}","templated":true}]}}