{"id":35,"date":"2024-01-23T10:27:08","date_gmt":"2024-01-23T09:27:08","guid":{"rendered":"http:\/\/ecole.ac-nice.fr\/nice7\/?p=35"},"modified":"2025-11-27T15:05:09","modified_gmt":"2025-11-27T14:05:09","slug":"lequipe-de-la-circonscription-de-nice-7","status":"publish","type":"post","link":"https:\/\/ecole.ac-nice.fr\/nice7\/blog\/2024\/01\/23\/lequipe-de-la-circonscription-de-nice-7\/","title":{"rendered":"L&rsquo;\u00e9quipe de la circonscription de Nice 7"},"content":{"rendered":"<p>&nbsp;<\/p>\n<table style=\"height: 399px; width: 117.376%; background-color: #92d5f0;\">\n<tbody>\n<tr style=\"height: 28px;\">\n<td style=\"width: 25.1338%; text-align: center; height: 28px;\"><strong>Mme WILLEMS G\u00e9raldine<\/strong><\/td>\n<td style=\"width: 35.538%; height: 28px;\">\u00a0 Inspectrice de l\u2019Education Nationale<\/td>\n<td style=\"width: 33.373%; height: 28px;\">\u00a0ien-06.nice7@ac-nice.fr<\/td>\n<\/tr>\n<tr style=\"height: 28px;\">\n<td style=\"width: 25.1338%; text-align: center; height: 28px;\"><strong>Mme DESCHAMPS S\u00e9verine<\/strong><\/td>\n<td style=\"width: 35.538%; height: 28px;\">\u00a0 Secr\u00e9taire\u00a0\u00a0\u00a0\u00a0 T\u00e9l: 04 93 27 65 30<\/td>\n<td style=\"width: 33.373%; height: 28px;\">\u00a0ien-06.nice7@ac-nice.fr<\/td>\n<\/tr>\n<tr style=\"height: 46px;\">\n<td style=\"width: 25.1338%; height: 160px;\">\n<p style=\"text-align: center;\"><strong>Mme PEDROCCHI Laurence<\/strong><\/p>\n<p style=\"text-align: center;\"><strong>Mme FLAVIER B\u00e9r\u00e9nice<\/strong><\/p>\n<p style=\"text-align: center;\"><strong>Mme BAZIN Mathilde<\/strong><\/p>\n<\/td>\n<td style=\"width: 35.538%; height: 160px;\">Enseignants R\u00e9f\u00e9rents pour la Scolarisation des \u00e9l\u00e8ves en situation de Handicap (ERSH)<\/td>\n<td style=\"width: 33.373%; height: 160px;\">\n<p style=\"text-align: left;\">ersh.03@ac-nice.fr port : 06 29 28 45 60<\/p>\n<p style=\"text-align: left;\">ersh.02@ac-nice.fr port : 06 29 28 45 61<\/p>\n<p style=\"text-align: left;\">ersh.29@ac-nice.fr T\u00e9l : 06 03 91 57 43<\/p>\n<\/td>\n<\/tr>\n<tr style=\"height: 28px;\">\n<td style=\"width: 25.1338%; text-align: center; height: 28px;\"><strong>M. OLIVIER Denis<\/strong><\/td>\n<td style=\"width: 35.538%; height: 28px;\">\u00a0 Conseiller P\u00e9dagogique de Circonscription<\/td>\n<td style=\"width: 33.373%; height: 28px;\">\u00a0 cpgstapa@ac-nice.fr<\/td>\n<\/tr>\n<tr style=\"height: 28px;\">\n<td style=\"width: 25.1338%; text-align: center; height: 28px;\"><strong>M. CHAPEL Fabrice<\/strong><\/td>\n<td style=\"width: 35.538%; height: 28px;\">\u00a0 Conseiller P\u00e9dagogique de Circonscription<\/td>\n<td style=\"width: 33.373%; height: 28px;\">\u00a0 cepssapa@ac-nice.fr<\/td>\n<\/tr>\n<tr style=\"height: 28px;\">\n<td style=\"width: 25.1338%; text-align: center; height: 28px;\"><strong>Mme LAROME Muriel<\/strong><strong><br \/>\n<\/strong><\/td>\n<td style=\"width: 35.538%; height: 28px;\">Conseill\u00e8re P\u00e9dagogique de Circonscription<\/td>\n<td style=\"width: 33.373%; height: 28px;\">\u00a0cpc.nice7@ac-nice.fr<\/td>\n<\/tr>\n<tr style=\"height: 56px;\">\n<td style=\"width: 25.1338%; text-align: center; height: 56px;\"><strong>M. BALDUCCI Arnaud<\/strong><\/td>\n<td style=\"width: 35.538%; height: 56px;\">\u00a0Conseiller P\u00e9dagogique de Circonscription \u00e0 valence num\u00e9rique<\/td>\n<td style=\"width: 33.373%; height: 56px;\">\u00a0cpc-val-num.nice7@ac-nice.fr<\/td>\n<\/tr>\n<tr style=\"height: 56px;\">\n<td style=\"width: 25.1338%; text-align: center; height: 43px;\"><strong>M. MUNOS St\u00e9phane<\/strong><\/td>\n<td style=\"width: 35.538%; height: 43px;\">\u00a0 Coordonnateur REP+ NUCERA<\/td>\n<td style=\"width: 33.373%; height: 43px;\">coordonnateur-rep.nucera@ac-nice.fr<\/td>\n<\/tr>\n<tr>\n<td style=\"width: 25.1338%; text-align: center;\"><strong>M. CHAPEL Fabrice<\/strong><\/td>\n<td style=\"width: 35.538%;\">\u00a0 Agent de Pr\u00e9vention de Circonscription<\/td>\n<td style=\"width: 33.373%;\">\u00a0 cepssapa@ac-nice.fr<\/td>\n<\/tr>\n<\/tbody>\n<\/table>\n<p>&nbsp;<\/p>\n","protected":false},"excerpt":{"rendered":"<p>&nbsp; Mme WILLEMS G\u00e9raldine \u00a0 Inspectrice de l\u2019Education Nationale \u00a0ien-06.nice7@ac-nice.fr Mme DESCHAMPS S\u00e9verine \u00a0 Secr\u00e9taire\u00a0\u00a0\u00a0\u00a0 T\u00e9l: 04 93 27 65 30 \u00a0ien-06.nice7@ac-nice.fr Mme PEDROCCHI Laurence Mme FLAVIER B\u00e9r\u00e9nice Mme BAZIN Mathilde Enseignants R\u00e9f\u00e9rents pour la Scolarisation des \u00e9l\u00e8ves en situation de Handicap (ERSH) ersh.03@ac-nice.fr port : 06 29 28 45 60 ersh.02@ac-nice.fr port : 06 &hellip; <a href=\"https:\/\/ecole.ac-nice.fr\/nice7\/blog\/2024\/01\/23\/lequipe-de-la-circonscription-de-nice-7\/\" class=\"more-link\">Continuer la lecture de <span class=\"screen-reader-text\">L&rsquo;\u00e9quipe de la circonscription de Nice 7<\/span> <span class=\"meta-nav\">&rarr;<\/span><\/a><\/p>\n","protected":false},"author":2,"featured_media":75,"comment_status":"closed","ping_status":"closed","sticky":false,"template":"","format":"standard","meta":{"footnotes":""},"categories":[1],"tags":[],"class_list":["post-35","post","type-post","status-publish","format-standard","has-post-thumbnail","hentry","category-non-classe"],"_links":{"self":[{"href":"https:\/\/ecole.ac-nice.fr\/nice7\/wp-json\/wp\/v2\/posts\/35","targetHints":{"allow":["GET"]}}],"collection":[{"href":"https:\/\/ecole.ac-nice.fr\/nice7\/wp-json\/wp\/v2\/posts"}],"about":[{"href":"https:\/\/ecole.ac-nice.fr\/nice7\/wp-json\/wp\/v2\/types\/post"}],"author":[{"embeddable":true,"href":"https:\/\/ecole.ac-nice.fr\/nice7\/wp-json\/wp\/v2\/users\/2"}],"replies":[{"embeddable":true,"href":"https:\/\/ecole.ac-nice.fr\/nice7\/wp-json\/wp\/v2\/comments?post=35"}],"version-history":[{"count":45,"href":"https:\/\/ecole.ac-nice.fr\/nice7\/wp-json\/wp\/v2\/posts\/35\/revisions"}],"predecessor-version":[{"id":229,"href":"https:\/\/ecole.ac-nice.fr\/nice7\/wp-json\/wp\/v2\/posts\/35\/revisions\/229"}],"wp:featuredmedia":[{"embeddable":true,"href":"https:\/\/ecole.ac-nice.fr\/nice7\/wp-json\/wp\/v2\/media\/75"}],"wp:attachment":[{"href":"https:\/\/ecole.ac-nice.fr\/nice7\/wp-json\/wp\/v2\/media?parent=35"}],"wp:term":[{"taxonomy":"category","embeddable":true,"href":"https:\/\/ecole.ac-nice.fr\/nice7\/wp-json\/wp\/v2\/categories?post=35"},{"taxonomy":"post_tag","embeddable":true,"href":"https:\/\/ecole.ac-nice.fr\/nice7\/wp-json\/wp\/v2\/tags?post=35"}],"curies":[{"name":"wp","href":"https:\/\/api.w.org\/{rel}","templated":true}]}}