{"id":190,"date":"2017-10-31T01:44:10","date_gmt":"2017-10-31T00:44:10","guid":{"rendered":"http:\/\/ecole.ac-nice.fr\/nice5\/?p=190"},"modified":"2018-02-14T11:21:43","modified_gmt":"2018-02-14T10:21:43","slug":"comprendre-et-apprivoiser-son-attention-grace-aux-neurosciences","status":"publish","type":"post","link":"https:\/\/ecole.ac-nice.fr\/nice5\/blog\/2017\/10\/31\/comprendre-et-apprivoiser-son-attention-grace-aux-neurosciences\/","title":{"rendered":"Comprendre et apprivoiser son attention gr\u00e2ce aux neurosciences"},"content":{"rendered":"<h3 style=\"text-align: center\"><span style=\"font-size: 20px\"><span class=\"field-content\"><a class=\"bordeaux\" href=\"http:\/\/www.franceinter.fr\/emission-la-tete-au-carre-comprendre-et-apprivoiser-son-attention-grace-aux-neurosciences\"><span style=\"color: #800000\">Comprendre et apprivoiser son attention gr\u00e2ce aux neurosciences<\/span> <\/a><\/span><\/span><\/h3>\n<div class=\"date gris\" style=\"text-align: center\"><span style=\"font-size: 18px\"><span class=\"field-content\">France inter, LA T\u00caTE AU CARR\u00c9<\/span> \u00a0\u00a0 <strong>Mathieu Vidard <\/strong><span class=\"field-content\">le 08\/09\/2015<\/span><\/span><\/div>\n<div class=\"date gris\"><\/div>\n<div class=\"description\" style=\"text-align: justify\"><span style=\"font-size: 18px\"><span class=\"field-content\">Le cerveau s\u00e9lectionne \u00e0 chaque instant les informations qui lui paraissent les plus importantes gr\u00e2ce \u00e0 ce que l\u2019on appelle l\u2019attention. Comment utiliser notre cerveau au mieux pour ne pas se laisser distraire ? Comment \u00eatre plus attentif au quotidien ?<\/span><\/span><\/div>\n<div class=\"avec\" style=\"text-align: justify\"><span style=\"font-size: 18px\">avec : <span class=\"field-content\">Jean-Philippe Lachaux<\/span><\/span><\/div>\n<div class=\"avec\"><\/div>\n<div class=\"avec\" style=\"text-align: center\"><a href=\"http:\/\/www.franceinter.fr\/emission-la-tete-au-carre-comprendre-et-apprivoiser-son-attention-grace-aux-neurosciences\"><span style=\"font-size: 18px\">\u00c9couter l&rsquo;\u00e9mission<\/span><\/a><\/div>\n<div class=\"avec\" style=\"text-align: center\"><\/div>\n<div class=\"avec\" style=\"text-align: center\"><span style=\"font-size: 18px\"><a href=\"https:\/\/www.dropbox.com\/s\/x7rx18r1ocyla3u\/attention-tete-au-carre-franceinter08-09-2015.mp3?dl=0\">ou ici<\/a><\/span><\/div>\n","protected":false},"excerpt":{"rendered":"<p>Comprendre et apprivoiser son attention gr\u00e2ce aux neurosciences France inter, LA T\u00caTE AU CARR\u00c9 \u00a0\u00a0 Mathieu Vidard le 08\/09\/2015 Le cerveau s\u00e9lectionne [&hellip;]<\/p>\n","protected":false},"author":6,"featured_media":0,"comment_status":"closed","ping_status":"closed","sticky":false,"template":"","format":"standard","meta":{"footnotes":""},"categories":[10],"tags":[],"class_list":["post-190","post","type-post","status-publish","format-standard","hentry","category-oreilles-en-formation"],"_links":{"self":[{"href":"https:\/\/ecole.ac-nice.fr\/nice5\/wp-json\/wp\/v2\/posts\/190","targetHints":{"allow":["GET"]}}],"collection":[{"href":"https:\/\/ecole.ac-nice.fr\/nice5\/wp-json\/wp\/v2\/posts"}],"about":[{"href":"https:\/\/ecole.ac-nice.fr\/nice5\/wp-json\/wp\/v2\/types\/post"}],"author":[{"embeddable":true,"href":"https:\/\/ecole.ac-nice.fr\/nice5\/wp-json\/wp\/v2\/users\/6"}],"replies":[{"embeddable":true,"href":"https:\/\/ecole.ac-nice.fr\/nice5\/wp-json\/wp\/v2\/comments?post=190"}],"version-history":[{"count":4,"href":"https:\/\/ecole.ac-nice.fr\/nice5\/wp-json\/wp\/v2\/posts\/190\/revisions"}],"predecessor-version":[{"id":340,"href":"https:\/\/ecole.ac-nice.fr\/nice5\/wp-json\/wp\/v2\/posts\/190\/revisions\/340"}],"wp:attachment":[{"href":"https:\/\/ecole.ac-nice.fr\/nice5\/wp-json\/wp\/v2\/media?parent=190"}],"wp:term":[{"taxonomy":"category","embeddable":true,"href":"https:\/\/ecole.ac-nice.fr\/nice5\/wp-json\/wp\/v2\/categories?post=190"},{"taxonomy":"post_tag","embeddable":true,"href":"https:\/\/ecole.ac-nice.fr\/nice5\/wp-json\/wp\/v2\/tags?post=190"}],"curies":[{"name":"wp","href":"https:\/\/api.w.org\/{rel}","templated":true}]}}