{"id":740,"date":"2018-09-04T14:42:19","date_gmt":"2018-09-04T12:42:19","guid":{"rendered":"https:\/\/ecole.ac-nice.fr\/nice3\/?p=740"},"modified":"2018-12-17T11:47:25","modified_gmt":"2018-12-17T10:47:25","slug":"rentree-en-musique","status":"publish","type":"post","link":"https:\/\/ecole.ac-nice.fr\/nice3\/blog\/2018\/09\/04\/rentree-en-musique\/","title":{"rendered":"Rentr\u00e9e en Musique"},"content":{"rendered":"<p>Une rentr\u00e9e 2018 en musique.<\/p>\n<p>Les \u00e9coles des <strong>Baumettes 1<\/strong> et <strong>Baumettes 2<\/strong> sont devenues 2 \u00e9coles de Cycle cette ann\u00e9e.<\/p>\n<p>La rentr\u00e9e s&rsquo;est d\u00e9roul\u00e9e dans de tr\u00e8s bonnes conditions&#8230; et en musique !<\/p>\n<p><img loading=\"lazy\" decoding=\"async\" class=\"size-full wp-image-745 aligncenter\" src=\"https:\/\/ecole.ac-nice.fr\/nice3\/wp-content\/uploads\/2018\/09\/Baumettes2-chant-Rentree2018-1.jpg\" alt=\"\" width=\"200\" height=\"96\" \/><\/p>\n<p style=\"text-align: center;\"><strong>Les \u00e9l\u00e8ves de l&rsquo;\u00e9cole des Baumettes 2 chantent \u00ab\u00a0Nissa La Bella\u00a0\u00bb<\/strong><\/p>\n<audio class=\"wp-audio-shortcode\" id=\"audio-740-1\" preload=\"none\" style=\"width: 100%;\" controls=\"controls\"><source type=\"audio\/mpeg\" src=\"https:\/\/ecole.ac-nice.fr\/nice3\/wp-content\/uploads\/2018\/09\/BAUMETTES-2-NISSA.mp3?_=1\" \/><a href=\"https:\/\/ecole.ac-nice.fr\/nice3\/wp-content\/uploads\/2018\/09\/BAUMETTES-2-NISSA.mp3\">https:\/\/ecole.ac-nice.fr\/nice3\/wp-content\/uploads\/2018\/09\/BAUMETTES-2-NISSA.mp3<\/a><\/audio>\n<p>&nbsp;<\/p>\n<p><img loading=\"lazy\" decoding=\"async\" class=\"size-full wp-image-746 aligncenter\" src=\"https:\/\/ecole.ac-nice.fr\/nice3\/wp-content\/uploads\/2018\/09\/Baumettes1-chant-Rentree2018-1.jpg\" alt=\"\" width=\"200\" height=\"113\" \/><\/p>\n<p style=\"text-align: center;\"><strong>Les \u00e9l\u00e8ves de l&rsquo;\u00e9cole des Baumettes 1 chantent \u00ab\u00a0Aux Champs-Elys\u00e9es\u00a0\u00bb<br \/>\n<\/strong><\/p>\n<audio class=\"wp-audio-shortcode\" id=\"audio-740-2\" preload=\"none\" style=\"width: 100%;\" controls=\"controls\"><source type=\"audio\/wav\" src=\"https:\/\/ecole.ac-nice.fr\/nice3\/wp-content\/uploads\/2018\/09\/BAUMETTES-1_Aux-Champs_ok.wav?_=2\" \/><a href=\"https:\/\/ecole.ac-nice.fr\/nice3\/wp-content\/uploads\/2018\/09\/BAUMETTES-1_Aux-Champs_ok.wav\">https:\/\/ecole.ac-nice.fr\/nice3\/wp-content\/uploads\/2018\/09\/BAUMETTES-1_Aux-Champs_ok.wav<\/a><\/audio>\n<p>&nbsp;<\/p>\n<p>&nbsp;<\/p>\n<p>&nbsp;<\/p>\n","protected":false},"excerpt":{"rendered":"<p>Une rentr\u00e9e 2018 en musique. Les \u00e9coles des Baumettes 1 et Baumettes 2 sont devenues 2 \u00e9coles de Cycle cette ann\u00e9e. La rentr\u00e9e s&rsquo;est d\u00e9roul\u00e9e dans de tr\u00e8s bonnes conditions&#8230; et en musique ! Les \u00e9l\u00e8ves de l&rsquo;\u00e9cole des Baumettes &hellip; <a href=\"https:\/\/ecole.ac-nice.fr\/nice3\/blog\/2018\/09\/04\/rentree-en-musique\/\">Continuer la lecture <span class=\"meta-nav\">&rarr;<\/span><\/a><\/p>\n","protected":false},"author":2,"featured_media":0,"comment_status":"closed","ping_status":"closed","sticky":false,"template":"","format":"standard","meta":{"footnotes":""},"categories":[14,17],"tags":[],"class_list":["post-740","post","type-post","status-publish","format-standard","hentry","category-actualites","category-dans-les-ecoles"],"_links":{"self":[{"href":"https:\/\/ecole.ac-nice.fr\/nice3\/wp-json\/wp\/v2\/posts\/740","targetHints":{"allow":["GET"]}}],"collection":[{"href":"https:\/\/ecole.ac-nice.fr\/nice3\/wp-json\/wp\/v2\/posts"}],"about":[{"href":"https:\/\/ecole.ac-nice.fr\/nice3\/wp-json\/wp\/v2\/types\/post"}],"author":[{"embeddable":true,"href":"https:\/\/ecole.ac-nice.fr\/nice3\/wp-json\/wp\/v2\/users\/2"}],"replies":[{"embeddable":true,"href":"https:\/\/ecole.ac-nice.fr\/nice3\/wp-json\/wp\/v2\/comments?post=740"}],"version-history":[{"count":6,"href":"https:\/\/ecole.ac-nice.fr\/nice3\/wp-json\/wp\/v2\/posts\/740\/revisions"}],"predecessor-version":[{"id":758,"href":"https:\/\/ecole.ac-nice.fr\/nice3\/wp-json\/wp\/v2\/posts\/740\/revisions\/758"}],"wp:attachment":[{"href":"https:\/\/ecole.ac-nice.fr\/nice3\/wp-json\/wp\/v2\/media?parent=740"}],"wp:term":[{"taxonomy":"category","embeddable":true,"href":"https:\/\/ecole.ac-nice.fr\/nice3\/wp-json\/wp\/v2\/categories?post=740"},{"taxonomy":"post_tag","embeddable":true,"href":"https:\/\/ecole.ac-nice.fr\/nice3\/wp-json\/wp\/v2\/tags?post=740"}],"curies":[{"name":"wp","href":"https:\/\/api.w.org\/{rel}","templated":true}]}}