{"id":3433,"date":"2025-04-03T11:29:54","date_gmt":"2025-04-03T09:29:54","guid":{"rendered":"https:\/\/ecole.ac-nice.fr\/nice3\/tordo\/?p=3433"},"modified":"2025-04-03T11:30:56","modified_gmt":"2025-04-03T09:30:56","slug":"installation-des-classes-de-petites-et-moyennes-sections-de-maternelle-dans-les-prefabriques","status":"publish","type":"post","link":"https:\/\/ecole.ac-nice.fr\/nice3\/tordo\/2025\/04\/03\/installation-des-classes-de-petites-et-moyennes-sections-de-maternelle-dans-les-prefabriques\/","title":{"rendered":"Installation des classes de petites et moyennes sections de maternelle dans les pr\u00e9fabriqu\u00e9s"},"content":{"rendered":"<p><img loading=\"lazy\" decoding=\"async\" class=\"aligncenter size-medium wp-image-3429\" src=\"https:\/\/ecole.ac-nice.fr\/nice3\/tordo\/wp-content\/uploads\/sites\/8\/2025\/04\/algeco2-135x300.jpg\" alt=\"\" width=\"135\" height=\"300\" srcset=\"https:\/\/ecole.ac-nice.fr\/nice3\/tordo\/wp-content\/uploads\/sites\/8\/2025\/04\/algeco2-135x300.jpg 135w, https:\/\/ecole.ac-nice.fr\/nice3\/tordo\/wp-content\/uploads\/sites\/8\/2025\/04\/algeco2-461x1024.jpg 461w, https:\/\/ecole.ac-nice.fr\/nice3\/tordo\/wp-content\/uploads\/sites\/8\/2025\/04\/algeco2-768x1705.jpg 768w, https:\/\/ecole.ac-nice.fr\/nice3\/tordo\/wp-content\/uploads\/sites\/8\/2025\/04\/algeco2-692x1536.jpg 692w, https:\/\/ecole.ac-nice.fr\/nice3\/tordo\/wp-content\/uploads\/sites\/8\/2025\/04\/algeco2-rotated.jpg 908w\" sizes=\"auto, (max-width: 135px) 100vw, 135px\" \/> <img loading=\"lazy\" decoding=\"async\" class=\"aligncenter size-medium wp-image-3430\" src=\"https:\/\/ecole.ac-nice.fr\/nice3\/tordo\/wp-content\/uploads\/sites\/8\/2025\/04\/algeco1-135x300.jpg\" alt=\"\" width=\"135\" height=\"300\" srcset=\"https:\/\/ecole.ac-nice.fr\/nice3\/tordo\/wp-content\/uploads\/sites\/8\/2025\/04\/algeco1-135x300.jpg 135w, https:\/\/ecole.ac-nice.fr\/nice3\/tordo\/wp-content\/uploads\/sites\/8\/2025\/04\/algeco1-461x1024.jpg 461w, https:\/\/ecole.ac-nice.fr\/nice3\/tordo\/wp-content\/uploads\/sites\/8\/2025\/04\/algeco1-768x1705.jpg 768w, https:\/\/ecole.ac-nice.fr\/nice3\/tordo\/wp-content\/uploads\/sites\/8\/2025\/04\/algeco1-692x1536.jpg 692w, https:\/\/ecole.ac-nice.fr\/nice3\/tordo\/wp-content\/uploads\/sites\/8\/2025\/04\/algeco1-rotated.jpg 908w\" sizes=\"auto, (max-width: 135px) 100vw, 135px\" \/><\/p>\n<p>Les pr\u00e9fabriqu\u00e9s sont en place et bien install\u00e9s en salles de classes pour que chaque classe puisse retrouver un espace distinct. Un grand merci aux \u00e9quipes enseignantes et atsem ainsi qu&rsquo;\u00e0 la mairie et aux services techniques.<\/p>\n","protected":false},"excerpt":{"rendered":"<p>Les pr\u00e9fabriqu\u00e9s sont en place et bien install\u00e9s en salles de classes pour que chaque classe puisse retrouver un espace distinct. Un grand merci aux \u00e9quipes enseignantes et atsem ainsi qu&rsquo;\u00e0 la mairie et aux services techniques.<\/p>\n","protected":false},"author":11,"featured_media":0,"comment_status":"closed","ping_status":"open","sticky":false,"template":"","format":"standard","meta":{"footnotes":""},"categories":[1],"tags":[],"class_list":["post-3433","post","type-post","status-publish","format-standard","hentry","category-non-classe"],"_links":{"self":[{"href":"https:\/\/ecole.ac-nice.fr\/nice3\/tordo\/wp-json\/wp\/v2\/posts\/3433","targetHints":{"allow":["GET"]}}],"collection":[{"href":"https:\/\/ecole.ac-nice.fr\/nice3\/tordo\/wp-json\/wp\/v2\/posts"}],"about":[{"href":"https:\/\/ecole.ac-nice.fr\/nice3\/tordo\/wp-json\/wp\/v2\/types\/post"}],"author":[{"embeddable":true,"href":"https:\/\/ecole.ac-nice.fr\/nice3\/tordo\/wp-json\/wp\/v2\/users\/11"}],"replies":[{"embeddable":true,"href":"https:\/\/ecole.ac-nice.fr\/nice3\/tordo\/wp-json\/wp\/v2\/comments?post=3433"}],"version-history":[{"count":2,"href":"https:\/\/ecole.ac-nice.fr\/nice3\/tordo\/wp-json\/wp\/v2\/posts\/3433\/revisions"}],"predecessor-version":[{"id":3435,"href":"https:\/\/ecole.ac-nice.fr\/nice3\/tordo\/wp-json\/wp\/v2\/posts\/3433\/revisions\/3435"}],"wp:attachment":[{"href":"https:\/\/ecole.ac-nice.fr\/nice3\/tordo\/wp-json\/wp\/v2\/media?parent=3433"}],"wp:term":[{"taxonomy":"category","embeddable":true,"href":"https:\/\/ecole.ac-nice.fr\/nice3\/tordo\/wp-json\/wp\/v2\/categories?post=3433"},{"taxonomy":"post_tag","embeddable":true,"href":"https:\/\/ecole.ac-nice.fr\/nice3\/tordo\/wp-json\/wp\/v2\/tags?post=3433"}],"curies":[{"name":"wp","href":"https:\/\/api.w.org\/{rel}","templated":true}]}}