{"id":3418,"date":"2025-01-10T11:40:10","date_gmt":"2025-01-10T10:40:10","guid":{"rendered":"https:\/\/ecole.ac-nice.fr\/nice3\/tordo\/?p=3418"},"modified":"2025-01-10T11:40:10","modified_gmt":"2025-01-10T10:40:10","slug":"ecole-du-dehors","status":"publish","type":"post","link":"https:\/\/ecole.ac-nice.fr\/nice3\/tordo\/2025\/01\/10\/ecole-du-dehors\/","title":{"rendered":"Ecole du dehors"},"content":{"rendered":"<p>Le projet \u00e9cole du dehors au sein de notre \u00e9cole est un vrai succ\u00e8s.<\/p>\n<p>Toutes les classes peuvent faire classe dehors dans l&rsquo;espace am\u00e9nag\u00e9 par la mairie (un grand merci aux \u00e9quipes techniques pour leur investissement dans le projet).<\/p>\n<p>Nous allons \u00e9galement dans la for\u00eat de l&rsquo;\u00e9cole sur un terrain communal mis \u00e0 notre disposition, avec le concours de Lionel Carl\u00e8s toujours partie prenante de nos projets nature.<\/p>\n<p>Les diff\u00e9rents potagers et plantations de fleurs et plantes (zone de biodiversit\u00e9) sont en cours de r\u00e9alisations.<\/p>\n<p>Nous profitons aussi largement des diff\u00e9rents lieux de la commune comme le sentier botanique, la zone humide, \u2026<\/p>\n<p align=\"LEFT\"><span style=\"color: #000000\"><span style=\"font-family: Times New Roman, serif\"><span style=\"font-size: medium\">La classe dehors <\/span><\/span><\/span><span style=\"color: #000000\"><span style=\"font-family: Times New Roman, serif\"><span style=\"font-size: medium\">d\u00e9montre des avantages significatifs\u00a0:<\/span><\/span><\/span><\/p>\n<p align=\"LEFT\"><span style=\"color: #000000\"> <span style=\"font-family: Times New Roman, serif\"><span style=\"font-size: medium\">Elle am\u00e9liore l&rsquo;attention des \u00e9l\u00e8ves, favorise leur engagement \u00e0 travers des exp\u00e9riences concr\u00e8tes et renforce la m\u00e9morisation des connaissances. En mobilisant le corps et l&rsquo;esprit, elle favorise \u00e9galement une meilleure responsabilit\u00e9 \u00e9cologique en expliquant l&rsquo;importance de la connexion avec la nature.\u00a0<\/span><\/span><\/span><\/p>\n<p align=\"LEFT\"><strong><span style=\"color: #000000\"><span style=\"font-family: Times New Roman, serif\"><span style=\"font-size: medium\"><b>Les bienfaits de l&rsquo;\u00e9cole en plein air<\/b><\/span><\/span><\/span><\/strong><span style=\"color: #000000\"><span style=\"font-family: Times New Roman, serif\">\u00a0<\/span><\/span><span style=\"color: #000000\"><span style=\"font-family: Times New Roman, serif\"><span style=\"font-size: medium\">sont les suivants:<\/span><\/span><\/span><\/p>\n<ol>\n<li>\n<p align=\"LEFT\"><strong><span style=\"color: #000000\"><span style=\"font-family: Times New Roman, serif\"><span style=\"font-size: medium\"><b>Apprentissage par l&rsquo;exp\u00e9rience<\/b><\/span><\/span><\/span><\/strong><span style=\"color: #000000\"><span style=\"font-family: Times New Roman, serif\"><span style=\"font-size: medium\">: Les \u00e9l\u00e8ves peuvent observer directement les ph\u00e9nom\u00e8nes naturels.<\/span><\/span><\/span><\/p>\n<\/li>\n<li>\n<p align=\"LEFT\"><strong><span style=\"color: #000000\"><span style=\"font-family: Times New Roman, serif\"><span style=\"font-size: medium\"><b>Renforcement du lien avec la nature<\/b><\/span><\/span><\/span><\/strong><span style=\"color: #000000\"><span style=\"font-family: Times New Roman, serif\"><span style=\"font-size: medium\">: Passer du temps en plein air d\u00e9veloppe un lien plus profond avec l&rsquo;environnement.<\/span><\/span><\/span><\/p>\n<\/li>\n<li>\n<p align=\"LEFT\"><strong><span style=\"color: #000000\"><span style=\"font-family: Times New Roman, serif\"><span style=\"font-size: medium\"><b>Stimulation des sens<\/b><\/span><\/span><\/span><\/strong><span style=\"color: #000000\"><span style=\"font-family: Times New Roman, serif\"><span style=\"font-size: medium\">: \u00catre dehors stimule les sens des \u00e9l\u00e8ves.<\/span><\/span><\/span><\/p>\n<\/li>\n<li>\n<p align=\"LEFT\"><strong><span style=\"color: #000000\"><span style=\"font-family: Times New Roman, serif\"><span style=\"font-size: medium\"><b>D\u00e9veloppement de la cr\u00e9ativit\u00e9<\/b><\/span><\/span><\/span><\/strong><span style=\"color: #000000\"><span style=\"font-family: Times New Roman, serif\"><span style=\"font-size: medium\">: L&rsquo;\u00e9cole en plein air encourage la cr\u00e9ativit\u00e9.<\/span><\/span><\/span><\/p>\n<\/li>\n<li>\n<p align=\"LEFT\"><a href=\"https:\/\/www.bing.com\/ck\/a?!&amp;&amp;p=8b34ead8cc8b09a4ce2ca31e9a612caeea92a2d53874bfc75e4c348e9ac93715JmltdHM9MTczNjQ2NzIwMA&amp;ptn=3&amp;ver=2&amp;hsh=4&amp;fclid=01d54efd-45bf-6725-1473-5a45440666d6&amp;psq=bienfaits+\u00e9cole+du+dehors&amp;u=a1aHR0cHM6Ly93d3cuY2xhc3NlLWRlLWRlbWFpbi5mci9hY2N1ZWlsL2NvdXItZGUtcmVjcmVhdGlvbi9lcGlzb2RlLTEtZmFpcmUtY2xhc3NlLWRlaG9ycy1xdWVscy1zb250LWxlcy1iaWVuZmFpdHMtcGVkYWdvZ2lxdWVzLWRlLWNldHRlLW1ldGhvZGU&amp;ntb=1\" target=\"_blank\" rel=\"noopener\"><strong><span style=\"color: #000000\"><span style=\"font-family: Times New Roman, serif\"><span style=\"font-size: medium\"><b>Renforcement des liens sociaux<\/b><\/span><\/span><\/span><\/strong><span style=\"color: #000000\"><span style=\"font-family: Times New Roman, serif\"><span style=\"font-size: medium\">: Les \u00e9l\u00e8ves apprennent \u00e0 communiquer et \u00e0 partager de mani\u00e8re plus naturelle<\/span><\/span><\/span><\/a><\/p>\n<\/li>\n<\/ol>\n<p><img loading=\"lazy\" decoding=\"async\" class=\"aligncenter size-medium wp-image-3420\" src=\"https:\/\/ecole.ac-nice.fr\/nice3\/tordo\/wp-content\/uploads\/sites\/8\/2025\/01\/IMG-20241210-WA0001-1-300x225.jpg\" alt=\"\" width=\"300\" height=\"225\" srcset=\"https:\/\/ecole.ac-nice.fr\/nice3\/tordo\/wp-content\/uploads\/sites\/8\/2025\/01\/IMG-20241210-WA0001-1-300x225.jpg 300w, https:\/\/ecole.ac-nice.fr\/nice3\/tordo\/wp-content\/uploads\/sites\/8\/2025\/01\/IMG-20241210-WA0001-1-1024x768.jpg 1024w, https:\/\/ecole.ac-nice.fr\/nice3\/tordo\/wp-content\/uploads\/sites\/8\/2025\/01\/IMG-20241210-WA0001-1-768x576.jpg 768w, https:\/\/ecole.ac-nice.fr\/nice3\/tordo\/wp-content\/uploads\/sites\/8\/2025\/01\/IMG-20241210-WA0001-1-1536x1152.jpg 1536w, https:\/\/ecole.ac-nice.fr\/nice3\/tordo\/wp-content\/uploads\/sites\/8\/2025\/01\/IMG-20241210-WA0001-1-400x300.jpg 400w, https:\/\/ecole.ac-nice.fr\/nice3\/tordo\/wp-content\/uploads\/sites\/8\/2025\/01\/IMG-20241210-WA0001-1.jpg 1600w\" sizes=\"auto, (max-width: 300px) 100vw, 300px\" \/> <img loading=\"lazy\" decoding=\"async\" class=\"aligncenter size-medium wp-image-3415\" src=\"https:\/\/ecole.ac-nice.fr\/nice3\/tordo\/wp-content\/uploads\/sites\/8\/2025\/01\/IMG-20241206-WA0002-146x300.jpg\" alt=\"\" width=\"146\" height=\"300\" srcset=\"https:\/\/ecole.ac-nice.fr\/nice3\/tordo\/wp-content\/uploads\/sites\/8\/2025\/01\/IMG-20241206-WA0002-146x300.jpg 146w, https:\/\/ecole.ac-nice.fr\/nice3\/tordo\/wp-content\/uploads\/sites\/8\/2025\/01\/IMG-20241206-WA0002-497x1024.jpg 497w, https:\/\/ecole.ac-nice.fr\/nice3\/tordo\/wp-content\/uploads\/sites\/8\/2025\/01\/IMG-20241206-WA0002-768x1581.jpg 768w, https:\/\/ecole.ac-nice.fr\/nice3\/tordo\/wp-content\/uploads\/sites\/8\/2025\/01\/IMG-20241206-WA0002-746x1536.jpg 746w, https:\/\/ecole.ac-nice.fr\/nice3\/tordo\/wp-content\/uploads\/sites\/8\/2025\/01\/IMG-20241206-WA0002.jpg 777w\" sizes=\"auto, (max-width: 146px) 100vw, 146px\" \/> <img loading=\"lazy\" decoding=\"async\" class=\"aligncenter size-medium wp-image-3414\" src=\"https:\/\/ecole.ac-nice.fr\/nice3\/tordo\/wp-content\/uploads\/sites\/8\/2025\/01\/IMG-20241218-WA0002-300x225.jpg\" alt=\"\" width=\"300\" height=\"225\" srcset=\"https:\/\/ecole.ac-nice.fr\/nice3\/tordo\/wp-content\/uploads\/sites\/8\/2025\/01\/IMG-20241218-WA0002-300x225.jpg 300w, https:\/\/ecole.ac-nice.fr\/nice3\/tordo\/wp-content\/uploads\/sites\/8\/2025\/01\/IMG-20241218-WA0002-1024x768.jpg 1024w, https:\/\/ecole.ac-nice.fr\/nice3\/tordo\/wp-content\/uploads\/sites\/8\/2025\/01\/IMG-20241218-WA0002-768x576.jpg 768w, https:\/\/ecole.ac-nice.fr\/nice3\/tordo\/wp-content\/uploads\/sites\/8\/2025\/01\/IMG-20241218-WA0002-1536x1152.jpg 1536w, https:\/\/ecole.ac-nice.fr\/nice3\/tordo\/wp-content\/uploads\/sites\/8\/2025\/01\/IMG-20241218-WA0002-400x300.jpg 400w, https:\/\/ecole.ac-nice.fr\/nice3\/tordo\/wp-content\/uploads\/sites\/8\/2025\/01\/IMG-20241218-WA0002.jpg 2048w\" sizes=\"auto, (max-width: 300px) 100vw, 300px\" \/> <img loading=\"lazy\" decoding=\"async\" class=\"aligncenter size-medium wp-image-3413\" src=\"https:\/\/ecole.ac-nice.fr\/nice3\/tordo\/wp-content\/uploads\/sites\/8\/2025\/01\/IMG-20241206-WA0034-300x300.jpg\" alt=\"\" width=\"300\" height=\"300\" srcset=\"https:\/\/ecole.ac-nice.fr\/nice3\/tordo\/wp-content\/uploads\/sites\/8\/2025\/01\/IMG-20241206-WA0034-300x300.jpg 300w, https:\/\/ecole.ac-nice.fr\/nice3\/tordo\/wp-content\/uploads\/sites\/8\/2025\/01\/IMG-20241206-WA0034-1024x1024.jpg 1024w, https:\/\/ecole.ac-nice.fr\/nice3\/tordo\/wp-content\/uploads\/sites\/8\/2025\/01\/IMG-20241206-WA0034-150x150.jpg 150w, https:\/\/ecole.ac-nice.fr\/nice3\/tordo\/wp-content\/uploads\/sites\/8\/2025\/01\/IMG-20241206-WA0034-768x768.jpg 768w, https:\/\/ecole.ac-nice.fr\/nice3\/tordo\/wp-content\/uploads\/sites\/8\/2025\/01\/IMG-20241206-WA0034.jpg 1440w\" sizes=\"auto, (max-width: 300px) 100vw, 300px\" \/> <img loading=\"lazy\" decoding=\"async\" class=\"aligncenter size-medium wp-image-3412\" src=\"https:\/\/ecole.ac-nice.fr\/nice3\/tordo\/wp-content\/uploads\/sites\/8\/2025\/01\/20241010_100110-169x300.jpg\" alt=\"\" width=\"169\" height=\"300\" srcset=\"https:\/\/ecole.ac-nice.fr\/nice3\/tordo\/wp-content\/uploads\/sites\/8\/2025\/01\/20241010_100110-169x300.jpg 169w, https:\/\/ecole.ac-nice.fr\/nice3\/tordo\/wp-content\/uploads\/sites\/8\/2025\/01\/20241010_100110-576x1024.jpg 576w, https:\/\/ecole.ac-nice.fr\/nice3\/tordo\/wp-content\/uploads\/sites\/8\/2025\/01\/20241010_100110-768x1365.jpg 768w, https:\/\/ecole.ac-nice.fr\/nice3\/tordo\/wp-content\/uploads\/sites\/8\/2025\/01\/20241010_100110-864x1536.jpg 864w, https:\/\/ecole.ac-nice.fr\/nice3\/tordo\/wp-content\/uploads\/sites\/8\/2025\/01\/20241010_100110-rotated.jpg 1134w\" sizes=\"auto, (max-width: 169px) 100vw, 169px\" \/><\/p>\n","protected":false},"excerpt":{"rendered":"<p>Le projet \u00e9cole du dehors au sein de notre \u00e9cole est un vrai succ\u00e8s. Toutes les classes peuvent faire classe dehors dans l&rsquo;espace am\u00e9nag\u00e9 par la mairie (un grand merci aux \u00e9quipes techniques pour leur investissement dans le projet). Nous &hellip; <a href=\"https:\/\/ecole.ac-nice.fr\/nice3\/tordo\/2025\/01\/10\/ecole-du-dehors\/\">Continuer la lecture <span class=\"meta-nav\">&rarr;<\/span><\/a><\/p>\n","protected":false},"author":11,"featured_media":0,"comment_status":"closed","ping_status":"open","sticky":false,"template":"","format":"standard","meta":{"footnotes":""},"categories":[1],"tags":[],"class_list":["post-3418","post","type-post","status-publish","format-standard","hentry","category-non-classe"],"_links":{"self":[{"href":"https:\/\/ecole.ac-nice.fr\/nice3\/tordo\/wp-json\/wp\/v2\/posts\/3418","targetHints":{"allow":["GET"]}}],"collection":[{"href":"https:\/\/ecole.ac-nice.fr\/nice3\/tordo\/wp-json\/wp\/v2\/posts"}],"about":[{"href":"https:\/\/ecole.ac-nice.fr\/nice3\/tordo\/wp-json\/wp\/v2\/types\/post"}],"author":[{"embeddable":true,"href":"https:\/\/ecole.ac-nice.fr\/nice3\/tordo\/wp-json\/wp\/v2\/users\/11"}],"replies":[{"embeddable":true,"href":"https:\/\/ecole.ac-nice.fr\/nice3\/tordo\/wp-json\/wp\/v2\/comments?post=3418"}],"version-history":[{"count":1,"href":"https:\/\/ecole.ac-nice.fr\/nice3\/tordo\/wp-json\/wp\/v2\/posts\/3418\/revisions"}],"predecessor-version":[{"id":3421,"href":"https:\/\/ecole.ac-nice.fr\/nice3\/tordo\/wp-json\/wp\/v2\/posts\/3418\/revisions\/3421"}],"wp:attachment":[{"href":"https:\/\/ecole.ac-nice.fr\/nice3\/tordo\/wp-json\/wp\/v2\/media?parent=3418"}],"wp:term":[{"taxonomy":"category","embeddable":true,"href":"https:\/\/ecole.ac-nice.fr\/nice3\/tordo\/wp-json\/wp\/v2\/categories?post=3418"},{"taxonomy":"post_tag","embeddable":true,"href":"https:\/\/ecole.ac-nice.fr\/nice3\/tordo\/wp-json\/wp\/v2\/tags?post=3418"}],"curies":[{"name":"wp","href":"https:\/\/api.w.org\/{rel}","templated":true}]}}