{"id":1172,"date":"2019-09-28T08:27:04","date_gmt":"2019-09-28T06:27:04","guid":{"rendered":"https:\/\/ecole.ac-nice.fr\/nice3\/tordo\/?p=1172"},"modified":"2022-03-19T17:12:46","modified_gmt":"2022-03-19T16:12:46","slug":"boni-ou-le-bonheur-a-lecole-du-21-eme-siecle-pour-favoriser-linclusion-de-tous-les-eleves","status":"publish","type":"post","link":"https:\/\/ecole.ac-nice.fr\/nice3\/tordo\/2019\/09\/28\/boni-ou-le-bonheur-a-lecole-du-21-eme-siecle-pour-favoriser-linclusion-de-tous-les-eleves\/","title":{"rendered":"BONI ou \u00ab\u00a0Le bonheur \u00e0 l&rsquo;\u00e9cole   du 21 \u00e8me si\u00e8cle pour favoriser l&rsquo;inclusion de tous les \u00e9l\u00e8ves\u00a0\u00bb"},"content":{"rendered":"<p><img loading=\"lazy\" decoding=\"async\" class=\"alignnone size-full wp-image-2236\" src=\"https:\/\/ecole.ac-nice.fr\/nice3\/tordo\/wp-content\/uploads\/sites\/8\/2019\/09\/logo-bonne-pratique-fr-20190719.png\" alt=\"\" width=\"1011\" height=\"248\" srcset=\"https:\/\/ecole.ac-nice.fr\/nice3\/tordo\/wp-content\/uploads\/sites\/8\/2019\/09\/logo-bonne-pratique-fr-20190719.png 1011w, https:\/\/ecole.ac-nice.fr\/nice3\/tordo\/wp-content\/uploads\/sites\/8\/2019\/09\/logo-bonne-pratique-fr-20190719-300x74.png 300w, https:\/\/ecole.ac-nice.fr\/nice3\/tordo\/wp-content\/uploads\/sites\/8\/2019\/09\/logo-bonne-pratique-fr-20190719-768x188.png 768w, https:\/\/ecole.ac-nice.fr\/nice3\/tordo\/wp-content\/uploads\/sites\/8\/2019\/09\/logo-bonne-pratique-fr-20190719-500x123.png 500w\" sizes=\"auto, (max-width: 1011px) 100vw, 1011px\" \/><\/p>\n<p><img loading=\"lazy\" decoding=\"async\" class=\"alignnone size-full wp-image-2237\" src=\"https:\/\/ecole.ac-nice.fr\/nice3\/tordo\/wp-content\/uploads\/sites\/8\/2019\/09\/label-bonne-pratique_page-0001.jpg\" alt=\"\" width=\"1241\" height=\"1754\" srcset=\"https:\/\/ecole.ac-nice.fr\/nice3\/tordo\/wp-content\/uploads\/sites\/8\/2019\/09\/label-bonne-pratique_page-0001.jpg 1241w, https:\/\/ecole.ac-nice.fr\/nice3\/tordo\/wp-content\/uploads\/sites\/8\/2019\/09\/label-bonne-pratique_page-0001-212x300.jpg 212w, https:\/\/ecole.ac-nice.fr\/nice3\/tordo\/wp-content\/uploads\/sites\/8\/2019\/09\/label-bonne-pratique_page-0001-725x1024.jpg 725w, https:\/\/ecole.ac-nice.fr\/nice3\/tordo\/wp-content\/uploads\/sites\/8\/2019\/09\/label-bonne-pratique_page-0001-768x1085.jpg 768w, https:\/\/ecole.ac-nice.fr\/nice3\/tordo\/wp-content\/uploads\/sites\/8\/2019\/09\/label-bonne-pratique_page-0001-1087x1536.jpg 1087w\" sizes=\"auto, (max-width: 1241px) 100vw, 1241px\" \/><\/p>\n<p>Description du projet ERASMUS + BONI (2019-2021), labellis\u00e9 \u00a0\u00bbBonne pratique\u00a0\u00bb:<\/p>\n<p><img loading=\"lazy\" decoding=\"async\" class=\"alignnone size-full wp-image-1173\" src=\"https:\/\/ecole.ac-nice.fr\/nice3\/tordo\/wp-content\/uploads\/sites\/8\/2019\/09\/Capture.png\" alt=\"bani\u00e8re boni\" width=\"820\" height=\"195\" \/><\/p>\n<p><strong><em><u>L\u2019objectif g\u00e9n\u00e9ral<\/u><\/em><\/strong> est de mieux g\u00e9rer les difficult\u00e9s d\u2019apprentissage de la population scolaire de l\u2019\u00e9cole en confrontant les pratiques p\u00e9dagogiques de l\u2019\u00e9tablissement \u00e0 celles des partenaires europ\u00e9ens pour engager une dynamique vertueuse.<\/p>\n<p><strong><em><u>Les objectifs sp\u00e9cifiques<\/u><\/em><\/strong> de l&rsquo;\u00e9tablissement sont de d\u00e9velopper les comp\u00e9tences de l&rsquo;\u00e9quipe p\u00e9dagogique, s\u2019inspirer d\u2019autres syst\u00e8mes \u00e9ducatifs europ\u00e9ens, am\u00e9liorer les comp\u00e9tences des participants en langues vivantes, acqu\u00e9rir des comp\u00e9tences interculturelles pour d\u00e9velopper un sentiment de citoyennet\u00e9 et d&rsquo;identit\u00e9 europ\u00e9enne et renforcer la motivation professionnelle de l&rsquo;\u00e9quipe.<\/p>\n<p>L\u2019\u00e9quipe enseignante poursuit son ouverture \u00e0 l\u2019international. Celle-ci sera utilis\u00e9e comme un support p\u00e9dagogique mais \u00e9galement comme une finalit\u00e9 pour motiver les personnels et amener les \u00e9l\u00e8ves \u00e0 devenir des citoyens europ\u00e9ens<\/p>\n<p>Le projet fera en effet largement usage de la plateforme etwinning gr\u00e2ce au projet d\u2019\u00e9changes de mascottes entre \u00a0\u00e9l\u00e8ves partenaires \u2018\u2019Flat Octave and his friends\u2019\u2019, inclus dans le projet de formation ERASMUS BONI\u00a0 .<\/p>\n<p>Lien vers l&rsquo;espace projet eTwinning<\/p>\n<p><a href=\"https:\/\/twinspace.etwinning.net\/90012\/home\">https:\/\/twinspace.etwinning.net\/90012\/home<\/a><\/p>\n<p><strong><em><u>D\u00e9roulement<\/u><\/em><\/strong><\/p>\n<p>Dur\u00e9e\u00a0:24 mois<\/p>\n<p><strong>3 grands volets d\u2019activit\u00e9s et \u00a0production d\u2019une banque de ressources p\u00e9dagogiques publi\u00e9e sur la plateforme eTwinning \u00e0 destination de la communaut\u00e9 \u00e9ducative.<\/strong><\/p>\n<p><strong><em><u>1\u00a0:Phases d\u2019observation d\u2019autres syst\u00e8mes scolaires \u00a0r\u00e9put\u00e9s pour leur excellence ou\u00a0 offrant \u00a0des pistes p\u00e9dagogiques novatrices , int\u00e9ressantes pour notre \u00e9tablissement\u00a0 <\/u><\/em><\/strong><\/p>\n<p><strong><em><u>Axes d\u2019observation retenus<\/u><\/em><\/strong><\/p>\n<p><strong><em><u>Axe 1 : Bonheur, inclusion et lutte contre l\u2019\u00e9chec scolaire<\/u><\/em><\/strong><\/p>\n<p><strong><em>\u00a0 <u>Axe 2\u00a0: Climat scolaire<\/u><\/em><\/strong><\/p>\n<p><strong><em>\u00a0\u00a0 <u>Axe 3\u00a0: Education interculturelle<\/u><\/em><\/strong><\/p>\n<p><strong><em><u>2\u00a0: Accueil des d\u00e9l\u00e9gations des pays partenaires dans les classes et mise en place du projet d\u2019\u00e9changes entre les \u00e9l\u00e8ves \u2018\u2019Flat Octave and his friends\u2019\u2019<\/u><\/em><\/strong><\/p>\n<p>Production collaborative \u00e9l\u00e8ves\u00a0: journal de voyage num\u00e9rique des mascottes<\/p>\n<p><strong><em>3\u00a0:<u>Participation \u00e0 des cours structur\u00e9s \u2018\u2019Hors temps scolaire\u2018\u2019<\/u><\/em><\/strong><\/p>\n<p><strong>Mmes Allard, Martin, Lovillo, Albertini, Michalet\u00b2<br \/>\n<\/strong><\/p>\n<h1><span style=\"color: #ff6600\">Notre journal de projet<\/span> (en anglais)<\/h1>\n<p><a href=\"https:\/\/docs.google.com\/presentation\/d\/e\/2PACX-1vS4r5ywg27i_W8IA-_O0got3HDSMEG_4dXgrwNcKe6TT1b3ivohJHzXhNZrt4tzcw\/pub?start=true&amp;loop=true&amp;delayms=5000#slide=id.gcd6deac41e_0_53\">lien<\/a><\/p>\n<p><img loading=\"lazy\" decoding=\"async\" class=\"alignnone size-full wp-image-1714\" src=\"https:\/\/ecole.ac-nice.fr\/nice3\/tordo\/wp-content\/uploads\/sites\/8\/2019\/09\/2020-05-17_190611.jpg\" alt=\"\" width=\"403\" height=\"534\" srcset=\"https:\/\/ecole.ac-nice.fr\/nice3\/tordo\/wp-content\/uploads\/sites\/8\/2019\/09\/2020-05-17_190611.jpg 403w, https:\/\/ecole.ac-nice.fr\/nice3\/tordo\/wp-content\/uploads\/sites\/8\/2019\/09\/2020-05-17_190611-226x300.jpg 226w\" sizes=\"auto, (max-width: 403px) 100vw, 403px\" \/><\/p>\n<h2><span style=\"color: #ff0000\"><strong>L&rsquo;article consacr\u00e9 au projet sur le site de la DRAREIC de l&rsquo;acad\u00e9mie de Nice<\/strong><\/span><\/h2>\n<p><a href=\"http:\/\/www2.ac-nice.fr\/cid152684\/projet-etwinning-the-adventures-of-flat-octave-and-his-friends.html\">http:\/\/www2.ac-nice.fr\/cid152684\/projet-etwinning-the-adventures-of-flat-octave-and-his-friends.html<\/a><\/p>\n<p><img loading=\"lazy\" decoding=\"async\" class=\"alignnone size-full wp-image-2071\" src=\"https:\/\/ecole.ac-nice.fr\/nice3\/tordo\/wp-content\/uploads\/sites\/8\/2019\/09\/Presentation-sans-titre.jpg\" alt=\"\" width=\"960\" height=\"540\" srcset=\"https:\/\/ecole.ac-nice.fr\/nice3\/tordo\/wp-content\/uploads\/sites\/8\/2019\/09\/Presentation-sans-titre.jpg 960w, https:\/\/ecole.ac-nice.fr\/nice3\/tordo\/wp-content\/uploads\/sites\/8\/2019\/09\/Presentation-sans-titre-300x169.jpg 300w, https:\/\/ecole.ac-nice.fr\/nice3\/tordo\/wp-content\/uploads\/sites\/8\/2019\/09\/Presentation-sans-titre-768x432.jpg 768w, https:\/\/ecole.ac-nice.fr\/nice3\/tordo\/wp-content\/uploads\/sites\/8\/2019\/09\/Presentation-sans-titre-500x281.jpg 500w\" sizes=\"auto, (max-width: 960px) 100vw, 960px\" \/><\/p>\n<h4><span style=\"color: #ff0000\">\u00a0\u00bbThe adventures of Flat Octave and his friends \u00a0\u00bb: Label qualit\u00e9 national\u00a0 eTwinning<\/span><strong><span style=\"color: #ff0000\"><br \/>\n<\/span><\/strong><\/h4>\n<p><img loading=\"lazy\" decoding=\"async\" class=\"alignnone size-full wp-image-2073\" src=\"https:\/\/ecole.ac-nice.fr\/nice3\/tordo\/wp-content\/uploads\/sites\/8\/2019\/09\/b5190d16ad1c63e_nql_fr1.jpg\" alt=\"\" width=\"2339\" height=\"1653\" srcset=\"https:\/\/ecole.ac-nice.fr\/nice3\/tordo\/wp-content\/uploads\/sites\/8\/2019\/09\/b5190d16ad1c63e_nql_fr1.jpg 2339w, https:\/\/ecole.ac-nice.fr\/nice3\/tordo\/wp-content\/uploads\/sites\/8\/2019\/09\/b5190d16ad1c63e_nql_fr1-300x212.jpg 300w, https:\/\/ecole.ac-nice.fr\/nice3\/tordo\/wp-content\/uploads\/sites\/8\/2019\/09\/b5190d16ad1c63e_nql_fr1-1024x724.jpg 1024w, https:\/\/ecole.ac-nice.fr\/nice3\/tordo\/wp-content\/uploads\/sites\/8\/2019\/09\/b5190d16ad1c63e_nql_fr1-768x543.jpg 768w, https:\/\/ecole.ac-nice.fr\/nice3\/tordo\/wp-content\/uploads\/sites\/8\/2019\/09\/b5190d16ad1c63e_nql_fr1-1536x1086.jpg 1536w, https:\/\/ecole.ac-nice.fr\/nice3\/tordo\/wp-content\/uploads\/sites\/8\/2019\/09\/b5190d16ad1c63e_nql_fr1-2048x1447.jpg 2048w, https:\/\/ecole.ac-nice.fr\/nice3\/tordo\/wp-content\/uploads\/sites\/8\/2019\/09\/b5190d16ad1c63e_nql_fr1-425x300.jpg 425w\" sizes=\"auto, (max-width: 2339px) 100vw, 2339px\" \/><\/p>\n<p><img loading=\"lazy\" decoding=\"async\" class=\"alignnone size-full wp-image-2074\" src=\"https:\/\/ecole.ac-nice.fr\/nice3\/tordo\/wp-content\/uploads\/sites\/8\/2019\/09\/b5190d16ad1c63e_pupil_fr.jpg\" alt=\"\" width=\"2339\" height=\"1653\" srcset=\"https:\/\/ecole.ac-nice.fr\/nice3\/tordo\/wp-content\/uploads\/sites\/8\/2019\/09\/b5190d16ad1c63e_pupil_fr.jpg 2339w, https:\/\/ecole.ac-nice.fr\/nice3\/tordo\/wp-content\/uploads\/sites\/8\/2019\/09\/b5190d16ad1c63e_pupil_fr-300x212.jpg 300w, https:\/\/ecole.ac-nice.fr\/nice3\/tordo\/wp-content\/uploads\/sites\/8\/2019\/09\/b5190d16ad1c63e_pupil_fr-1024x724.jpg 1024w, https:\/\/ecole.ac-nice.fr\/nice3\/tordo\/wp-content\/uploads\/sites\/8\/2019\/09\/b5190d16ad1c63e_pupil_fr-768x543.jpg 768w, https:\/\/ecole.ac-nice.fr\/nice3\/tordo\/wp-content\/uploads\/sites\/8\/2019\/09\/b5190d16ad1c63e_pupil_fr-1536x1086.jpg 1536w, https:\/\/ecole.ac-nice.fr\/nice3\/tordo\/wp-content\/uploads\/sites\/8\/2019\/09\/b5190d16ad1c63e_pupil_fr-2048x1447.jpg 2048w, https:\/\/ecole.ac-nice.fr\/nice3\/tordo\/wp-content\/uploads\/sites\/8\/2019\/09\/b5190d16ad1c63e_pupil_fr-425x300.jpg 425w\" sizes=\"auto, (max-width: 2339px) 100vw, 2339px\" \/><\/p>\n<h2><\/h2>\n","protected":false},"excerpt":{"rendered":"<p>Description du projet ERASMUS + BONI (2019-2021), labellis\u00e9 \u00a0\u00bbBonne pratique\u00a0\u00bb: L\u2019objectif g\u00e9n\u00e9ral est de mieux g\u00e9rer les difficult\u00e9s d\u2019apprentissage de la population scolaire de l\u2019\u00e9cole en confrontant les pratiques p\u00e9dagogiques de l\u2019\u00e9tablissement \u00e0 celles des partenaires europ\u00e9ens pour engager une &hellip; <a href=\"https:\/\/ecole.ac-nice.fr\/nice3\/tordo\/2019\/09\/28\/boni-ou-le-bonheur-a-lecole-du-21-eme-siecle-pour-favoriser-linclusion-de-tous-les-eleves\/\">Continuer la lecture <span class=\"meta-nav\">&rarr;<\/span><\/a><\/p>\n","protected":false},"author":10,"featured_media":0,"comment_status":"closed","ping_status":"open","sticky":false,"template":"","format":"standard","meta":{"footnotes":""},"categories":[77],"tags":[],"class_list":["post-1172","post","type-post","status-publish","format-standard","hentry","category-boni"],"_links":{"self":[{"href":"https:\/\/ecole.ac-nice.fr\/nice3\/tordo\/wp-json\/wp\/v2\/posts\/1172","targetHints":{"allow":["GET"]}}],"collection":[{"href":"https:\/\/ecole.ac-nice.fr\/nice3\/tordo\/wp-json\/wp\/v2\/posts"}],"about":[{"href":"https:\/\/ecole.ac-nice.fr\/nice3\/tordo\/wp-json\/wp\/v2\/types\/post"}],"author":[{"embeddable":true,"href":"https:\/\/ecole.ac-nice.fr\/nice3\/tordo\/wp-json\/wp\/v2\/users\/10"}],"replies":[{"embeddable":true,"href":"https:\/\/ecole.ac-nice.fr\/nice3\/tordo\/wp-json\/wp\/v2\/comments?post=1172"}],"version-history":[{"count":12,"href":"https:\/\/ecole.ac-nice.fr\/nice3\/tordo\/wp-json\/wp\/v2\/posts\/1172\/revisions"}],"predecessor-version":[{"id":2239,"href":"https:\/\/ecole.ac-nice.fr\/nice3\/tordo\/wp-json\/wp\/v2\/posts\/1172\/revisions\/2239"}],"wp:attachment":[{"href":"https:\/\/ecole.ac-nice.fr\/nice3\/tordo\/wp-json\/wp\/v2\/media?parent=1172"}],"wp:term":[{"taxonomy":"category","embeddable":true,"href":"https:\/\/ecole.ac-nice.fr\/nice3\/tordo\/wp-json\/wp\/v2\/categories?post=1172"},{"taxonomy":"post_tag","embeddable":true,"href":"https:\/\/ecole.ac-nice.fr\/nice3\/tordo\/wp-json\/wp\/v2\/tags?post=1172"}],"curies":[{"name":"wp","href":"https:\/\/api.w.org\/{rel}","templated":true}]}}